{"id":7191,"date":"2016-10-30T12:52:17","date_gmt":"2016-10-30T09:52:17","guid":{"rendered":"http:\/\/emlaktuel.com\/?p=7191"},"modified":"2018-07-05T15:07:58","modified_gmt":"2018-07-05T12:07:58","slug":"mega-projelerle-konut-fiyatlari-tavan-yapti","status":"publish","type":"post","link":"https:\/\/emlaktuel.com\/?p=7191","title":{"rendered":"Mega projelerle konut fiyatlar\u0131 tavan yapt\u0131!"},"content":{"rendered":"<h1 class=\"news-detail-title selectionShareable\">\u0130stanbul&#8217;da yap\u0131lan mega projeler ve kentsel d\u00f6n\u00fc\u015f\u00fcm nedeniyle \u0130stanbul&#8217;daki gayrimenkullerin toplam de\u011feri, 3 y\u0131lda ikiye katlanarak 1,5 trilyon lira seviyesine ula\u015ft\u0131.<\/h1>\n<div class=\"clear\"><\/div>\n<div>\n<p>Remax \u015firketinin T\u00fcrkiye Direkt\u00f6r\u00fc G\u00f6khan Karahan, \u0130stanbul&#8217;daki emlak fiyatlar\u0131n\u0131n toplam de\u011feri, Bo\u011faz&#8217;daki yal\u0131lar hari\u00e7 2013&#8217;te yakla\u015f\u0131k 665.6 milyar lira iken, rnega projelerin ge\u00e7ti\u011fi yerler ve kentsel d\u00f6n\u00fc\u015f\u00fcm\u00fcn etkisiyle 2016 y\u0131l\u0131nda 1 trilyon 139.2 milyar TL&#8217;ye y\u00fckseldi\u011fini a\u00e7\u0131klad\u0131.<\/p>\n<h2>3. K\u00d6PR\u00dc CEPLER\u0130 DOLDURUYOR<\/h2>\n<p>Yavuz Sultan Selim K\u00f6pr\u00fcs\u00fc&#8217;n\u00fcn g\u00fczerg\u00e2h\u0131nda bulunan Sultangazi&#8217;de konut fiyatlar\u0131 3 y\u0131lda y\u00fczde 73 artarken, k\u00f6pr\u00fcye yak\u0131n Ba\u015fak\u015fehir&#8217;dek\u0131 emlak fiyatlar\u0131 y\u00fczde 88 art\u0131\u015f g\u00f6sterdi. K\u00f6pr\u00fcn\u00fcn ba\u011flant\u0131 yolunun oldu\u011fu B\u00fcy\u00fck\u00e7ekmece&#8217;deki emlak fiyat\u0131 da y\u00fczde 85 artt\u0131.<\/p>\n<h2>ATA\u015eEH\u0130R KAZANDIRIYOR<\/h2>\n<p>Markal\u0131 konutlar\u0131n Ata\u015feh\u0131r il\u00e7esinde yo\u011funla\u015fmas\u0131 ile birlikte, il\u00e7ede emlak fiyat\u0131 art\u0131\u015f\u0131 \u00fc\u00e7 y\u0131lda y\u00fczde 102 oldu.<\/p>\n<h2>MALTEPE&#8217;DE Y\u00dcZLER G\u00dcL\u00dcYOR<\/h2>\n<p>Yine bir ba\u015fka Proje, Maltepe Meydan\u0131 ise il\u00e7edeki emlak fiyatlar\u0131n\u0131 u\u00e7urdu. Maltepe&#8217;de 3 y\u0131ll\u0131k art\u0131\u015f miktar\u0131 y\u00fczde 96&#8217;ya ula\u015ft\u0131.<\/p>\n<p>2009 y\u0131l\u0131nda, Ey\u00fcp, \u00c7atalca, Arnavutk\u00f6y, Sar\u0131yer ve Beykoz&#8217;daki arsalar\u0131n d\u00f6n\u00fcm\u00fc 500 TL idi. 2013&#8217;te 10 bin TL&#8217;den sat\u0131l\u0131rken, 3.Bo\u011faz K\u00f6pr\u00fcs\u00fc Yavuz Sultan Selim &#8216;in b\u00f6lgeden ge\u00e7mesiyle birlikte bug\u00fcn bu il\u00e7elerdeki fiyatlar 50-60 bin TL&#8217;ye y\u00fckseldi.<\/p>\n<p>Arsa uzmanlar\u0131, mega projelerin bulundu\u011fu alanlardaki arsalar\u0131n de\u011ferlerinin de 400 milyar TL&#8217;ye ula\u015ft\u0131\u011f\u0131n\u0131 ifade ederek fiyatlar\u0131n Levent&#8217;teki arsalarla yar\u0131\u015ft\u0131\u011f\u0131n\u0131 s\u00f6yledi.<\/p>\n<p>G\u00fcncel Posta<\/p>\n<\/div>\n","protected":false},"excerpt":{"rendered":"<p>\u0130stanbul&#8217;da yap\u0131lan mega projeler ve kentsel d\u00f6n\u00fc\u015f\u00fcm nedeniyle \u0130stanbul&#8217;daki gayrimenkullerin toplam de\u011feri, 3 y\u0131lda ikiye katlanarak 1,5 trilyon lira seviyesine ula\u015ft\u0131. Remax \u015firketinin T\u00fcrkiye Direkt\u00f6r\u00fc G\u00f6khan Karahan, \u0130stanbul&#8217;daki emlak fiyatlar\u0131n\u0131n toplam de\u011feri, Bo\u011faz&#8217;daki yal\u0131lar hari\u00e7 2013&#8217;te yakla\u015f\u0131k 665.6 milyar lira iken, rnega projelerin ge\u00e7ti\u011fi yerler ve kentsel d\u00f6n\u00fc\u015f\u00fcm\u00fcn etkisiyle 2016 y\u0131l\u0131nda 1 trilyon 139.2 milyar [&hellip;]<\/p>\n","protected":false},"author":1,"featured_media":6179,"comment_status":"open","ping_status":"open","sticky":false,"template":"","format":"standard","meta":{"ngg_post_thumbnail":0},"categories":[221,26],"tags":[11088,318,594,903,11165,80,11301,1275,4631,4630,106,503],"_links":{"self":[{"href":"https:\/\/emlaktuel.com\/index.php?rest_route=\/wp\/v2\/posts\/7191"}],"collection":[{"href":"https:\/\/emlaktuel.com\/index.php?rest_route=\/wp\/v2\/posts"}],"about":[{"href":"https:\/\/emlaktuel.com\/index.php?rest_route=\/wp\/v2\/types\/post"}],"author":[{"embeddable":true,"href":"https:\/\/emlaktuel.com\/index.php?rest_route=\/wp\/v2\/users\/1"}],"replies":[{"embeddable":true,"href":"https:\/\/emlaktuel.com\/index.php?rest_route=%2Fwp%2Fv2%2Fcomments&post=7191"}],"version-history":[{"count":1,"href":"https:\/\/emlaktuel.com\/index.php?rest_route=\/wp\/v2\/posts\/7191\/revisions"}],"predecessor-version":[{"id":7192,"href":"https:\/\/emlaktuel.com\/index.php?rest_route=\/wp\/v2\/posts\/7191\/revisions\/7192"}],"wp:featuredmedia":[{"embeddable":true,"href":"https:\/\/emlaktuel.com\/index.php?rest_route=\/wp\/v2\/media\/6179"}],"wp:attachment":[{"href":"https:\/\/emlaktuel.com\/index.php?rest_route=%2Fwp%2Fv2%2Fmedia&parent=7191"}],"wp:term":[{"taxonomy":"category","embeddable":true,"href":"https:\/\/emlaktuel.com\/index.php?rest_route=%2Fwp%2Fv2%2Fcategories&post=7191"},{"taxonomy":"post_tag","embeddable":true,"href":"https:\/\/emlaktuel.com\/index.php?rest_route=%2Fwp%2Fv2%2Ftags&post=7191"}],"curies":[{"name":"wp","href":"https:\/\/api.w.org\/{rel}","templated":true}]}}