{"id":7128,"date":"2016-10-28T10:45:00","date_gmt":"2016-10-28T07:45:00","guid":{"rendered":"http:\/\/emlaktuel.com\/?p=7128"},"modified":"2018-07-05T15:06:57","modified_gmt":"2018-07-05T12:06:57","slug":"galatasaray-uskumrukoye-tasiniyor","status":"publish","type":"post","link":"https:\/\/emlaktuel.com\/?p=7128","title":{"rendered":"Galatasaray Uskumruk\u00f6y&#8217;e ta\u015f\u0131n\u0131yor!"},"content":{"rendered":"<h1 class=\"news-detail-title selectionShareable\">Galatasaray&#8217;\u0131n Florya&#8217;da bulunan tesislerini Emlak Konut&#8217;a devredece\u011fi araziye kar\u015f\u0131l\u0131k yeni tesislerini kurmak i\u00e7in alaca\u011f\u0131 arazinin Sar\u0131yer&#8217;de olmas\u0131 kesinle\u015fmi\u015fti.<\/h1>\n<div class=\"clear-01\"><\/div>\n<div class=\"date-icon\"><strong>\u00a0Galatasaray&#8217;\u0131n Florya<\/strong>&#8216;da bulunan tesislerini Emlak Konut&#8217;a devredece\u011fi araziye kar\u015f\u0131l\u0131k yeni tesislerini kurmak i\u00e7in alaca\u011f\u0131 arazinin Sar\u0131yer&#8217;de olmas\u0131 kesinle\u015fmi\u015fti. TOK\u0130&#8217;nin g\u00f6sterdi\u011fi araziler i\u00e7inde y\u00f6netim150 d\u00f6n\u00fcmden biraz fazla bir arazi i\u00e7in son fizibilite \u00e7al\u0131\u015fmalar\u0131n\u0131 ger\u00e7ekle\u015ftiriyor.<\/div>\n<div>\n<p>Uskumruk\u00f6y&#8217;de oldu\u011fu bildirilern bu arazi <strong>TT Arena&#8217;<\/strong>ya yakla\u015f\u0131k 23 kilometre uzakl\u0131kta&#8230; <strong>G\u00fcm\u00fc\u015fdere<\/strong>, K\u0131s\u0131rkaya K\u00f6y\u00fc ve bu \u00e7evrede g\u00f6sterilen di\u011fer arazilere ise y\u00f6netimden veto geldi. \u015eu anda idman yap\u0131lan <strong>Florya Metin Oktay Tesisleri<\/strong> ile TT Arena aras\u0131ndaki mesafe 31 kilometre uzakl\u0131kta.<\/p>\n<h2>FLORYA&#8217;DAN TES\u0130SLER TA\u015eININCA EVLER NE OLACAK?<\/h2>\n<p>\u0130lk sezon i\u00e7inde Uskumruk\u00f6y&#8217;e girmeye haz\u0131rlanan Galatasaray&#8217;da s\u00fcrpriz bir kriz ortaya \u00e7\u0131kt\u0131&#8230; teknik direkt\u00f6r <strong>Jan Olde Riekerink<\/strong> ve <strong>Wesley Sneijder<\/strong> de dahil olmak \u00fczere Galatasaray&#8217;da pek \u00e7ok isim idman tesislerine yak\u0131nl\u0131\u011f\u0131ndan dolay\u0131 Florya&#8217;da oturuyor. Sar\u0131-k\u0131rm\u0131z\u0131l\u0131lar\u0131n tesislerinin Sar\u0131yer&#8217;e ta\u015f\u0131nmas\u0131n\u0131n netle\u015fmesinden sonra kul\u00fcp arazi bakarken, yeni yap\u0131lacak tesisler futbolcular\u0131n da evlerini ta\u015f\u0131mas\u0131na neden olacak. \u00c7\u00fcnk\u00fc Florya&#8217;da oturup <strong>Sar\u0131yer<\/strong>&#8216;de idmana gelmek yakla\u015f\u0131k 50 kilometrelik bir yol anlam\u0131na gelecek.Sar\u0131-k\u0131rm\u0131z\u0131l\u0131 futbolcular\u0131n bu duruma nas\u0131l tepki verecekleri \u015fimdilik bilinmiyor.<\/p>\n<p>Fotoma\u00e7<\/p>\n<\/div>\n","protected":false},"excerpt":{"rendered":"<p>Galatasaray&#8217;\u0131n Florya&#8217;da bulunan tesislerini Emlak Konut&#8217;a devredece\u011fi araziye kar\u015f\u0131l\u0131k yeni tesislerini kurmak i\u00e7in alaca\u011f\u0131 arazinin Sar\u0131yer&#8217;de olmas\u0131 kesinle\u015fmi\u015fti. \u00a0Galatasaray&#8217;\u0131n Florya&#8216;da bulunan tesislerini Emlak Konut&#8217;a devredece\u011fi araziye kar\u015f\u0131l\u0131k yeni tesislerini kurmak i\u00e7in alaca\u011f\u0131 arazinin Sar\u0131yer&#8217;de olmas\u0131 kesinle\u015fmi\u015fti. TOK\u0130&#8217;nin g\u00f6sterdi\u011fi araziler i\u00e7inde y\u00f6netim150 d\u00f6n\u00fcmden biraz fazla bir arazi i\u00e7in son fizibilite \u00e7al\u0131\u015fmalar\u0131n\u0131 ger\u00e7ekle\u015ftiriyor. Uskumruk\u00f6y&#8217;de oldu\u011fu bildirilern bu [&hellip;]<\/p>\n","protected":false},"author":1,"featured_media":7129,"comment_status":"open","ping_status":"open","sticky":false,"template":"","format":"standard","meta":{"ngg_post_thumbnail":0},"categories":[26],"tags":[62,459,11430,4558,268,4556,3841,4557,4559,80,4445,267,4515],"_links":{"self":[{"href":"https:\/\/emlaktuel.com\/index.php?rest_route=\/wp\/v2\/posts\/7128"}],"collection":[{"href":"https:\/\/emlaktuel.com\/index.php?rest_route=\/wp\/v2\/posts"}],"about":[{"href":"https:\/\/emlaktuel.com\/index.php?rest_route=\/wp\/v2\/types\/post"}],"author":[{"embeddable":true,"href":"https:\/\/emlaktuel.com\/index.php?rest_route=\/wp\/v2\/users\/1"}],"replies":[{"embeddable":true,"href":"https:\/\/emlaktuel.com\/index.php?rest_route=%2Fwp%2Fv2%2Fcomments&post=7128"}],"version-history":[{"count":2,"href":"https:\/\/emlaktuel.com\/index.php?rest_route=\/wp\/v2\/posts\/7128\/revisions"}],"predecessor-version":[{"id":7131,"href":"https:\/\/emlaktuel.com\/index.php?rest_route=\/wp\/v2\/posts\/7128\/revisions\/7131"}],"wp:featuredmedia":[{"embeddable":true,"href":"https:\/\/emlaktuel.com\/index.php?rest_route=\/wp\/v2\/media\/7129"}],"wp:attachment":[{"href":"https:\/\/emlaktuel.com\/index.php?rest_route=%2Fwp%2Fv2%2Fmedia&parent=7128"}],"wp:term":[{"taxonomy":"category","embeddable":true,"href":"https:\/\/emlaktuel.com\/index.php?rest_route=%2Fwp%2Fv2%2Fcategories&post=7128"},{"taxonomy":"post_tag","embeddable":true,"href":"https:\/\/emlaktuel.com\/index.php?rest_route=%2Fwp%2Fv2%2Ftags&post=7128"}],"curies":[{"name":"wp","href":"https:\/\/api.w.org\/{rel}","templated":true}]}}