{"id":7113,"date":"2016-10-27T11:37:56","date_gmt":"2016-10-27T08:37:56","guid":{"rendered":"http:\/\/emlaktuel.com\/?p=7113"},"modified":"2018-07-05T15:06:46","modified_gmt":"2018-07-05T12:06:46","slug":"moment-bestepe-ofis-kavramini-degistiriyor","status":"publish","type":"post","link":"https:\/\/emlaktuel.com\/?p=7113","title":{"rendered":"Moment Be\u015ftepe, ofis kavram\u0131n\u0131 de\u011fi\u015ftiriyor"},"content":{"rendered":"<div class=\"hz_top_post\">\n<div class=\"hz_title_and_meta\">\n<div class=\"hz_title\">\n<h1><i class=\"fa fa-folder-open\"><\/i>T\u00fcrkiye\u2019nin kalbi, Ankara\u2019n\u0131n merkezi Be\u015ftepe\u2019de hayata ge\u00e7irilen Moment Be\u015ftepe uygun \u00f6deme ko\u015fullar\u0131 ile hayalinizdeki ofise kavu\u015fturacak.<\/h1>\n<\/div>\n<\/div>\n<\/div>\n<div class=\"hz_main_post_content\">\n<div class=\"big_post_content\">Ofis kavram\u0131na yeni bir yorum getiren <strong>Moment Be\u015ftepe<\/strong> projesi al\u0131\u015f\u0131lm\u0131\u015f ofislerden daha farkl\u0131, daha yenilik\u00e7i bir anlay\u0131\u015fla in\u015fa ediliyor. Sahip oldu\u011fu \u00f6zellikler ile k\u00e2rl\u0131 bir i\u015f hayat\u0131n\u0131n yan\u0131 s\u0131ra ofis sahiplerinin ve \u00e7al\u0131\u015fanlar\u0131n\u0131n beden ve ruh sa\u011fl\u0131klar\u0131n\u0131 da \u00f6nem veren Moment Be\u015ftepe Ofis, proje al\u0131\u015f\u0131lagelmi\u015f ofis standartlar\u0131n\u0131 y\u00fckseltiyor.<\/div>\n<div class=\"big_post_content\">Moment Be\u015ftepe Ofis, \u00e7al\u0131\u015fanlar i\u00e7in zaman\u0131n de\u011ferini \u00f6nemseyerek; keyifle mola verebilecekleri ve sosyalle\u015febilecekleri alanlar\u0131, ofislerinin sadece bir ad\u0131m uza\u011f\u0131na getiriyor. Ofis sahiplerinin ve \u00e7al\u0131\u015fanlar\u0131n zihinlerini yenileyebilmeleri ve dinlenebilmeleri i\u00e7in d\u00fcnyan\u0131n \u00f6nde gelen markalar\u0131n\u0131n ofislerinde rastlanan uyku odalar\u0131, yo\u011fun i\u015f stresinden ar\u0131nabilmeleri i\u00e7in yoga\/pilates salonu, dinginli\u011finizi art\u0131rabilmek i\u00e7in zen bah\u00e7eleri, t\u00fcm ihtiya\u00e7lar\u0131n\u0131z\u0131n kar\u015f\u0131lanaca\u011f\u0131 ferah toplant\u0131 odalar\u0131, farkl\u0131 bir atmosferde kaliteli zaman ge\u00e7irebilece\u011finiz cafelerin ve restoranlar\u0131n yer ald\u0131\u011f\u0131 mola soka\u011f\u0131, sabah\u0131n erken saatlerinde sizi s\u0131ms\u0131cak kahve kokusuyla kar\u015f\u0131layacak olan Moment Cafe&#8217;si, \u00e7al\u0131\u015fanlar i\u00e7in tabldot yemekhanesi ve nefes alabilen yenilik\u00e7i tasar\u0131m\u0131 sayesinde \u2018ofis&#8217; ya\u015fam\u0131nda fark sa\u011fl\u0131yor.Proje, sundu\u011fu zengin sosyal imk\u00e2nlar\u0131n yan\u0131 s\u0131ra, 15 Kas\u0131m&#8217;a kadar devam edecek olan cazip kampanyas\u0131 ve ki\u015fiye \u00f6zel \u00f6deme se\u00e7enekleri ile en prestijli ofis projesi olarak y\u00fckseliyor.<img class=\"hz_appear_detail hz_appear\" src=\"http:\/\/i.emlaktasondakika.com\/Files\/EditorImages\/images\/moment-bestepe-ofis.jpg\" alt=\"\" \/><\/p>\n<h4>MOMENT BE\u015eTEPE T\u00dcRK\u0130YE&#8217;N\u0130N KALB\u0130NDE YER ALIYOR<\/h4>\n<p>T\u00fcrkiye&#8217;nin kalbi, Ankara&#8217;n\u0131n merkezi Be\u015ftepe&#8217;de y\u00fckselen proje, Cumhurba\u015fkanl\u0131\u011f\u0131 K\u00fclliyesi&#8217;nin kar\u015f\u0131s\u0131nda in\u015fa ediliyor ve e\u015fsiz bir Orman ve \u015fehir manzaras\u0131 sunuyor. Moment Be\u015ftepe Ofis, \u015eehrin tam merkezinde, ana yollar\u0131n ve merkezi i\u015f aks\u0131n\u0131n\u0131n hemen \u00fczerinde yer al\u0131yor. Yo\u011fun trafik karma\u015fas\u0131na tak\u0131lmadan kolayca ula\u015fabilece\u011finiz \u00e7ok k\u0131ymetli bir lokasyonda yer al\u0131yor. Bu da projeyi daha da de\u011ferli hale getiriyor. Bunlar\u0131n yan\u0131 s\u0131ra e\u015fsiz manzaras\u0131, Atat\u00fcrk Orman \u00c7iftli\u011fi&#8217;nin ye\u015filini binas\u0131na ta\u015f\u0131yan mimarisi ile en fonksiyonlu ofis projesi olarak dikkat \u00e7eken proje, a\u00e7\u0131labilir pencereleri ve ye\u015fillikle kapl\u0131 geni\u015f teraslar\u0131 ve balkonlar\u0131 ile de huzurlu ve farkl\u0131 bir \u00e7al\u0131\u015fma ortam\u0131 sunuyor.<img class=\"hz_appear_detail hz_appear\" src=\"http:\/\/i.emlaktasondakika.com\/Files\/EditorImages\/images\/moment%20bestepe%20dinlenme.jpg\" alt=\"\" \/><\/p>\n<h4>ULA\u015eMAK H\u0130\u00c7 BU KADAR KOLAY OLMADI<\/h4>\n<p>Be\u015ftepe Moment Projesi, sundu\u011fu do\u011fal g\u00fczelliklerin yan\u0131 s\u0131ra, lokasyonu ile de adeta g\u00f6z dolduruyor. Projenin, Eski\u015fehir, Konya Yolu ve en ak\u0131c\u0131 alternatif olan Sak\u0131p Sabanc\u0131 Bulvar\u0131&#8217;na bir dakika mesafede olmas\u0131, toplu ta\u015f\u0131ma ara\u00e7lar\u0131 ile metroya olan mesafesi dikkat \u00e7ekiyor. Yat\u0131r\u0131mc\u0131lar ve \u00e7al\u0131\u015fanlar, projenin lokasyonu sayesinde trafikte ge\u00e7irilen zaman dilimini azaltm\u0131\u015f oluyor. Ofisine ula\u015fan \u00e7al\u0131\u015fanlar\u0131 ve misafirleri g\u00fcvenlikli, \u015f\u0131k, konforlu, her t\u00fcrl\u00fc detay\u0131 d\u00fc\u015f\u00fcn\u00fclm\u00fc\u015f bir lobi ve detaylar\u0131 titizlikle d\u00fc\u015f\u00fcn\u00fclm\u00fc\u015f, kaliteli i\u015f\u00e7ilikle i\u015flenmi\u015f prestijli bir ofis projesi kar\u015f\u0131l\u0131yor. Lobide bulunan Moment Cafe ise g\u00fcn\u00fcn s\u0131ms\u0131cak sohbetler, ho\u015f lezzetler ve enfes bir kahvalt\u0131yla ba\u015flamas\u0131na, g\u00fcn i\u00e7inde mutlu molalar verilmesine vesile olurken, misafirlerinizi toplant\u0131lar\u0131n\u0131zdan \u00f6nce s\u0131cak bir ortamda a\u011f\u0131rlayabilece\u011finiz ve birbirinden g\u00fczel ikramlarda bulunabilece\u011finiz, t\u00fcm projeye hizmet veren bir alan olarak kar\u015f\u0131m\u0131za \u00e7\u0131k\u0131yor.<img class=\"hz_appear_detail hz_appear\" src=\"http:\/\/i.emlaktasondakika.com\/Files\/EditorImages\/images\/moment-bestepe.jpg\" alt=\"\" \/><\/p>\n<h4>ANAHTAR TESL\u0130M DEKORASYONLU OF\u0130SLER<\/h4>\n<p>Moment Be\u015ftepe Ofis projesi, \u00e7al\u0131\u015fanlar\u0131 ve zamanlar\u0131n\u0131 d\u00fc\u015f\u00fcnerek ofisleri Kampanya s\u00fcresince dekorasyonlar\u0131 yap\u0131lm\u0131\u015f halde teslim ediyor. Ofis sahipleri, bu sayede dekorasyon i\u00e7in masraf etmeden anahtar\u0131 \u00e7evirdi\u011fi anda i\u015fine ba\u015flayabilecek \u015fekilde ofislerini dekorasyonu tamamlanm\u0131\u015f \u015fekilde teslim al\u0131yorlar. Bu i\u015f kayb\u0131n\u0131n \u00f6n\u00fcne ge\u00e7ti\u011fi gibi, kiralamalarda, sat\u0131\u015f s\u00fcrecinde ya da yat\u0131r\u0131m ama\u00e7l\u0131 al\u0131mlarda projeyi daha da de\u011ferli hale getiriyor. Be\u015ftepe&#8217;de ofis yap\u0131labilecek son parselde y\u00fckselen projede ofis sahibi olmak isteyenler, 15 Kas\u0131m&#8217;a kadar pe\u015fin al\u0131mlarda 15% indirim, 12 ay vade farks\u0131z \u00f6deme imkan\u0131 ve dekorasyonlu ofislerde anahtar teslim f\u0131rsatlar\u0131n\u0131n yan\u0131 s\u0131ra anla\u015fmal\u0131 bankalar\u0131n d\u00fc\u015f\u00fck faiz oranlar\u0131yla sundu\u011fu 120 ay vade imkanlar\u0131ndan yararlanabilirler.<\/p><\/div>\n<\/div>\n","protected":false},"excerpt":{"rendered":"<p>T\u00fcrkiye\u2019nin kalbi, Ankara\u2019n\u0131n merkezi Be\u015ftepe\u2019de hayata ge\u00e7irilen Moment Be\u015ftepe uygun \u00f6deme ko\u015fullar\u0131 ile hayalinizdeki ofise kavu\u015fturacak. Ofis kavram\u0131na yeni bir yorum getiren Moment Be\u015ftepe projesi al\u0131\u015f\u0131lm\u0131\u015f ofislerden daha farkl\u0131, daha yenilik\u00e7i bir anlay\u0131\u015fla in\u015fa ediliyor. Sahip oldu\u011fu \u00f6zellikler ile k\u00e2rl\u0131 bir i\u015f hayat\u0131n\u0131n yan\u0131 s\u0131ra ofis sahiplerinin ve \u00e7al\u0131\u015fanlar\u0131n\u0131n beden ve ruh sa\u011fl\u0131klar\u0131n\u0131 da \u00f6nem [&hellip;]<\/p>\n","protected":false},"author":1,"featured_media":7114,"comment_status":"open","ping_status":"open","sticky":false,"template":"","format":"standard","meta":{"ngg_post_thumbnail":0},"categories":[26,219],"tags":[3801,11315,11518,11107,4552,11150,389,106,11102,316],"_links":{"self":[{"href":"https:\/\/emlaktuel.com\/index.php?rest_route=\/wp\/v2\/posts\/7113"}],"collection":[{"href":"https:\/\/emlaktuel.com\/index.php?rest_route=\/wp\/v2\/posts"}],"about":[{"href":"https:\/\/emlaktuel.com\/index.php?rest_route=\/wp\/v2\/types\/post"}],"author":[{"embeddable":true,"href":"https:\/\/emlaktuel.com\/index.php?rest_route=\/wp\/v2\/users\/1"}],"replies":[{"embeddable":true,"href":"https:\/\/emlaktuel.com\/index.php?rest_route=%2Fwp%2Fv2%2Fcomments&post=7113"}],"version-history":[{"count":1,"href":"https:\/\/emlaktuel.com\/index.php?rest_route=\/wp\/v2\/posts\/7113\/revisions"}],"predecessor-version":[{"id":7115,"href":"https:\/\/emlaktuel.com\/index.php?rest_route=\/wp\/v2\/posts\/7113\/revisions\/7115"}],"wp:featuredmedia":[{"embeddable":true,"href":"https:\/\/emlaktuel.com\/index.php?rest_route=\/wp\/v2\/media\/7114"}],"wp:attachment":[{"href":"https:\/\/emlaktuel.com\/index.php?rest_route=%2Fwp%2Fv2%2Fmedia&parent=7113"}],"wp:term":[{"taxonomy":"category","embeddable":true,"href":"https:\/\/emlaktuel.com\/index.php?rest_route=%2Fwp%2Fv2%2Fcategories&post=7113"},{"taxonomy":"post_tag","embeddable":true,"href":"https:\/\/emlaktuel.com\/index.php?rest_route=%2Fwp%2Fv2%2Ftags&post=7113"}],"curies":[{"name":"wp","href":"https:\/\/api.w.org\/{rel}","templated":true}]}}