{"id":7065,"date":"2016-10-26T13:21:10","date_gmt":"2016-10-26T10:21:10","guid":{"rendered":"http:\/\/emlaktuel.com\/?p=7065"},"modified":"2018-07-05T15:06:02","modified_gmt":"2018-07-05T12:06:02","slug":"wesley-sneijder-atakoy-marina-park-residencea-tasindi","status":"publish","type":"post","link":"https:\/\/emlaktuel.com\/?p=7065","title":{"rendered":"Wesley Sneijder, Atak\u00f6y Marina Park Residence&#8217;a ta\u015f\u0131nd\u0131!"},"content":{"rendered":"<h1 class=\"news-detail-title selectionShareable\">Uzun zamand\u0131r Ma\u00e7ka\u2019da ya\u015fayan Wesley Sneijder ve Yolanthe Cabau, Galatasaray\u2019\u0131n Florya\u2019daki tesisine yak\u0131n olmak i\u00e7in ev de\u011fi\u015ftirdi. \u00c7ift Atak\u00f6y sahilindeki bir rezidansa ta\u015f\u0131nd\u0131.<\/h1>\n<p>&nbsp;<\/p>\n<div class=\"clear\"><\/div>\n<div>\n<p>Galatasaray\u2019\u0131n Hollandal\u0131 y\u0131ld\u0131z\u0131 <strong>Wesley Sneijder<\/strong>, \u0130stanbul trafi\u011finden bunald\u0131, ev ta\u015f\u0131d\u0131. \u00dcnl\u00fc futbolcu ile e\u015fi <strong>Yolanthe<\/strong> <strong>Cabau<\/strong>, tak\u0131m\u0131n Florya\u2019daki tesislerine yak\u0131n olabilmek i\u00e7in uzun zamand\u0131r ya\u015fad\u0131klar\u0131 Ma\u00e7ka Residence&#8217;daki evlerini bo\u015falt\u0131p Atak\u00f6y\u2019e gitti. Atak\u00f6y Marina i\u00e7erisindeki <strong>Atak\u00f6y Marina Park Residence<\/strong>\u2019a ta\u015f\u0131nan \u00e7ifte bu de\u011fi\u015fiklik pahal\u0131ya mal oldu.<\/p>\n<div class=\"habericirek\"><\/div>\n<p><strong>Residence<\/strong> i\u00e7inde sadece iki adet bulunan 306 metrekarelik 3+1 dairenin ayl\u0131k kiras\u0131n\u0131n 10 bin euro (yakla\u015f\u0131k 33 bin 500 lira) oldu\u011fu \u00f6\u011frenildi. Kira s\u00f6zle\u015fmesi imzalamadan \u00f6nce minimum bir y\u0131l oturmay\u0131 taahh\u00fct eden Sneijder, bir y\u0131ll\u0131k kira bedeli olan 120 bin Euro\u2019yu da pe\u015fin \u00f6dedi.<\/p>\n<h2>KOM\u015eU WESLEY<\/h2>\n<p>Yolanthe Cabau, ta\u015f\u0131n\u0131r ta\u015f\u0131nmaz b\u00f6lgede ke\u015fif turlar\u0131na ba\u015flad\u0131. \u00c7ift ak\u015famlar\u0131 el ele marinada d\u00fczenli y\u00fcr\u00fcy\u00fc\u015f yap\u0131yor, ard\u0131ndan bir kafede oturup ondan sonra eve ge\u00e7iyor. Weslej Sneijder, kendisine \u201ckom\u015fu\u201d diye seslenen marina \u00e7al\u0131\u015fanlar\u0131na da el sallayarak kar\u015f\u0131l\u0131k veriyor.<\/p>\n<p>H\u00fcrriyet<\/p>\n<\/div>\n","protected":false},"excerpt":{"rendered":"<p>Uzun zamand\u0131r Ma\u00e7ka\u2019da ya\u015fayan Wesley Sneijder ve Yolanthe Cabau, Galatasaray\u2019\u0131n Florya\u2019daki tesisine yak\u0131n olmak i\u00e7in ev de\u011fi\u015ftirdi. \u00c7ift Atak\u00f6y sahilindeki bir rezidansa ta\u015f\u0131nd\u0131. &nbsp; Galatasaray\u2019\u0131n Hollandal\u0131 y\u0131ld\u0131z\u0131 Wesley Sneijder, \u0130stanbul trafi\u011finden bunald\u0131, ev ta\u015f\u0131d\u0131. \u00dcnl\u00fc futbolcu ile e\u015fi Yolanthe Cabau, tak\u0131m\u0131n Florya\u2019daki tesislerine yak\u0131n olabilmek i\u00e7in uzun zamand\u0131r ya\u015fad\u0131klar\u0131 Ma\u00e7ka Residence&#8217;daki evlerini bo\u015falt\u0131p Atak\u00f6y\u2019e gitti. [&hellip;]<\/p>\n","protected":false},"author":1,"featured_media":7066,"comment_status":"open","ping_status":"open","sticky":false,"template":"","format":"standard","meta":{"ngg_post_thumbnail":0},"categories":[20],"tags":[272,11329,4517,268,11419,11521,11554,4518,11441,4515,4516],"_links":{"self":[{"href":"https:\/\/emlaktuel.com\/index.php?rest_route=\/wp\/v2\/posts\/7065"}],"collection":[{"href":"https:\/\/emlaktuel.com\/index.php?rest_route=\/wp\/v2\/posts"}],"about":[{"href":"https:\/\/emlaktuel.com\/index.php?rest_route=\/wp\/v2\/types\/post"}],"author":[{"embeddable":true,"href":"https:\/\/emlaktuel.com\/index.php?rest_route=\/wp\/v2\/users\/1"}],"replies":[{"embeddable":true,"href":"https:\/\/emlaktuel.com\/index.php?rest_route=%2Fwp%2Fv2%2Fcomments&post=7065"}],"version-history":[{"count":1,"href":"https:\/\/emlaktuel.com\/index.php?rest_route=\/wp\/v2\/posts\/7065\/revisions"}],"predecessor-version":[{"id":7067,"href":"https:\/\/emlaktuel.com\/index.php?rest_route=\/wp\/v2\/posts\/7065\/revisions\/7067"}],"wp:featuredmedia":[{"embeddable":true,"href":"https:\/\/emlaktuel.com\/index.php?rest_route=\/wp\/v2\/media\/7066"}],"wp:attachment":[{"href":"https:\/\/emlaktuel.com\/index.php?rest_route=%2Fwp%2Fv2%2Fmedia&parent=7065"}],"wp:term":[{"taxonomy":"category","embeddable":true,"href":"https:\/\/emlaktuel.com\/index.php?rest_route=%2Fwp%2Fv2%2Fcategories&post=7065"},{"taxonomy":"post_tag","embeddable":true,"href":"https:\/\/emlaktuel.com\/index.php?rest_route=%2Fwp%2Fv2%2Ftags&post=7065"}],"curies":[{"name":"wp","href":"https:\/\/api.w.org\/{rel}","templated":true}]}}