{"id":7020,"date":"2016-10-22T13:53:44","date_gmt":"2016-10-22T10:53:44","guid":{"rendered":"http:\/\/emlaktuel.com\/?p=7020"},"modified":"2018-07-05T15:05:16","modified_gmt":"2018-07-05T12:05:16","slug":"kosuyolu-koru-evleri-fiyat-ve-odeme-plani-belli-oldu","status":"publish","type":"post","link":"https:\/\/emlaktuel.com\/?p=7020","title":{"rendered":"Ko\u015fuyolu Koru Evleri fiyat ve \u00f6deme plan\u0131 belli oldu"},"content":{"rendered":"<p>Sel\u00e7uk Ecza Holding\u2019in Altunizade\u2019deki 30 d\u00f6n\u00fcm arazisi \u00fczerinde Ta\u015fyap\u0131 taraf\u0131ndan yap\u0131lan 210 konutluk Ko\u015fuyolu Koru Evleri projesinde sat\u0131\u015flar ba\u015flad\u0131.<\/p>\n<div class=\"entry\">\n<p>Ko\u015fuyolu Koru Evleri fiyatlar\u0131 ve \u00f6deme plan\u0131na ge\u00e7meden \u00f6nce projeyi yak\u0131ndan tan\u0131yal\u0131m.<\/p>\n<p>Dairelerin b\u00fcy\u00fckl\u00fc\u011f\u00fcn\u00fcn 185\u00a0ile 670\u00a0metrekare aras\u0131nda de\u011fi\u015fti\u011fi projede arazinin y\u00fczde 85\u2019i ye\u015fil alan olarak ayr\u0131ld\u0131.<\/p>\n<h2>Valideba\u011f Korusu\u2019na kom\u015fu\u00a0olan ve 15 Temmuz \u015eehitler K\u00f6pr\u00fcs\u00fc\u2019ne \u00e7ok yak\u0131n bir konumda bulunan Ko\u015fuyolu Koru Evleri\u2019nde 5 veya\u00a08 kat y\u00fckseli\u011fe sahip 13 blok yer al\u0131yor.<\/h2>\n<p>Bin\u00a0800 metrekare\u00a0sosyal tesis alan\u0131 a\u00e7\u0131k ve kapal\u0131 y\u00fczme havuz, sauna, masaj odalar\u0131, spor salonu, kafe b\u00f6l\u00fcm\u00fcn\u00fcn yer ald\u0131\u011f\u0131 projede her daireye ortalama 4 ara\u00e7l\u0131k otopark veriliyor.<\/p>\n<p>2+1, 3+1, 4+1, 5+1, 6+2 tipinde dairelerin yer ald\u0131\u011f\u0131 projede merkezi yerden \u0131s\u0131tma sistemi bulunuyor.<\/p>\n<p>Lansmana \u00f6zel fiyatlar ve y\u00fczde 10 KDV indirimi ile sat\u0131\u015fa sunulan Ko\u015fuyolu Koru Evleri projesinde\u00a0metrekare fiyatlar\u0131 5 bin dolar ile 7 bin dolar aras\u0131nda de\u011fi\u015fiyor.<\/p>\n<p class=\"p1\">Proje metroya 500 metre, Ac\u0131badem Hastanesi\u2019ne 50 metre, \u00dcsk\u00fcdar \u0130skelesi\u2019ne 4,5 kilometre, 15 Temmuz \u015eehitler K\u00f6pr\u00fcs\u00fc\u2019nde 1 kilometre, Capitol AVM\u2019ye 500 metre, Sabiha G\u00f6k\u00e7en Havaliman\u0131\u2019na 25 kilometre, Atat\u00fcrk Havaliman\u0131\u2019na 20 kilometre ve Ba\u011fdat Caddesi\u2019ne 5 kilometre mesafede yer al\u0131yor.<\/p>\n<p>\u0130skana al\u0131nm\u0131\u015f ve oturmaya haz\u0131r durumda olan Ko\u015fuyolu Koruevleri\u2019nin sat\u0131\u015f ofisine 444 1 493 numaral\u0131 telefondan ula\u015fmak m\u00fcmk\u00fcn.<\/p>\n<h2><img loading=\"lazy\" class=\"alignnone size-medium wp-image-7021\" src=\"http:\/\/emlaktuel.com\/wp-content\/uploads\/2016\/10\/Screen-shot-2016-10-22-at-13.51.46-300x203.png\" alt=\" ko\u015fuyolu koruevleri Ko\u015fuyolu Koru Evleri\" width=\"300\" height=\"203\" \/> <img loading=\"lazy\" class=\"alignnone size-medium wp-image-7022\" src=\"http:\/\/emlaktuel.com\/wp-content\/uploads\/2016\/10\/Screen-shot-2016-10-22-at-13.51.52-300x191.png\" alt=\"screen-shot-2016-10-22-at-13-51-52\" width=\"300\" height=\"191\" \/> <img loading=\"lazy\" class=\"alignnone size-medium wp-image-7023\" src=\"http:\/\/emlaktuel.com\/wp-content\/uploads\/2016\/10\/Screen-shot-2016-10-22-at-13.51.58-300x199.png\" alt=\"screen-shot-2016-10-22-at-13-51-58\" width=\"300\" height=\"199\" \/> <img loading=\"lazy\" class=\"alignnone size-medium wp-image-7024\" src=\"http:\/\/emlaktuel.com\/wp-content\/uploads\/2016\/10\/Screen-shot-2016-10-22-at-13.52.04-300x197.png\" alt=\"screen-shot-2016-10-22-at-13-52-04\" width=\"300\" height=\"197\" \/> <img loading=\"lazy\" class=\"alignnone size-medium wp-image-7025\" src=\"http:\/\/emlaktuel.com\/wp-content\/uploads\/2016\/10\/Screen-shot-2016-10-22-at-13.52.09-300x200.png\" alt=\"screen-shot-2016-10-22-at-13-52-09\" width=\"300\" height=\"200\" \/> <img loading=\"lazy\" class=\"alignnone size-medium wp-image-7026\" src=\"http:\/\/emlaktuel.com\/wp-content\/uploads\/2016\/10\/Screen-shot-2016-10-22-at-13.52.14-300x197.png\" alt=\"screen-shot-2016-10-22-at-13-52-14\" width=\"300\" height=\"197\" \/><\/h2>\n<\/div>\n","protected":false},"excerpt":{"rendered":"<p>Sel\u00e7uk Ecza Holding\u2019in Altunizade\u2019deki 30 d\u00f6n\u00fcm arazisi \u00fczerinde Ta\u015fyap\u0131 taraf\u0131ndan yap\u0131lan 210 konutluk Ko\u015fuyolu Koru Evleri projesinde sat\u0131\u015flar ba\u015flad\u0131. Ko\u015fuyolu Koru Evleri fiyatlar\u0131 ve \u00f6deme plan\u0131na ge\u00e7meden \u00f6nce projeyi yak\u0131ndan tan\u0131yal\u0131m. Dairelerin b\u00fcy\u00fckl\u00fc\u011f\u00fcn\u00fcn 185\u00a0ile 670\u00a0metrekare aras\u0131nda de\u011fi\u015fti\u011fi projede arazinin y\u00fczde 85\u2019i ye\u015fil alan olarak ayr\u0131ld\u0131. Valideba\u011f Korusu\u2019na kom\u015fu\u00a0olan ve 15 Temmuz \u015eehitler K\u00f6pr\u00fcs\u00fc\u2019ne \u00e7ok yak\u0131n [&hellip;]<\/p>\n","protected":false},"author":1,"featured_media":7026,"comment_status":"open","ping_status":"open","sticky":false,"template":"","format":"standard","meta":{"ngg_post_thumbnail":0},"categories":[221,26,219],"tags":[2390,4347,229,11183,11165,3466,11118,11120,4428,7506],"_links":{"self":[{"href":"https:\/\/emlaktuel.com\/index.php?rest_route=\/wp\/v2\/posts\/7020"}],"collection":[{"href":"https:\/\/emlaktuel.com\/index.php?rest_route=\/wp\/v2\/posts"}],"about":[{"href":"https:\/\/emlaktuel.com\/index.php?rest_route=\/wp\/v2\/types\/post"}],"author":[{"embeddable":true,"href":"https:\/\/emlaktuel.com\/index.php?rest_route=\/wp\/v2\/users\/1"}],"replies":[{"embeddable":true,"href":"https:\/\/emlaktuel.com\/index.php?rest_route=%2Fwp%2Fv2%2Fcomments&post=7020"}],"version-history":[{"count":1,"href":"https:\/\/emlaktuel.com\/index.php?rest_route=\/wp\/v2\/posts\/7020\/revisions"}],"predecessor-version":[{"id":7027,"href":"https:\/\/emlaktuel.com\/index.php?rest_route=\/wp\/v2\/posts\/7020\/revisions\/7027"}],"wp:featuredmedia":[{"embeddable":true,"href":"https:\/\/emlaktuel.com\/index.php?rest_route=\/wp\/v2\/media\/7026"}],"wp:attachment":[{"href":"https:\/\/emlaktuel.com\/index.php?rest_route=%2Fwp%2Fv2%2Fmedia&parent=7020"}],"wp:term":[{"taxonomy":"category","embeddable":true,"href":"https:\/\/emlaktuel.com\/index.php?rest_route=%2Fwp%2Fv2%2Fcategories&post=7020"},{"taxonomy":"post_tag","embeddable":true,"href":"https:\/\/emlaktuel.com\/index.php?rest_route=%2Fwp%2Fv2%2Ftags&post=7020"}],"curies":[{"name":"wp","href":"https:\/\/api.w.org\/{rel}","templated":true}]}}