{"id":6957,"date":"2016-10-20T14:01:09","date_gmt":"2016-10-20T11:01:09","guid":{"rendered":"http:\/\/emlaktuel.com\/?p=6957"},"modified":"2018-07-05T15:04:08","modified_gmt":"2018-07-05T12:04:08","slug":"kartalda-5-konut-projesinde-son-durum","status":"publish","type":"post","link":"https:\/\/emlaktuel.com\/?p=6957","title":{"rendered":"Kartal\u2019da 5 Konut Projesinde Son Durum"},"content":{"rendered":"<div>\n<div><\/div>\n<div id=\"haberdetaybaslik\">\n<h1>\u0130stanbul Anadolu Yakas\u0131 Kartal\u2019da hayata ge\u00e7irilen 5 konut projesinden son haberler..<\/h1>\n<\/div>\n<\/div>\n<div><\/div>\n<div>\n<div>\n<div><\/div>\n<p><span style=\"color: #2e2e2e;\">\u0130stanbul\u2019un Anadolu Yakas\u0131ndaki yakla\u015f\u0131k 500 bin yerle\u015fik n\u00fcfusa sahip il\u00e7esi Kartal , hem yeni projelerin hem de kentsel d\u00f6n\u00fc\u015f\u00fcm projelerinin g\u00f6zde il\u00e7elerinden biri haline geldi. Son birka\u00e7 y\u0131lda \u00e7ok ciddi say\u0131da yeni projelerin yap\u0131ld\u0131\u011f\u0131 il\u00e7ede kentsel d\u00f6n\u00fc\u015f\u00fcm \u00e7al\u0131\u015fmalar\u0131 da, Kartal Belediyesi\u2019nin te\u015fvikleri ve destekleriyle h\u0131zla devam ediyor. Bu projelerden 4 yeni ve 1 de kentsel d\u00f6n\u00fc\u015f\u00fcm projesinde son durumlar \u015f\u00f6yle:<\/p>\n<p><strong>AND Pastel Projesi<\/strong><\/p>\n<p><img src=\"http:\/\/www.emlakdream.com\/images\/image\/and-pastel-600x300.jpg\" alt=\"\" \/><\/p>\n<p><strong>Anadolu Grubu<\/strong>\u2019nun projeler geli\u015ftiren ve \u00fcreten \u015firketi <strong>AND Gayrimenkul<\/strong> taraf\u0131ndan <strong>Kartal<\/strong>\u2019da 45 bin metrekarelik arsas\u0131 \u00fczerinde in\u015faat\u0131 devam eden , Mavi \u2013Turuncu ve Ye\u015fil olmak \u00fczere 3 farkl\u0131 tipte 7 blok halinde 1.200 daire + 42 ofis + 35 d\u00fckkandan olu\u015fan <strong>AND Pastel projesinde<\/strong>; ilk etapta May\u0131s ay\u0131nda 850 konut sat\u0131\u015fa \u00e7\u0131kar\u0131ld\u0131. Sat\u0131\u015fa \u00e7\u0131kar\u0131lan bu dairelerden 10 ekim tarihi itibar\u0131yla (yakla\u015f\u0131k 5 ayda) 450 tanesinin sat\u0131\u015f\u0131 ger\u00e7ekle\u015fti. Projede 1+1\u2019den 4+1\u2019e kadar se\u00e7enekleri bulunan , b\u00fcy\u00fckl\u00fckleri 67 -223 metrekare aras\u0131nda de\u011fi\u015fen konutlar\u0131n \u00f6ng\u00f6r\u00fclen teslim tarihi haziran 2018 olarak ifade ediliyor. <strong>Fiyatlar\u0131n<\/strong> 389 bin liradan ba\u015flad\u0131\u011f\u0131 <strong>AND Pastel<\/strong> projesinin <strong>\u00f6deme plan\u0131<\/strong> olarak 10 y\u0131l \u00f6deme vadesinde ayl\u0131k y\u00fczde 0.60 faizle \u00f6deme se\u00e7ene\u011finde ayl\u0131k taksitler 3.076 Liradan ba\u015fl\u0131yor.<\/p>\n<p><strong>Referans Kartal Towers Projesi<\/strong><\/p>\n<p><img src=\"http:\/\/www.emlakdream.com\/images\/image\/referans-kartal-towers-2.jpg\" alt=\"\" \/><\/p>\n<p><strong>Kiler GYO<\/strong> taraf\u0131ndan <strong>Kartal Atalar Mahallesinde<\/strong> 13 bin metrekareden biraz fazla bir arsa \u00fczerinde in\u015faat\u0131 devam eden<strong> Referans Kartal Towers projesi<\/strong> , 24 ve 31 kattan olu\u015fan 2 blok \u00fczerinde 451 rezidans daireden meydana geliyor. B\u00fcy\u00fckl\u00fckleri 49 ile 404 metrekare aras\u0131nda de\u011fi\u015fen ve 1+1\u2019den 5,5+1\u2019e kadar daire se\u00e7enekleri sunulan projede dairelerin <strong>may\u0131s 2018<\/strong>\u2019te <strong>teslim edilmesi<\/strong> planlan\u0131yor. Projede konutlar\u0131n<strong> sat\u0131\u015f fiyatlar\u0131<\/strong> 300 bin liradan ba\u015fl\u0131yor.<\/p>\n<p><strong>Daire Kartal Projesi<\/strong><\/p>\n<p><img src=\"http:\/\/www.emlakdream.com\/images\/image\/daire-kartal-manzara-600.jpg\" alt=\"\" \/><\/p>\n<p><strong>Kale Grubu<\/strong>\u2019nun proje geli\u015ftirme firmas\u0131 <strong>Bodur Gayrimenkul <\/strong>taraf\u0131ndan<strong> Kartal <\/strong>Topselviler mevkiinde 4 bin metrekarelik bir arsa \u00fczerinde in\u015faat\u0131 devam eden <strong>Daire Kartal projesi<\/strong> , 25 kat y\u00fcksekli\u011finde tek blok \u00fczerinde , 1+1 ve 2+1 se\u00e7eneklerinden olu\u015fan 174 rezidans konuttan olu\u015fuyor. <strong>Teslimlerin <\/strong>eyl\u00fcl 2017 olarak planland\u0131\u011f\u0131 projede 60 \u2013 80 metrekare aras\u0131ndaki \u00a01+1 daireler 319 bin liradan , 110 \u2013 160 metrekare aras\u0131ndaki 2+1 daireler de 459 bin liradan ba\u015flayan<strong> fiyatlarla<\/strong> sat\u0131l\u0131yor.<\/p>\n<p><strong>DKY Ada Kartal Projesi<\/strong><\/p>\n<p><img src=\"http:\/\/www.emlakdream.com\/images\/image\/dky-ada-kartal.jpg\" alt=\"\" \/><\/p>\n<p><strong>DKY \u0130n\u015faat <\/strong>taraf\u0131ndan <strong>Kartal Esentepe<\/strong>\u2019de 19 bin metrekarelik bir arsada hayata ge\u00e7irilecek olan <strong>DKY Ada Kartal\u00a0<\/strong>, bir kentsel d\u00f6n\u00fc\u015f\u00fcm projesi. 4 blokta 740 daireden meydana gelecek projede in\u015faat yak\u0131nda ba\u015flayacak. Aral\u0131k 2018 gibi <strong>teslimlerin<\/strong> planland\u0131\u011f\u0131 projede \u00f6n talep toplama s\u00fcrecinde <strong>fiyatlar<\/strong> 350 bin liradan ba\u015fl\u0131yor. DKY Ada Kartal projesinde konut se\u00e7enekleri di\u011fer projelerden farkl\u0131 olarak , 2+1 <strong>&#8211; 2+1,5<\/strong> \u00a0&#8211; 3+1 \u2013 <strong>3+1,5<\/strong> \u2018den olu\u015fuyor.<\/p>\n<p><strong>Rota Mavi Kartal Projesi<\/strong><\/p>\n<p><img src=\"http:\/\/www.emlakdream.com\/images\/image\/rota-mavi-projesi.jpg\" alt=\"\" \/><\/p>\n<p><strong>APG \u0130n\u015faat<\/strong>\u2019\u0131n ilk konut projesi olan <strong>Rota Mavi<\/strong> , <strong>Kartal Yakac\u0131k<\/strong>\u2019ta 6 bin metrekare b\u00fcy\u00fckl\u00fc\u011f\u00fcndeki arsa \u00fczerinde 2 blokta , 1+1 ile 4+1 aras\u0131nda konut se\u00e7enekleri bulunan 188 daire ve 5 d\u00fckkandan olu\u015fuyor. Eyl\u00fcl 2017\u2019de <strong>teslimlerin<\/strong> \u00f6ng\u00f6r\u00fcld\u00fc\u011f\u00fc projede dairelerin b\u00fcy\u00fckl\u00fckleri 62 metrekare ile 280 metrekare aras\u0131nda de\u011fi\u015fiyor. Y\u00fczde 1 kdv avantaj\u0131na sahip olan projede 1+1 daireler 239.000 TL\u2019den , 2+1 daireler de 359.000 TL\u2019den ba\u015flayan <strong>fiyatlarla<\/strong> sat\u0131l\u0131yor. \u00d6deme plan\u0131 olarak 36 aya kadar \u20180\u2019 faiz se\u00e7ene\u011fi yan\u0131 s\u0131ra 10 y\u0131l vadeye ayl\u0131k y\u00fczde 0.70 faizle banka kredisi kullanma imkan\u0131 bulunuyor.<\/span><\/p>\n<\/div>\n<\/div>\n","protected":false},"excerpt":{"rendered":"<p>\u0130stanbul Anadolu Yakas\u0131 Kartal\u2019da hayata ge\u00e7irilen 5 konut projesinden son haberler.. \u0130stanbul\u2019un Anadolu Yakas\u0131ndaki yakla\u015f\u0131k 500 bin yerle\u015fik n\u00fcfusa sahip il\u00e7esi Kartal , hem yeni projelerin hem de kentsel d\u00f6n\u00fc\u015f\u00fcm projelerinin g\u00f6zde il\u00e7elerinden biri haline geldi. Son birka\u00e7 y\u0131lda \u00e7ok ciddi say\u0131da yeni projelerin yap\u0131ld\u0131\u011f\u0131 il\u00e7ede kentsel d\u00f6n\u00fc\u015f\u00fcm \u00e7al\u0131\u015fmalar\u0131 da, Kartal Belediyesi\u2019nin te\u015fvikleri ve destekleriyle [&hellip;]<\/p>\n","protected":false},"author":1,"featured_media":6958,"comment_status":"open","ping_status":"open","sticky":false,"template":"","format":"standard","meta":{"ngg_post_thumbnail":0},"categories":[221,26,219,220,97],"tags":[4376,4111,3383,4377,4384,4381,4383,694,4380,109,4378,4382,4385,88,6352,514,80,10655,106,4379,3924,11267,11206],"_links":{"self":[{"href":"https:\/\/emlaktuel.com\/index.php?rest_route=\/wp\/v2\/posts\/6957"}],"collection":[{"href":"https:\/\/emlaktuel.com\/index.php?rest_route=\/wp\/v2\/posts"}],"about":[{"href":"https:\/\/emlaktuel.com\/index.php?rest_route=\/wp\/v2\/types\/post"}],"author":[{"embeddable":true,"href":"https:\/\/emlaktuel.com\/index.php?rest_route=\/wp\/v2\/users\/1"}],"replies":[{"embeddable":true,"href":"https:\/\/emlaktuel.com\/index.php?rest_route=%2Fwp%2Fv2%2Fcomments&post=6957"}],"version-history":[{"count":1,"href":"https:\/\/emlaktuel.com\/index.php?rest_route=\/wp\/v2\/posts\/6957\/revisions"}],"predecessor-version":[{"id":6959,"href":"https:\/\/emlaktuel.com\/index.php?rest_route=\/wp\/v2\/posts\/6957\/revisions\/6959"}],"wp:featuredmedia":[{"embeddable":true,"href":"https:\/\/emlaktuel.com\/index.php?rest_route=\/wp\/v2\/media\/6958"}],"wp:attachment":[{"href":"https:\/\/emlaktuel.com\/index.php?rest_route=%2Fwp%2Fv2%2Fmedia&parent=6957"}],"wp:term":[{"taxonomy":"category","embeddable":true,"href":"https:\/\/emlaktuel.com\/index.php?rest_route=%2Fwp%2Fv2%2Fcategories&post=6957"},{"taxonomy":"post_tag","embeddable":true,"href":"https:\/\/emlaktuel.com\/index.php?rest_route=%2Fwp%2Fv2%2Ftags&post=6957"}],"curies":[{"name":"wp","href":"https:\/\/api.w.org\/{rel}","templated":true}]}}