{"id":6939,"date":"2016-10-20T12:54:03","date_gmt":"2016-10-20T09:54:03","guid":{"rendered":"http:\/\/emlaktuel.com\/?p=6939"},"modified":"2018-07-05T15:03:50","modified_gmt":"2018-07-05T12:03:50","slug":"3-havalimani-kontrol-kulesinin-temeli-26-ekimde-atiliyor","status":"publish","type":"post","link":"https:\/\/emlaktuel.com\/?p=6939","title":{"rendered":"3. Havaliman\u0131 Kontrol Kulesi&#8217;nin temeli 26 Ekim&#8217;de at\u0131l\u0131yor!"},"content":{"rendered":"<h1 class=\"news-detail-title selectionShareable\">Lale \u00e7i\u00e7e\u011finden esinlenerek tasarlanan Hava Trafik Kontrol Kulesi ve Teknik Binas\u0131&#8217;n\u0131n temeli 26 Ekim&#8217;de Ula\u015ft\u0131rma Bakan\u0131 Ahmet Arslan ve IGA y\u00f6neticilerinin kat\u0131laca\u011f\u0131 t\u00f6renle at\u0131lacak.<\/h1>\n<div>\n<p>Lale \u00e7i\u00e7e\u011finden esinlenerek tasarlanan <strong>Hava Trafik Kontrol Kulesi<\/strong> ve Teknik Binas\u0131&#8217;n\u0131n temeli 26 Ekim&#8217;de <strong>Ula\u015ft\u0131rma Bakan\u0131 Ahmet Arslan<\/strong> ve IGA y\u00f6neticilerinin kat\u0131laca\u011f\u0131 t\u00f6renle at\u0131lacak.<\/p>\n<p><strong>Tasar\u0131m\u0131 Pininfarina<\/strong> ve AECOM imzas\u0131n\u0131 ta\u015f\u0131yan yap\u0131, 2016&#8217;n\u0131n uluslararas\u0131 mimari \u00f6d\u00fcl\u00fcn\u00fc almas\u0131yla da dikkat \u00e7ekiyor. 3.havaliman\u0131 a\u00e7\u0131ld\u0131\u011f\u0131 zaman 256 ucak kapasiteli olacak ve 143 yolcu k\u00f6pr\u00fcs\u00fc ile ilkleri b\u00fcnyesinde bar\u0131nd\u0131racak. 2017 y\u0131l\u0131ndan itibaren de havaalan\u0131nda \u00e7al\u0131sacak personel al\u0131m\u0131na ba\u015flanacak gerekli e\u011fitimler verilecek.<\/p>\n<p>Yeni \u015eafak\/Yasin Y\u0131lmaz<\/p>\n<\/div>\n","protected":false},"excerpt":{"rendered":"<p>Lale \u00e7i\u00e7e\u011finden esinlenerek tasarlanan Hava Trafik Kontrol Kulesi ve Teknik Binas\u0131&#8217;n\u0131n temeli 26 Ekim&#8217;de Ula\u015ft\u0131rma Bakan\u0131 Ahmet Arslan ve IGA y\u00f6neticilerinin kat\u0131laca\u011f\u0131 t\u00f6renle at\u0131lacak. Lale \u00e7i\u00e7e\u011finden esinlenerek tasarlanan Hava Trafik Kontrol Kulesi ve Teknik Binas\u0131&#8217;n\u0131n temeli 26 Ekim&#8217;de Ula\u015ft\u0131rma Bakan\u0131 Ahmet Arslan ve IGA y\u00f6neticilerinin kat\u0131laca\u011f\u0131 t\u00f6renle at\u0131lacak. Tasar\u0131m\u0131 Pininfarina ve AECOM imzas\u0131n\u0131 ta\u015f\u0131yan yap\u0131, [&hellip;]<\/p>\n","protected":false},"author":1,"featured_media":6940,"comment_status":"open","ping_status":"open","sticky":false,"template":"","format":"standard","meta":{"ngg_post_thumbnail":0},"categories":[26],"tags":[11307,205,11366,4364,139,3967,11195,4365,483,11467],"_links":{"self":[{"href":"https:\/\/emlaktuel.com\/index.php?rest_route=\/wp\/v2\/posts\/6939"}],"collection":[{"href":"https:\/\/emlaktuel.com\/index.php?rest_route=\/wp\/v2\/posts"}],"about":[{"href":"https:\/\/emlaktuel.com\/index.php?rest_route=\/wp\/v2\/types\/post"}],"author":[{"embeddable":true,"href":"https:\/\/emlaktuel.com\/index.php?rest_route=\/wp\/v2\/users\/1"}],"replies":[{"embeddable":true,"href":"https:\/\/emlaktuel.com\/index.php?rest_route=%2Fwp%2Fv2%2Fcomments&post=6939"}],"version-history":[{"count":1,"href":"https:\/\/emlaktuel.com\/index.php?rest_route=\/wp\/v2\/posts\/6939\/revisions"}],"predecessor-version":[{"id":6941,"href":"https:\/\/emlaktuel.com\/index.php?rest_route=\/wp\/v2\/posts\/6939\/revisions\/6941"}],"wp:featuredmedia":[{"embeddable":true,"href":"https:\/\/emlaktuel.com\/index.php?rest_route=\/wp\/v2\/media\/6940"}],"wp:attachment":[{"href":"https:\/\/emlaktuel.com\/index.php?rest_route=%2Fwp%2Fv2%2Fmedia&parent=6939"}],"wp:term":[{"taxonomy":"category","embeddable":true,"href":"https:\/\/emlaktuel.com\/index.php?rest_route=%2Fwp%2Fv2%2Fcategories&post=6939"},{"taxonomy":"post_tag","embeddable":true,"href":"https:\/\/emlaktuel.com\/index.php?rest_route=%2Fwp%2Fv2%2Ftags&post=6939"}],"curies":[{"name":"wp","href":"https:\/\/api.w.org\/{rel}","templated":true}]}}