{"id":6934,"date":"2016-10-20T12:47:27","date_gmt":"2016-10-20T09:47:27","guid":{"rendered":"http:\/\/emlaktuel.com\/?p=6934"},"modified":"2018-07-05T15:03:44","modified_gmt":"2018-07-05T12:03:44","slug":"istanbul-finans-merkezinde-son-durum","status":"publish","type":"post","link":"https:\/\/emlaktuel.com\/?p=6934","title":{"rendered":"\u0130stanbul Finans Merkezi&#8217;nde son durum!"},"content":{"rendered":"<h1 class=\"news-detail-title selectionShareable\">\u0130stanbul Finans Merkezi\u2019nde (\u0130FM) kamunun temel atmas\u0131yla s\u00fcre\u00e7 h\u0131zland\u0131. \u0130FM sayesinde b\u00f6lgede fiyatlar y\u00fczde 25 artarken, 12 bin yeni konut ve 450 bin metrekare ofis in\u015fa edildi.<\/h1>\n<div class=\"centerAd\">\n<div class=\"centerAd\">\n<div class=\"husoreklam\"><\/div>\n<\/div>\n<\/div>\n<div>\n<p>\u0130stanbul\u2019u d\u00fcnyada 25 k\u00fcresel finans merkezi aras\u0131na sokmak i\u00e7in projelendirilen \u0130stanbul Uluslararas\u0131 Finans Merkezi\u2019nde (\u0130FM) s\u00fcre\u00e7 h\u0131zland\u0131. Ge\u00e7ti\u011fimiz Cumartesi g\u00fcn\u00fc Ba\u015fbakan Binali Y\u0131ld\u0131r\u0131m taraf\u0131ndan proje alan\u0131ndaki Bankac\u0131l\u0131k D\u00fczenleme ve Denetleme Kurumu (BDDK) ile <strong>Sermaye Piyasas\u0131 Kurulu<\/strong> (SPK) binalar\u0131n\u0131n temeli at\u0131ld\u0131. B\u00f6ylece projenin kamu aya\u011f\u0131nda da i\u015fler ba\u015flarken, \u0130FM i\u00e7inde arsas\u0131 bulunan \u015firketler de kaba in\u015faatlar\u0131n\u0131 tamamlamak \u00fczere&#8230;<\/p>\n<div class=\"habericirek\"><\/div>\n<p>2009\u2019da ilan edilen ve 2014 y\u0131l\u0131nda altyap\u0131 i\u015fleri i\u00e7in ilk kazman\u0131n vuruldu\u011fu <strong>\u0130FM<\/strong> projesi, bulundu\u011fu b\u00f6lgeye de b\u00fcy\u00fck katk\u0131 sa\u011flad\u0131. \u0130FM ilan edildi\u011finde \u00e7evresinde yakla\u015f\u0131k 16 bin konut yer al\u0131yordu. 2009 y\u0131l\u0131ndan sonra \u0130FM \u00e7evresinde 28 projede toplam 12 bin konut daha in\u015fa edildi. \u0130FM, yaln\u0131zca Ata\u015fehir\u2019de de\u011fil \u00dcmraniye, Atakent, \u015eerifali ve Sancaktepe\u2019de de konut stokuna b\u00fcy\u00fck katk\u0131 yapt\u0131.<\/p>\n<p>Ofis a\u00e7\u0131s\u0131ndan bak\u0131ld\u0131\u011f\u0131nda \u0130FM s\u0131n\u0131rlar\u0131 i\u00e7inde yakla\u015f\u0131k 1 milyon metrekarelik yeni ofis arz\u0131 olu\u015facak. \u0130FM\u2019nin \u00e7evresinde de 450 bin metrekarelik ofis arz\u0131 olu\u015ftu. \u0130FM\u2019nin ilan\u0131ndan sonra <strong>A\u011fao\u011flu My Newwork<\/strong>, <strong>Tahincio\u011flu Nidakule Kuzey<\/strong> ve Bat\u0131,<strong> Arta\u015f Avrupa<\/strong> Ofis, B\u00fcy\u00fckhanl\u0131 Plaza ve <strong>Metropol \u0130stanbul<\/strong> projeleri ofis arz\u0131na katk\u0131 sundu.<\/p>\n<h2>Ofis b\u00f6lgesi oldu<\/h2>\n<p>\u0130FM\u2019nin b\u00f6lgede yaratt\u0131\u011f\u0131 hareketlili\u011fi de\u011ferlendiren TSKB Gayrimenkul De\u011ferleme Genel M\u00fcd\u00fcr\u00fc Makbule Y\u00f6nel Maya, Bat\u0131 Ata\u015fehir\u2019in konut alan\u0131 olarak geli\u015fiminin 2007 itibar\u0131yla ba\u015flad\u0131\u011f\u0131n\u0131 belirterek, \u015funlar\u0131 s\u00f6yledi: \u201c\u0130FM sadece konut geli\u015fimini etkilemekle kalmad\u0131. B\u00f6lgede ofis projeleri de zamanla y\u00fckselmeye ba\u015flad\u0131. Bug\u00fcn art\u0131k Ata\u015fehir\u2019i de ofis b\u00f6lgeleri i\u00e7inde sayabilecek sto\u011fa ula\u015ft\u0131. \u00dcmraniye, Atakent, \u015eerifali ve Sancaktepe de \u0130FM projesi ile etkilenen alanlar i\u00e7inde say\u0131labilir. Bu b\u00f6lgelerdeki geli\u015fim ileride \u0130FM s\u0131n\u0131rlar\u0131 i\u00e7inde \u00e7al\u0131\u015facaklar i\u00e7in konut alanlar\u0131n\u0131 olu\u015fturmak amac\u0131n\u0131 ta\u015f\u0131yor.\u201d<\/p>\n<p>\u0130FM ve b\u00f6lgede ya\u015fanan geli\u015fmelerin fiyatlara yans\u0131mas\u0131n\u0131 da anlatan Maya, \u201cDo\u011fu Ata\u015fehir\u2019deki konut fiyatlar\u0131n\u0131n son 1 y\u0131lda y\u00fczde 25 seviyelerine kadar \u00e7\u0131kt\u0131\u011f\u0131n\u0131, Bat\u0131 Ata\u015fehir\u2019de ise bu art\u0131\u015f oran\u0131n y\u00fczde 20\u2019lere kadar ula\u015ft\u0131\u011f\u0131n\u0131 s\u00f6ylemek m\u00fcmk\u00fcn\u2026 Ayn\u0131 \u015fekilde \u00dcmraniye, Atakent ve Arma\u011fanevler b\u00f6lgelerinde 3 y\u0131ldaki sat\u0131\u015f fiyat art\u0131\u015flar\u0131 y\u00fczde 50 seviyelerine geldi\u201d dedi.<\/p>\n<h2>\u0130FM\u2019de son durum ne?<\/h2>\n<p>TOPLAM 3 milyon 200 bin metrekarelik \u0130stanbul Uluslararas\u0131 Finans Merkezi\u2019nin 2018 sonunda k\u0131smen bitmesi, 2020 y\u0131l\u0131na kadar da etaplar halinde tamamlanmas\u0131 planlan\u0131yor. Projelerde son durum \u015f\u00f6yle:<\/p>\n<ol>\n<li>Proje alan\u0131nda TOK\u0130, 768 bin 993 metrekare in\u015faat yap\u0131yor. TOK\u0130\u2019nin sorumlulu\u011fundaki BDDK ve SPK binalar\u0131n\u0131n temelleri at\u0131ld\u0131, Merkez Bankas\u0131 binas\u0131 i\u00e7in hen\u00fcz in\u015faat ba\u015flamad\u0131, projeler haz\u0131rlan\u0131yor.<\/li>\n<li>\u0130\u015f GYO, \u0130FM\u2019de 72 bin metrekarelik in\u015faat alan\u0131nda, 18 kattan olu\u015facak tek bir blok in\u015fa ediyor. \u015eu an kaba in\u015faat\u0131n y\u00fczde 70\u2019i tamamlanm\u0131\u015f durumda. 2016 sonunda kaba in\u015faat\u0131n tamamlanmas\u0131 hedefleniyor.<\/li>\n<li>Tahincio\u011flu, \u0130FM i\u00e7inde 85 bin metrekarelik in\u015faat alan\u0131na sahip, zemin+17 kattan olu\u015fan bir proje yap\u0131yor. 2018\u2019in ilk \u00e7eyre\u011finde tamamlanacak projenin kaba in\u015faat\u0131 tamamlanmak \u00fczere.<\/li>\n<li>\u0130FM\u2019nin altyap\u0131s\u0131n\u0131 \u00fcstlenen A\u011fao\u011flu, bu kapsamda yakla\u015f\u0131k 350 bin metrekare sat\u0131labilir alan\u0131 olan proje \u00fcretme imkan\u0131na sahip oldu. A\u011fao\u011flu, kaba in\u015faatlar\u0131n\u0131 tamamlad\u0131.<\/li>\n<li>\u0130FM\u2019nin yan\u0131 ba\u015f\u0131ndaki Sarphan Finans Park\u2019ta bir blok tamamland\u0131, di\u011fer blokta ince i\u015fler yap\u0131l\u0131yor.<\/li>\n<li>Ziraat Bankas\u0131\u2019n\u0131n \u0130FM projesi 400 bin metrekarelik kapal\u0131 alana sahip. 46 ve 40 katl\u0131 iki kuleden olu\u015facak projede in\u015faat ba\u015flad\u0131.<\/li>\n<li>Halk GYO, 46 ve 34 katl\u0131 iki ofis kulesi ve 8\u2019er katl\u0131 3 ticari bina yap\u0131yor. Proje kapsam\u0131nda in\u015faat s\u00fcr\u00fcyor.<\/li>\n<li>Vak\u0131f GYO, ofis ve ticari alanlar\u0131n yer alaca\u011f\u0131 projesinde in\u015faata ba\u015flad\u0131.<\/li>\n<li>Duru GYO-Enisler ortakl\u0131\u011f\u0131, 7 bin metrekarelik parsele sahip.<\/li>\n<li>\u0130FM\u2019de kongre ve k\u00fclt\u00fcr saray\u0131, k\u00fct\u00fcphane, cami, sa\u011fl\u0131k merkezi, okul, kre\u015f gibi tesisler yap\u0131lacak.<\/li>\n<\/ol>\n<p>Vatan<\/p>\n<\/div>\n","protected":false},"excerpt":{"rendered":"<p>\u0130stanbul Finans Merkezi\u2019nde (\u0130FM) kamunun temel atmas\u0131yla s\u00fcre\u00e7 h\u0131zland\u0131. \u0130FM sayesinde b\u00f6lgede fiyatlar y\u00fczde 25 artarken, 12 bin yeni konut ve 450 bin metrekare ofis in\u015fa edildi. \u0130stanbul\u2019u d\u00fcnyada 25 k\u00fcresel finans merkezi aras\u0131na sokmak i\u00e7in projelendirilen \u0130stanbul Uluslararas\u0131 Finans Merkezi\u2019nde (\u0130FM) s\u00fcre\u00e7 h\u0131zland\u0131. Ge\u00e7ti\u011fimiz Cumartesi g\u00fcn\u00fc Ba\u015fbakan Binali Y\u0131ld\u0131r\u0131m taraf\u0131ndan proje alan\u0131ndaki Bankac\u0131l\u0131k D\u00fczenleme [&hellip;]<\/p>\n","protected":false},"author":1,"featured_media":4726,"comment_status":"open","ping_status":"open","sticky":false,"template":"","format":"standard","meta":{"ngg_post_thumbnail":0},"categories":[221,26,219],"tags":[4358,4360,4361,4167,2927,3071,11204,73,80,11214,3208,4357,4359,9272,11557],"_links":{"self":[{"href":"https:\/\/emlaktuel.com\/index.php?rest_route=\/wp\/v2\/posts\/6934"}],"collection":[{"href":"https:\/\/emlaktuel.com\/index.php?rest_route=\/wp\/v2\/posts"}],"about":[{"href":"https:\/\/emlaktuel.com\/index.php?rest_route=\/wp\/v2\/types\/post"}],"author":[{"embeddable":true,"href":"https:\/\/emlaktuel.com\/index.php?rest_route=\/wp\/v2\/users\/1"}],"replies":[{"embeddable":true,"href":"https:\/\/emlaktuel.com\/index.php?rest_route=%2Fwp%2Fv2%2Fcomments&post=6934"}],"version-history":[{"count":1,"href":"https:\/\/emlaktuel.com\/index.php?rest_route=\/wp\/v2\/posts\/6934\/revisions"}],"predecessor-version":[{"id":6935,"href":"https:\/\/emlaktuel.com\/index.php?rest_route=\/wp\/v2\/posts\/6934\/revisions\/6935"}],"wp:featuredmedia":[{"embeddable":true,"href":"https:\/\/emlaktuel.com\/index.php?rest_route=\/wp\/v2\/media\/4726"}],"wp:attachment":[{"href":"https:\/\/emlaktuel.com\/index.php?rest_route=%2Fwp%2Fv2%2Fmedia&parent=6934"}],"wp:term":[{"taxonomy":"category","embeddable":true,"href":"https:\/\/emlaktuel.com\/index.php?rest_route=%2Fwp%2Fv2%2Fcategories&post=6934"},{"taxonomy":"post_tag","embeddable":true,"href":"https:\/\/emlaktuel.com\/index.php?rest_route=%2Fwp%2Fv2%2Ftags&post=6934"}],"curies":[{"name":"wp","href":"https:\/\/api.w.org\/{rel}","templated":true}]}}