{"id":6912,"date":"2016-10-19T12:42:34","date_gmt":"2016-10-19T09:42:34","guid":{"rendered":"http:\/\/emlaktuel.com\/?p=6912"},"modified":"2018-07-05T15:03:22","modified_gmt":"2018-07-05T12:03:22","slug":"gunluk-ev-kiralayan-emlakcilara-ceza-geliyor","status":"publish","type":"post","link":"https:\/\/emlaktuel.com\/?p=6912","title":{"rendered":"G\u00fcnl\u00fck ev kiralayan emlak\u00e7\u0131lara ceza geliyor!"},"content":{"rendered":"<h1 class=\"news-detail-title selectionShareable\">G\u00fcnl\u00fck ev kiralayan emlak\u00e7\u0131lara b\u00fcy\u00fck cezalar geliyor. \u00d6zellikle ter\u00f6r \u00f6rg\u00fctleri ve fuhu\u015f \u00e7eteleri taraf\u0131ndan ra\u011fbet g\u00f6ren g\u00fcnl\u00fck ev kiralama i\u015finde gerekli bildirimde bulunmayan emlak\u00e7\u0131lara yard\u0131m ve yatakl\u0131k etmekten ceza verilebilecek<\/h1>\n<div class=\"clear\">\n<div class=\"clear\"><\/div>\n<\/div>\n<div class=\"centerAd\"><\/div>\n<div class=\"clear\"><\/div>\n<div>\n<p><strong>G\u00fcnl\u00fck ev kiralayan<\/strong> emlak\u00e7\u0131lara b\u00fcy\u00fck cezalar geliyor. \u00d6zellikle ter\u00f6r \u00f6rg\u00fctleri ve fuhu\u015f \u00e7eteleri taraf\u0131ndan ra\u011fbet g\u00f6ren g\u00fcnl\u00fck ev kiralama i\u015finde gerekli bildirimde bulunmayan emlak\u00e7\u0131lara yard\u0131m ve yatakl\u0131k etmekten ceza verilebilecek.<\/p>\n<div class=\"habericirek\"><\/div>\n<p>G\u00fcmr\u00fck ve Ticaret Bakanl\u0131\u011f\u0131 taraf\u0131ndan y\u00fcr\u00fct\u00fclen y\u00f6netmelik \u00e7al\u0131\u015fmas\u0131 ile mevzuata ayk\u0131r\u0131 g\u00fcnl\u00fck ev kiralayan emlak\u00e7\u0131lara a\u011f\u0131r cezalar getiriliyor. \u00d6zellikle ter\u00f6r \u00f6rg\u00fctleri ve fuhu\u015f \u00e7eteleri taraf\u0131ndan ra\u011fbet g\u00f6ren g\u00fcnl\u00fck ev kiralama i\u015finde gerekli bildirimde bulunmayan emlak\u00e7\u0131lara su\u00e7 \u00f6rg\u00fctleri ve ter\u00f6r \u00f6rg\u00fctlerine yard\u0131m ve yatakl\u0131k etmekten ceza verilebilecek. G\u00fcnl\u00fck kiral\u0131k evlerle ilgili yap\u0131lmas\u0131 planlanan d\u00fczenlemeyle, \u00f6n\u00fcne gelen emlak\u00e7\u0131l\u0131k yapamayaca\u011f\u0131 i\u00e7in ter\u00f6r \u00f6rg\u00fctleri ba\u015fta olmak \u00fczere su\u00e7a bula\u015fm\u0131\u015f olanlara \u00f6nemli bir darbe vurulmu\u015f olacak. Belirlenen standartlara uymayanlar sekt\u00f6rde varl\u0131k g\u00f6steremeyecek. Otel ve pansiyonlarda kalan \u015fah\u0131slar\u0131n kimlikleri online olarak g\u00fcvenlik birimlerine bildiriliyor. Bu t\u00fcr kiralama y\u00f6ntemi kullan\u0131lan evlerde ise Kimlik Bildirme Sistemi bulunmad\u0131\u011f\u0131 i\u00e7in su\u00e7tan aranan \u015fah\u0131slar bu tip daireleri saklanmak ve su\u00e7 i\u015flemek maksatl\u0131 kullanabiliyor. Evini g\u00fcnl\u00fck kiraya verenlerin ticaret yapt\u0131klar\u0131 i\u00e7in otel gibi de\u011ferlendirilmesi ve esnaf odas\u0131na kay\u0131t yapt\u0131rarak vergi \u00f6demesi gerekiyor.<\/p>\n<h2>MAL\u0130YE VE EMN\u0130YET YAKIN TAK\u0130BE ALDI<\/h2>\n<p>G\u00fcnl\u00fck kiralanan evlerin cezai i\u015flemlerinde otellerde oldu\u011fu gibi bir y\u00f6ntem izlenmesi \u00fczerinde duruluyor. \u00d6ncelikli olarak uyar\u0131 cezas\u0131 sonras\u0131nda kapatma cezas\u0131 uygulanacak. E\u011fer yine bildirimde bulunmaz ise kapatma cezas\u0131 uygulanabilecek. G\u00fcnl\u00fck evlerle ilgili Maliye ve Emniyetin \u00e7al\u0131\u015fmalar\u0131 h\u0131zland\u0131.<\/p>\n<h2>SU\u00c7A KARI\u015eANI BULMAK ZORLA\u015eIYOR<\/h2>\n<p>Kiralama s\u0131ras\u0131nda kimlik kayd\u0131 yap\u0131lmad\u0131\u011f\u0131 durumlarda su\u00e7a kar\u0131\u015fan ve haklar\u0131nda arama kayd\u0131 bulunanlar\u0131n yakalanmas\u0131 da zorla\u015f\u0131yor. Emlak sahipleri daire sahiplerinden ayl\u0131k olarak kiralad\u0131klar\u0131 daireleri m\u00fc\u015fterilerine g\u00fcnl\u00fck olarak y\u00fcksek bedelle kiraya verebiliyor. \u00d6rne\u011fin ayl\u0131k 1.000 TL\u2019ye kiralanan bir daire g\u00fcnl\u00fck 100-150 TL bir bedelle kiraya verilebiliyor. Yap\u0131lan i\u015flem kay\u0131t d\u0131\u015f\u0131 ve vergi al\u0131nam\u0131yor.<\/p>\n<p>Star<\/p>\n<\/div>\n","protected":false},"excerpt":{"rendered":"<p>G\u00fcnl\u00fck ev kiralayan emlak\u00e7\u0131lara b\u00fcy\u00fck cezalar geliyor. \u00d6zellikle ter\u00f6r \u00f6rg\u00fctleri ve fuhu\u015f \u00e7eteleri taraf\u0131ndan ra\u011fbet g\u00f6ren g\u00fcnl\u00fck ev kiralama i\u015finde gerekli bildirimde bulunmayan emlak\u00e7\u0131lara yard\u0131m ve yatakl\u0131k etmekten ceza verilebilecek G\u00fcnl\u00fck ev kiralayan emlak\u00e7\u0131lara b\u00fcy\u00fck cezalar geliyor. \u00d6zellikle ter\u00f6r \u00f6rg\u00fctleri ve fuhu\u015f \u00e7eteleri taraf\u0131ndan ra\u011fbet g\u00f6ren g\u00fcnl\u00fck ev kiralama i\u015finde gerekli bildirimde bulunmayan emlak\u00e7\u0131lara yard\u0131m [&hellip;]<\/p>\n","protected":false},"author":1,"featured_media":3977,"comment_status":"open","ping_status":"open","sticky":false,"template":"","format":"standard","meta":{"ngg_post_thumbnail":0},"categories":[26],"tags":[180,62,1005,1243,4338,4337,6198],"_links":{"self":[{"href":"https:\/\/emlaktuel.com\/index.php?rest_route=\/wp\/v2\/posts\/6912"}],"collection":[{"href":"https:\/\/emlaktuel.com\/index.php?rest_route=\/wp\/v2\/posts"}],"about":[{"href":"https:\/\/emlaktuel.com\/index.php?rest_route=\/wp\/v2\/types\/post"}],"author":[{"embeddable":true,"href":"https:\/\/emlaktuel.com\/index.php?rest_route=\/wp\/v2\/users\/1"}],"replies":[{"embeddable":true,"href":"https:\/\/emlaktuel.com\/index.php?rest_route=%2Fwp%2Fv2%2Fcomments&post=6912"}],"version-history":[{"count":1,"href":"https:\/\/emlaktuel.com\/index.php?rest_route=\/wp\/v2\/posts\/6912\/revisions"}],"predecessor-version":[{"id":6913,"href":"https:\/\/emlaktuel.com\/index.php?rest_route=\/wp\/v2\/posts\/6912\/revisions\/6913"}],"wp:featuredmedia":[{"embeddable":true,"href":"https:\/\/emlaktuel.com\/index.php?rest_route=\/wp\/v2\/media\/3977"}],"wp:attachment":[{"href":"https:\/\/emlaktuel.com\/index.php?rest_route=%2Fwp%2Fv2%2Fmedia&parent=6912"}],"wp:term":[{"taxonomy":"category","embeddable":true,"href":"https:\/\/emlaktuel.com\/index.php?rest_route=%2Fwp%2Fv2%2Fcategories&post=6912"},{"taxonomy":"post_tag","embeddable":true,"href":"https:\/\/emlaktuel.com\/index.php?rest_route=%2Fwp%2Fv2%2Ftags&post=6912"}],"curies":[{"name":"wp","href":"https:\/\/api.w.org\/{rel}","templated":true}]}}