{"id":6817,"date":"2016-10-16T16:20:37","date_gmt":"2016-10-16T13:20:37","guid":{"rendered":"http:\/\/emlaktuel.com\/?p=6817"},"modified":"2018-07-05T15:01:56","modified_gmt":"2018-07-05T12:01:56","slug":"istanbula-6-yeni-konut-projesi","status":"publish","type":"post","link":"https:\/\/emlaktuel.com\/?p=6817","title":{"rendered":"\u0130stanbul\u2019a 6 Yeni Konut Projesi&#8230;"},"content":{"rendered":"<div>\n<div>\n<h2>8-14 ekim haftas\u0131nda \u0130stanbul\u2019da 6 yeni konut projesinin bas\u0131na tan\u0131t\u0131m toplant\u0131lar\u0131 yap\u0131larak lansman sat\u0131\u015flar\u0131 ba\u015flad\u0131.<\/h2>\n<\/div>\n<\/div>\n<div>\n<div>\n<div><\/div>\n<p><span style=\"color: #2e2e2e;\">Gayrimenkul sekt\u00f6r\u00fcn\u00fcn en b\u00fcy\u00fck pazar\u0131 \u0130stanbul\u2019da , ge\u00e7ti\u011fimiz hafta i\u00e7inde 6 yeni projenin daha tan\u0131t\u0131mlar\u0131 yap\u0131larak resmi sat\u0131\u015flar\u0131na ba\u015fland\u0131.<\/p>\n<p>Ge\u00e7ti\u011fimiz haftan\u0131n ilk projesi , 8 ekim cumartesi g\u00fcn\u00fc <strong>Beylikd\u00fcz\u00fc<\/strong>\u2019nde tan\u0131t\u0131m\u0131 yap\u0131larak lansman sat\u0131\u015flar\u0131na ba\u015flayan <strong>Marmara Konaklar\u0131<\/strong> oldu. <strong>Marmara Yap\u0131<\/strong> taraf\u0131ndan Beylikd\u00fcz\u00fc\u2019nde 8 bin metrekare b\u00fcy\u00fckl\u00fc\u011f\u00fcndeki arsa \u00fczerinde yap\u0131lacak projede 124 konut ve 4 ticari ma\u011faza bulunacak. <strong>Teslimlerin<\/strong> temmuz 2018 olarak \u00f6ng\u00f6r\u00fcld\u00fc\u011f\u00fc <strong>Marmara Konaklar\u0131<\/strong>\u2019nda lansmana \u00f6zel <strong>sat\u0131\u015f fiyatlar\u0131<\/strong> \u00fczerinden y\u00fczde 20 lansman indirimi yap\u0131l\u0131yor.<br \/>\n<img src=\"http:\/\/www.emlakdream.com\/images\/image\/marmara-konaklari-600x300.jpg\" alt=\"\" \/><\/p>\n<p>Ge\u00e7en haftan\u0131n ikinci projesi 10 ekim pazartesi g\u00fcn\u00fc bas\u0131na tan\u0131t\u0131m\u0131 yap\u0131lan <strong>Yooistanbul <\/strong>oldu. \u00dcnl\u00fc oyuncu ve sunucu Sel\u00e7uk Y\u00f6ntem\u2019in reklam y\u00fcz\u00fc oldu\u011fu proje <strong>Say Yap\u0131<\/strong> taraf\u0131ndan <strong>Ortak\u00f6y<\/strong>\u2019de 22 bin metrekarelik bir arsa \u00fczerinde hayata ge\u00e7iriliyor. Nisan 2017\u2019den sonra<strong> teslimlerin<\/strong> ba\u015flayaca\u011f\u0131 \u00f6ng\u00f6r\u00fclen ve 116 \u00e7ok \u00f6zel rezidans daireden olu\u015fan <strong>Yooistanbul<\/strong>\u2019da metrekare <strong>sat\u0131\u015f fiyatlar\u0131<\/strong> 10 bin Dolar\u2019dan ba\u015fl\u0131yor.<br \/>\n<img src=\"http:\/\/www.emlakdream.com\/images\/image\/yooistanbul-600x300.jpg\" alt=\"\" \/><\/p>\n<p>12 ekim \u00c7ar\u015famba g\u00fcn\u00fc <strong>Erka Grup<\/strong> taraf\u0131ndan yap\u0131lan 2 kentsel d\u00f6n\u00fc\u015f\u00fcm projesinin bas\u0131n tan\u0131t\u0131m toplant\u0131s\u0131 birlikte yap\u0131ld\u0131. Her ikisi de <strong>Ka\u011f\u0131thane<\/strong>\u2019de olan projelerden<strong> Erka Konsept<\/strong> \u2018te <strong>sat\u0131\u015f fiyatlar\u0131<\/strong> 444 bin Liradan , di\u011fer proje <strong>Erka Panorama<\/strong>\u2019da da 345 bin Liradan ba\u015fl\u0131yor. Haziran 2018\u2019de <strong>teslimlerin<\/strong> planland\u0131\u011f\u0131 2 projede toplam 180 daire bulunuyor.<br \/>\n<img src=\"http:\/\/www.emlakdream.com\/images\/image\/erka-konsept.jpg\" alt=\"\" \/><\/p>\n<p><strong>Timur Gayrimenkul Geli\u015ftirme<\/strong> taraf\u0131ndan <strong>Bah\u00e7elievler<\/strong>\u2019de 45 bin metrekarelik arsa \u00fczerinde projelendirilen <strong>Nef Bah\u00e7elievler<\/strong>\u2019in bas\u0131na tan\u0131t\u0131m\u0131 13 ekim Per\u015fembe g\u00fcn\u00fc yap\u0131ld\u0131. 2018 aral\u0131kta <strong>teslimlerin<\/strong> yap\u0131lmas\u0131n\u0131n planland\u0131\u011f\u0131 projede 1.023 konut ve 14 cadde ma\u011fazas\u0131 bulunacak. <strong>Nef Bah\u00e7elievler<\/strong>\u2019de metrekare <strong>sat\u0131\u015f fiyatlar\u0131<\/strong> 8.500 Lira ile 10.500 Lira aras\u0131nda de\u011fi\u015fiyor.<br \/>\n<img src=\"http:\/\/www.emlakdream.com\/images\/image\/nef-600x300.jpg\" alt=\"\" \/><\/p>\n<p>Ge\u00e7ti\u011fimiz haftan\u0131n son projesi 14 ekim Cuma g\u00fcn\u00fc tan\u0131t\u0131ld\u0131. <strong>Fikirtepe<\/strong>\u2019de yakla\u015f\u0131k 22 bin 500 metrekarelik arsa \u00fczerinde , <strong>Hald\u0131z \u0130n\u015faat<\/strong> ve <strong>Obak\u00f6y Gayrimenkul<\/strong> ortakl\u0131\u011f\u0131yla hayata ge\u00e7irilecek olan <strong>Transform Fikirtepe<\/strong> projesinde 1.080 konut ve ticari ma\u011faza olacak.<strong> Teslimlerin<\/strong> eyl\u00fcl 2018 olarak \u00f6ng\u00f6r\u00fcld\u00fc\u011f\u00fc ve lansmana \u00f6zel y\u00fczde 5 indirim yap\u0131lan <strong>Transform Fikirtepe<\/strong>\u2019de <strong>sat\u0131\u015f fiyatlar\u0131<\/strong> 331 bin Liradan ba\u015fl\u0131yor.<\/span><\/p>\n<\/div>\n<\/div>\n<p>&nbsp;<\/p>\n","protected":false},"excerpt":{"rendered":"<p>8-14 ekim haftas\u0131nda \u0130stanbul\u2019da 6 yeni konut projesinin bas\u0131na tan\u0131t\u0131m toplant\u0131lar\u0131 yap\u0131larak lansman sat\u0131\u015flar\u0131 ba\u015flad\u0131. Gayrimenkul sekt\u00f6r\u00fcn\u00fcn en b\u00fcy\u00fck pazar\u0131 \u0130stanbul\u2019da , ge\u00e7ti\u011fimiz hafta i\u00e7inde 6 yeni projenin daha tan\u0131t\u0131mlar\u0131 yap\u0131larak resmi sat\u0131\u015flar\u0131na ba\u015fland\u0131. Ge\u00e7ti\u011fimiz haftan\u0131n ilk projesi , 8 ekim cumartesi g\u00fcn\u00fc Beylikd\u00fcz\u00fc\u2019nde tan\u0131t\u0131m\u0131 yap\u0131larak lansman sat\u0131\u015flar\u0131na ba\u015flayan Marmara Konaklar\u0131 oldu. Marmara Yap\u0131 taraf\u0131ndan [&hellip;]<\/p>\n","protected":false},"author":1,"featured_media":6818,"comment_status":"open","ping_status":"open","sticky":false,"template":"","format":"standard","meta":{"ngg_post_thumbnail":0},"categories":[221,1,219],"tags":[11222,73,4197,6829,80,10655,11252,106,11414,11408],"_links":{"self":[{"href":"https:\/\/emlaktuel.com\/index.php?rest_route=\/wp\/v2\/posts\/6817"}],"collection":[{"href":"https:\/\/emlaktuel.com\/index.php?rest_route=\/wp\/v2\/posts"}],"about":[{"href":"https:\/\/emlaktuel.com\/index.php?rest_route=\/wp\/v2\/types\/post"}],"author":[{"embeddable":true,"href":"https:\/\/emlaktuel.com\/index.php?rest_route=\/wp\/v2\/users\/1"}],"replies":[{"embeddable":true,"href":"https:\/\/emlaktuel.com\/index.php?rest_route=%2Fwp%2Fv2%2Fcomments&post=6817"}],"version-history":[{"count":1,"href":"https:\/\/emlaktuel.com\/index.php?rest_route=\/wp\/v2\/posts\/6817\/revisions"}],"predecessor-version":[{"id":6819,"href":"https:\/\/emlaktuel.com\/index.php?rest_route=\/wp\/v2\/posts\/6817\/revisions\/6819"}],"wp:featuredmedia":[{"embeddable":true,"href":"https:\/\/emlaktuel.com\/index.php?rest_route=\/wp\/v2\/media\/6818"}],"wp:attachment":[{"href":"https:\/\/emlaktuel.com\/index.php?rest_route=%2Fwp%2Fv2%2Fmedia&parent=6817"}],"wp:term":[{"taxonomy":"category","embeddable":true,"href":"https:\/\/emlaktuel.com\/index.php?rest_route=%2Fwp%2Fv2%2Fcategories&post=6817"},{"taxonomy":"post_tag","embeddable":true,"href":"https:\/\/emlaktuel.com\/index.php?rest_route=%2Fwp%2Fv2%2Ftags&post=6817"}],"curies":[{"name":"wp","href":"https:\/\/api.w.org\/{rel}","templated":true}]}}