{"id":6801,"date":"2016-10-16T14:21:15","date_gmt":"2016-10-16T11:21:15","guid":{"rendered":"http:\/\/emlaktuel.com\/?p=6801"},"modified":"2018-07-05T15:01:48","modified_gmt":"2018-07-05T12:01:48","slug":"kazlicesme-sogutlucesme-metro-hattinda-ilk-adim-atiliyor","status":"publish","type":"post","link":"https:\/\/emlaktuel.com\/?p=6801","title":{"rendered":"Kazl\u0131\u00e7e\u015fme-S\u00f6\u011f\u00fctl\u00fc\u00e7e\u015fme Metro Hatt\u0131&#8217;nda ilk ad\u0131m at\u0131l\u0131yor!"},"content":{"rendered":"<h1 class=\"news-detail-title selectionShareable\">\u0130stanbul&#8217;da Marmaray&#8217;a karde\u015f olarak hizmete al\u0131nmas\u0131 planlanan Kazl\u0131\u00e7e\u015fme- S\u00f6\u011f\u00fctl\u00fc\u00e7e\u015fme Metro Hatt\u0131&#8217;nda ilk ad\u0131m at\u0131l\u0131yor.<\/h1>\n<div class=\"soc2 nmobilw\"><\/div>\n<div class=\"centerAd\"><\/div>\n<div class=\"clear\"><\/div>\n<div>\n<p>\u0130stanbul&#8217;da Marmaray&#8217;a karde\u015f olarak hizmete al\u0131nmas\u0131 planlanan Kazl\u0131\u00e7e\u015fme- S\u00f6\u011f\u00fctl\u00fc\u00e7e\u015fme metro hatt\u0131nda ilk ad\u0131m at\u0131l\u0131yor. Bo\u011faz&#8217;\u0131 Kuru\u00e7e\u015fme- Beylerbeyi aras\u0131ndan ge\u00e7ecek olan 20 kilometrelik hat i\u00e7in istasyon yerleri, zemin et\u00fct \u00e7al\u0131\u015fmas\u0131, g\u00fczergah ge\u00e7i\u015f noktalar\u0131, yolcu rakamlar\u0131 gibi teknik ve istatistiki verileri haz\u0131rlamaya y\u00f6nelik kapsaml\u0131 inceleme ba\u015flad\u0131. \u0130stanbul B\u00fcy\u00fck\u015fehir Belediyesi&#8217;nin haz\u0131rlad\u0131\u011f\u0131 projenin, iki y\u0131l s\u00fcrecek haz\u0131rl\u0131k a\u015famas\u0131n\u0131n ard\u0131ndan yap\u0131m\u0131na ba\u015flanacak. \u0130ki k\u0131tay\u0131 birbirine ba\u011flayacak yeni metro hatt\u0131 2023&#8217;te a\u00e7\u0131lacak.<\/p>\n<div class=\"habericirek\"><\/div>\n<h2>METROB\u00dcSE BY-PASS<\/h2>\n<p>Metrob\u00fcs hatt\u0131n\u0131n alt\u0131ndan ge\u00e7ecek proje, Kuru\u00e7e\u015fme- Beylerbeyi&#8217;ni deniz alt\u0131ndan t\u00fcnelle birbirine ba\u011flayacak. Yeni hat; Kad\u0131k\u00f6y, \u00dcsk\u00fcdar, Be\u015fikta\u015f, Ka\u011f\u0131thane, Beyo\u011flu, Ey\u00fcp, Zeytinburnu, G\u00fcng\u00f6ren ve Bah\u00e7elievler&#8217;den ge\u00e7erek \u0130ncirli&#8217;de son bulacak. Hatta 15 istasyon bulunacak..<\/p>\n<p>Takvim<\/p>\n<\/div>\n","protected":false},"excerpt":{"rendered":"<p>\u0130stanbul&#8217;da Marmaray&#8217;a karde\u015f olarak hizmete al\u0131nmas\u0131 planlanan Kazl\u0131\u00e7e\u015fme- S\u00f6\u011f\u00fctl\u00fc\u00e7e\u015fme Metro Hatt\u0131&#8217;nda ilk ad\u0131m at\u0131l\u0131yor. \u0130stanbul&#8217;da Marmaray&#8217;a karde\u015f olarak hizmete al\u0131nmas\u0131 planlanan Kazl\u0131\u00e7e\u015fme- S\u00f6\u011f\u00fctl\u00fc\u00e7e\u015fme metro hatt\u0131nda ilk ad\u0131m at\u0131l\u0131yor. Bo\u011faz&#8217;\u0131 Kuru\u00e7e\u015fme- Beylerbeyi aras\u0131ndan ge\u00e7ecek olan 20 kilometrelik hat i\u00e7in istasyon yerleri, zemin et\u00fct \u00e7al\u0131\u015fmas\u0131, g\u00fczergah ge\u00e7i\u015f noktalar\u0131, yolcu rakamlar\u0131 gibi teknik ve istatistiki verileri haz\u0131rlamaya y\u00f6nelik [&hellip;]<\/p>\n","protected":false},"author":1,"featured_media":6802,"comment_status":"open","ping_status":"open","sticky":false,"template":"","format":"standard","meta":{"ngg_post_thumbnail":0},"categories":[26,27,97],"tags":[2652,73,4437,486,4195,894,11501],"_links":{"self":[{"href":"https:\/\/emlaktuel.com\/index.php?rest_route=\/wp\/v2\/posts\/6801"}],"collection":[{"href":"https:\/\/emlaktuel.com\/index.php?rest_route=\/wp\/v2\/posts"}],"about":[{"href":"https:\/\/emlaktuel.com\/index.php?rest_route=\/wp\/v2\/types\/post"}],"author":[{"embeddable":true,"href":"https:\/\/emlaktuel.com\/index.php?rest_route=\/wp\/v2\/users\/1"}],"replies":[{"embeddable":true,"href":"https:\/\/emlaktuel.com\/index.php?rest_route=%2Fwp%2Fv2%2Fcomments&post=6801"}],"version-history":[{"count":1,"href":"https:\/\/emlaktuel.com\/index.php?rest_route=\/wp\/v2\/posts\/6801\/revisions"}],"predecessor-version":[{"id":6803,"href":"https:\/\/emlaktuel.com\/index.php?rest_route=\/wp\/v2\/posts\/6801\/revisions\/6803"}],"wp:featuredmedia":[{"embeddable":true,"href":"https:\/\/emlaktuel.com\/index.php?rest_route=\/wp\/v2\/media\/6802"}],"wp:attachment":[{"href":"https:\/\/emlaktuel.com\/index.php?rest_route=%2Fwp%2Fv2%2Fmedia&parent=6801"}],"wp:term":[{"taxonomy":"category","embeddable":true,"href":"https:\/\/emlaktuel.com\/index.php?rest_route=%2Fwp%2Fv2%2Fcategories&post=6801"},{"taxonomy":"post_tag","embeddable":true,"href":"https:\/\/emlaktuel.com\/index.php?rest_route=%2Fwp%2Fv2%2Ftags&post=6801"}],"curies":[{"name":"wp","href":"https:\/\/api.w.org\/{rel}","templated":true}]}}