{"id":6760,"date":"2016-10-14T11:35:06","date_gmt":"2016-10-14T08:35:06","guid":{"rendered":"http:\/\/emlaktuel.com\/?p=6760"},"modified":"2018-07-05T15:00:55","modified_gmt":"2018-07-05T12:00:55","slug":"ifmde-spk-ve-bddk-binalarinin-temeli-yarin-atiliyor","status":"publish","type":"post","link":"https:\/\/emlaktuel.com\/?p=6760","title":{"rendered":"\u0130FM&#8217;de SPK ve BDDK binalar\u0131n\u0131n temeli yar\u0131n at\u0131l\u0131yor!"},"content":{"rendered":"<h1 class=\"news-detail-title selectionShareable\">D\u00fcnyan\u0131n paras\u0131 \u0130stanbul&#8217;a akacak. \u0130stanbul Ticaret Odas\u0131 Ba\u015fkan\u0131 \u0130brahim \u00c7a\u011flar, \u201cFinans Merkezi ile \u0130stanbul d\u00fcnyada fon ak\u0131mlar\u0131n\u0131n ana yollar\u0131ndan biri olacak. D\u00fcnyan\u0131n paras\u0131 \u0130FM ile \u0130stanbul&#8217;a akacak&#8221; dedi.<\/h1>\n<div class=\"soc2 nmobilw\"><\/div>\n<div class=\"centerAd\"><\/div>\n<div class=\"date-icon\">\u0130stanbul Ticaret Odas\u0131 Ba\u015fkan\u0131 \u0130brahim \u00c7a\u011flar, \u201cFinans Merkezi ile \u0130stanbul d\u00fcnyada fon ak\u0131mlar\u0131n\u0131n ana yollar\u0131ndan biri olacak. D\u00fcnyan\u0131n paras\u0131 \u0130FM ile \u0130stanbul&#8217;a akacak&#8221; dedi.<\/div>\n<div>\n<div class=\"habericirek\"><\/div>\n<p>\u0130stanbul yar\u0131n uluslararas\u0131 finans merkezi olma yolunda \u00e7ok \u00f6nemli bir d\u00f6nemeci daha geride b\u0131rakmaya haz\u0131rlan\u0131yor.<\/p>\n<p>Ata\u015fehir\u2019de y\u00fckselen \u0130stanbul Uluslararas\u0131 Finans Merkezi\u2019nin (\u0130FM) kamu finansman\u0131 fiziki altyap\u0131s\u0131nda ilk temel Ba\u015fbakan Binali Y\u0131ld\u0131r\u0131m\u2019\u0131n kat\u0131laca\u011f\u0131 t\u00f6renle 15 Ekim 2016 Cumartesi g\u00fcn\u00fc at\u0131l\u0131yor.<\/p>\n<p>Toplu Konut \u0130daresi Ba\u015fkanl\u0131\u011f\u0131 (TOK\u0130) \u00f6nc\u00fcl\u00fc\u011f\u00fcnde in\u015fa edilecek Sermaye Piyasas\u0131 Kurulu (SPK) ve Bankac\u0131l\u0131k D\u00fczenleme ve Denetleme Kurumu (BDDK) binalar\u0131 i\u00e7in start verilecek.<\/p>\n<p>\u0130stanbul Ticaret Odas\u0131 (\u0130TO) Ba\u015fkan\u0131 \u0130brahim \u00c7a\u011flar, \u201cFinans Merkezi ile \u0130stanbul d\u00fcnyada fon ak\u0131mlar\u0131n\u0131n ana yollar\u0131ndan biri olacak. D\u00fcnyan\u0131n paras\u0131 \u0130FM ile \u0130stanbul&#8217;a akacak&#8221; dedi.<\/p>\n<p>Cumhurba\u015fkan\u0131m\u0131z\u0131n \u00f6nc\u00fcl\u00fc\u011f\u00fcnde \u0130stanbul&#8217;un k\u00fcresel finans merkezi olmas\u0131 yolunda \u00e7ok \u00f6nemli bir ad\u0131m at\u0131ld\u0131\u011f\u0131n\u0131 belirten \u00c7a\u011flar, &#8220;Y\u0131llard\u0131r el birli\u011fi ile geli\u015ftirdi\u011fimiz k\u00fcresel \u0130stanbul markas\u0131n\u0131n finans aya\u011f\u0131 da b\u00f6ylece tamamlanm\u0131\u015f olacak. \u0130stanbul; Londra, Frankfurt, New York gibi \u00f6nemli bir finans merkezi haline d\u00f6n\u00fc\u015fecek&#8221; dedi.<\/p>\n<h2>\u201cFinansa eri\u015fim \u0130stanbul&#8217;da \u015fekillenecek\u201d<\/h2>\n<p>Ba\u015fkan \u0130brahim \u00c7a\u011flar, \u201c\u0130FM\u2019de Ziraat Bankas\u0131, Halkbank, Vak\u0131fbank gibi dev kamu bankalar\u0131n\u0131n sa\u011flayaca\u011f\u0131 finansal hareketlili\u011fin yan\u0131 s\u0131ra BDDK, TMSF, SPK gibi otoritelerin varl\u0131\u011f\u0131 \u0130stanbul&#8217;un bir k\u00fcresel finans merkezi olma vizyonuna ciddi katk\u0131 sa\u011flayacak. Kamu ve \u00f6zel sekt\u00f6r\u00fcn finans politikalar\u0131n\u0131 ve stratejilerini belirleyip uygulad\u0131\u011f\u0131 merkezlerden biri \u0130stanbul olacak&#8221; de\u011ferlendirmesini yapt\u0131.<\/p>\n<h2>\u201c\u00d6zel bir te\u015fvik mekanizmas\u0131nda fayda var\u201d<\/h2>\n<p>\u00c7a\u011flar, \u0130stanbul\u2019un Avrupa ve Asya\u2019y\u0131 birle\u015ftiren k\u00f6pr\u00fc olmas\u0131n\u0131n yan\u0131nda 4 saatten k\u0131sa bir s\u00fcre i\u00e7inde 56 \u00fclkeye u\u00e7u\u015f imkan\u0131 sundu\u011funu vurgulad\u0131.<\/p>\n<p>\u0130brahim \u00c7a\u011flar, Finans Merkezi\u2019nin t\u00fcm unsurlar\u0131yla tamamland\u0131\u011f\u0131nda \u00fclkemize global fon ak\u0131\u015f\u0131n\u0131 art\u0131raca\u011f\u0131n\u0131, \u00f6nemli bir istihdam sa\u011flayaca\u011f\u0131n\u0131 ayr\u0131ca hukuk, sigorta gibi yan sekt\u00f6rleri de besleyerek ekonomiye kald\u0131ra\u00e7 etkisi olu\u015fturaca\u011f\u0131n\u0131 belirtti.<\/p>\n<p>\u0130TO Ba\u015fkan\u0131 \u00c7a\u011flar, \u0130FM\u2019nin rakip kentlerdeki finans merkezleri i\u00e7inde \u00f6ne \u00e7\u0131kabilmesi i\u00e7in pozitif ayr\u0131mc\u0131l\u0131\u011fa tabi tutulmas\u0131n\u0131n yararl\u0131 olaca\u011f\u0131n\u0131 ifade etti. \u00c7a\u011flar, \u201cFiziki altyap\u0131n\u0131n yan\u0131nda yasal altyap\u0131 olarak da \u00f6zel bir te\u015fvik mekanizmas\u0131n\u0131n kurgulanmas\u0131nda b\u00fcy\u00fck fayda var. \u00d6zellikle \u0130FM dahilindeki finansal ve mali hizmetlerin vergisel ve ticari yap\u0131lar\u0131nda yeni bir kurgu gerekli. Finansal \u00fcr\u00fcn say\u0131s\u0131 artmal\u0131. \u0130htisas mahkemeleri de bu piyasa i\u00e7in olmazsa olmazlardan&#8221; dedi.<\/p>\n<\/div>\n","protected":false},"excerpt":{"rendered":"<p>D\u00fcnyan\u0131n paras\u0131 \u0130stanbul&#8217;a akacak. \u0130stanbul Ticaret Odas\u0131 Ba\u015fkan\u0131 \u0130brahim \u00c7a\u011flar, \u201cFinans Merkezi ile \u0130stanbul d\u00fcnyada fon ak\u0131mlar\u0131n\u0131n ana yollar\u0131ndan biri olacak. D\u00fcnyan\u0131n paras\u0131 \u0130FM ile \u0130stanbul&#8217;a akacak&#8221; dedi. \u0130stanbul Ticaret Odas\u0131 Ba\u015fkan\u0131 \u0130brahim \u00c7a\u011flar, \u201cFinans Merkezi ile \u0130stanbul d\u00fcnyada fon ak\u0131mlar\u0131n\u0131n ana yollar\u0131ndan biri olacak. D\u00fcnyan\u0131n paras\u0131 \u0130FM ile \u0130stanbul&#8217;a akacak&#8221; dedi. \u0130stanbul yar\u0131n uluslararas\u0131 [&hellip;]<\/p>\n","protected":false},"author":1,"featured_media":3667,"comment_status":"open","ping_status":"open","sticky":false,"template":"","format":"standard","meta":{"ngg_post_thumbnail":0},"categories":[26,27],"tags":[11142,505,298,62,4167,2927,588,3071,4165,73,4166,80,11420,3965,11557],"_links":{"self":[{"href":"https:\/\/emlaktuel.com\/index.php?rest_route=\/wp\/v2\/posts\/6760"}],"collection":[{"href":"https:\/\/emlaktuel.com\/index.php?rest_route=\/wp\/v2\/posts"}],"about":[{"href":"https:\/\/emlaktuel.com\/index.php?rest_route=\/wp\/v2\/types\/post"}],"author":[{"embeddable":true,"href":"https:\/\/emlaktuel.com\/index.php?rest_route=\/wp\/v2\/users\/1"}],"replies":[{"embeddable":true,"href":"https:\/\/emlaktuel.com\/index.php?rest_route=%2Fwp%2Fv2%2Fcomments&post=6760"}],"version-history":[{"count":1,"href":"https:\/\/emlaktuel.com\/index.php?rest_route=\/wp\/v2\/posts\/6760\/revisions"}],"predecessor-version":[{"id":6761,"href":"https:\/\/emlaktuel.com\/index.php?rest_route=\/wp\/v2\/posts\/6760\/revisions\/6761"}],"wp:featuredmedia":[{"embeddable":true,"href":"https:\/\/emlaktuel.com\/index.php?rest_route=\/wp\/v2\/media\/3667"}],"wp:attachment":[{"href":"https:\/\/emlaktuel.com\/index.php?rest_route=%2Fwp%2Fv2%2Fmedia&parent=6760"}],"wp:term":[{"taxonomy":"category","embeddable":true,"href":"https:\/\/emlaktuel.com\/index.php?rest_route=%2Fwp%2Fv2%2Fcategories&post=6760"},{"taxonomy":"post_tag","embeddable":true,"href":"https:\/\/emlaktuel.com\/index.php?rest_route=%2Fwp%2Fv2%2Ftags&post=6760"}],"curies":[{"name":"wp","href":"https:\/\/api.w.org\/{rel}","templated":true}]}}