{"id":6675,"date":"2016-10-12T12:23:45","date_gmt":"2016-10-12T09:23:45","guid":{"rendered":"http:\/\/emlaktuel.com\/?p=6675"},"modified":"2018-07-05T14:59:45","modified_gmt":"2018-07-05T11:59:45","slug":"ukraya-acilan-dolandiricilik-davasi-24-ocaka-ertelendi","status":"publish","type":"post","link":"https:\/\/emlaktuel.com\/?p=6675","title":{"rendered":"Ukra&#8217;ya a\u00e7\u0131lan doland\u0131r\u0131c\u0131l\u0131k davas\u0131 24 Ocak&#8217;a ertelendi!"},"content":{"rendered":"<h1 class=\"news-detail-title selectionShareable\">Ukra \u015firket ortaklar\u0131 Ahmet Ziya Balc\u0131, Mustafa Kaya, Atilla Yavuz, Yusuf Adak&#8217;a a\u00e7\u0131lan doland\u0131r\u0131c\u0131l\u0131k davas\u0131nda 2. duru\u015fma 8. Bak\u0131rk\u00f6y A\u011f\u0131r Ceza Mahkemesi&#8217;nde bug\u00fcn saat 10:00&#8217;da g\u00f6r\u00fcld\u00fc.<\/h1>\n<p>&nbsp;<\/p>\n<div>\n<p>Ukra \u015firket ortaklar\u0131 Ahmet Ziya Balc\u0131, Mustafa Kaya, Atilla Yavuz, Yusuf Adak&#8217;a a\u00e7\u0131lan doland\u0131r\u0131c\u0131l\u0131k davas\u0131nda 2. duru\u015fma 8. Bak\u0131rk\u00f6y A\u011f\u0131r Ceza Mahkemesi&#8217;nde bug\u00fcn saat 10:00&#8217;da g\u00f6r\u00fcld\u00fc.<\/p>\n<p>San\u0131klar Mustafa Kaya, Ahmet \u00a0Ziya Balc\u0131, Atilla Yavuz, Yusuf Adak duru\u015fmada haz\u0131r bulundular ve ortak ifadelerinde &#8220;\u00d6zyurtlar ile kayyumlar\u0131n bilgisi dahilinde 2 \u015eubat 2016 tarihinde \u00f6n protokol imzalad\u0131klar\u0131n\u0131 ve Ekim ay\u0131n\u0131n 2. yar\u0131s\u0131nda resmi anla\u015fman\u0131n bitece\u011fini, \u00a0\u015fu anki \u00d6zyurtlarla yap\u0131lan anla\u015fma zemininde t\u00fcm ma\u011fdurlar\u0131n haklar\u0131n\u0131n korundu\u011funu, m\u00fc\u015fterilerinin d\u0131\u015far\u0131da kalmayaca\u011f\u0131n\u0131 ve doland\u0131r\u0131c\u0131 olmad\u0131klar\u0131n\u0131 \u00a0s\u00f6ylediler. Duru\u015fma, savunman\u0131n \u00d6zyurtlar ile projenin devrine ili\u015fkin yaz\u0131l\u0131 belge ve ba\u015fka delilleri sunulmas\u0131 i\u00e7in 24 Ocak 2017 tarihine ertelendi.<\/p>\n<p>Ukracity Kom\u015fular\u0131 Derne\u011fi (UKOM) konuyla ilgili \u015fu a\u00e7\u0131klamay\u0131 yapt\u0131;<\/p>\n<p>Say\u0131n UKOM kom\u015fular\u0131m\u0131z;<\/p>\n<p>M\u00fc\u015ftekiler; M\u00fcyesser Dulundu, Sezai \u015eenol,Canan Sepken, Jale Acar Ya\u015far, G\u00fclcihan B\u00fclgili, M\u00fcjgan Can Turgut, Ali \u00d6zcan, Aytan Pamuk, Zerrin An\u0131l, Fatma Balc\u0131, Semra Vural, Sel\u00e7uk Ar\u0131k ve Mehmet Ekiz taraf\u0131ndan a\u00e7\u0131lan \u00a0Ukra \u015firket ortaklar\u0131 (Mustafa Kaya, Ahmet Ziya Balc\u0131, Atilla Yavuz, Yusuf Adak) hakk\u0131nda Tacir veya \u015firket y\u00f6neticileri ile kooperatif y\u00f6neticilerinin doland\u0131r\u0131c\u0131l\u0131\u011f\u0131 \u00a0sebebiyle g\u00f6r\u00fclen davan\u0131n 2. duru\u015fmas\u0131 yap\u0131ld\u0131.<\/p>\n<p>San\u0131klar (Mustafa Kaya, Ahmet \u00a0Ziya Balc\u0131, Atilla Yavuz, Yusuf Adak) duru\u015fmada haz\u0131r bulundular ve ortak ifadelerinde &#8220;\u00d6zyurtlar ile kayyumlar\u0131n bilgisi dahilinde 2 \u015eubat 2016 tarihinde \u00f6n protokol imzalad\u0131klar\u0131n\u0131 ve ekim ay\u0131n\u0131n 2. yar\u0131s\u0131nda resmi anla\u015fman\u0131n bitece\u011fini, \u00a0\u015fu anki \u00d6zyurtlarla yap\u0131lan anla\u015fma zemininde t\u00fcm ma\u011fdurlar\u0131n haklar\u0131n\u0131n korundu\u011funu, m\u00fc\u015fterilerinin d\u0131\u015far\u0131da kalmayaca\u011f\u0131n\u0131 ve doland\u0131r\u0131c\u0131 olmad\u0131klar\u0131n\u0131 s\u00f6ylediler.<\/p>\n<p>3. duru\u015fma g\u00fcn\u00fc; savunman\u0131n \u00d6zyurtlar ile projenin devrine ili\u015fkin yaz\u0131l\u0131 belge ve ba\u015fka delilleri sunmas\u0131 i\u00e7in 24 Ocak 2017 tarihine verilmi\u015ftir.<\/p>\n<p>UKOM Y\u00f6netimi<\/p>\n<p>Ukra \u0130n\u015faat 378 ofisin yer ald\u0131\u011f\u0131 Ukra Han Plus, 800 konutun yer ald\u0131\u011f\u0131 Hane Plus projelerinden sonra, 2010 tarihinde en b\u00fcy\u00fck projesi olan \u00a02.560 konut ve 70 d\u00fckkanl\u0131k Ukra City&#8217;e ba\u015flam\u0131\u015ft\u0131. Ge\u00e7ti\u011fimiz g\u00fcnlerde Esenyurt Belediye Ba\u015fkan\u0131 Necmi Kad\u0131o\u011flu, Ukra \u0130n\u015faat Y\u00f6netim Kurulu Ba\u015fkan\u0131 Atilla Yavuz ve \u00d6zyurtlar Y\u00f6netim Kurulu Ba\u015fkan\u0131 Tamer \u00d6zyurt&#8217;la g\u00f6r\u00fclen UKOM t\u00fcm Ukra ma\u011fdurlar\u0131na in\u015faat\u0131n ba\u015flayaca\u011f\u0131n\u0131n m\u00fcjdesini vermi\u015fti.<\/p>\n<p>Ceren Y\u00d6R\u00dcK\/Emlakkulisi.com<\/p>\n<\/div>\n","protected":false},"excerpt":{"rendered":"<p>Ukra \u015firket ortaklar\u0131 Ahmet Ziya Balc\u0131, Mustafa Kaya, Atilla Yavuz, Yusuf Adak&#8217;a a\u00e7\u0131lan doland\u0131r\u0131c\u0131l\u0131k davas\u0131nda 2. duru\u015fma 8. Bak\u0131rk\u00f6y A\u011f\u0131r Ceza Mahkemesi&#8217;nde bug\u00fcn saat 10:00&#8217;da g\u00f6r\u00fcld\u00fc. &nbsp; Ukra \u015firket ortaklar\u0131 Ahmet Ziya Balc\u0131, Mustafa Kaya, Atilla Yavuz, Yusuf Adak&#8217;a a\u00e7\u0131lan doland\u0131r\u0131c\u0131l\u0131k davas\u0131nda 2. duru\u015fma 8. Bak\u0131rk\u00f6y A\u011f\u0131r Ceza Mahkemesi&#8217;nde bug\u00fcn saat 10:00&#8217;da g\u00f6r\u00fcld\u00fc. San\u0131klar Mustafa [&hellip;]<\/p>\n","protected":false},"author":1,"featured_media":6676,"comment_status":"open","ping_status":"open","sticky":false,"template":"","format":"standard","meta":{"ngg_post_thumbnail":0},"categories":[221,26],"tags":[74,4127,4126,4125,80,11530,106,11447,2208,4124,4123,4122],"_links":{"self":[{"href":"https:\/\/emlaktuel.com\/index.php?rest_route=\/wp\/v2\/posts\/6675"}],"collection":[{"href":"https:\/\/emlaktuel.com\/index.php?rest_route=\/wp\/v2\/posts"}],"about":[{"href":"https:\/\/emlaktuel.com\/index.php?rest_route=\/wp\/v2\/types\/post"}],"author":[{"embeddable":true,"href":"https:\/\/emlaktuel.com\/index.php?rest_route=\/wp\/v2\/users\/1"}],"replies":[{"embeddable":true,"href":"https:\/\/emlaktuel.com\/index.php?rest_route=%2Fwp%2Fv2%2Fcomments&post=6675"}],"version-history":[{"count":1,"href":"https:\/\/emlaktuel.com\/index.php?rest_route=\/wp\/v2\/posts\/6675\/revisions"}],"predecessor-version":[{"id":6677,"href":"https:\/\/emlaktuel.com\/index.php?rest_route=\/wp\/v2\/posts\/6675\/revisions\/6677"}],"wp:featuredmedia":[{"embeddable":true,"href":"https:\/\/emlaktuel.com\/index.php?rest_route=\/wp\/v2\/media\/6676"}],"wp:attachment":[{"href":"https:\/\/emlaktuel.com\/index.php?rest_route=%2Fwp%2Fv2%2Fmedia&parent=6675"}],"wp:term":[{"taxonomy":"category","embeddable":true,"href":"https:\/\/emlaktuel.com\/index.php?rest_route=%2Fwp%2Fv2%2Fcategories&post=6675"},{"taxonomy":"post_tag","embeddable":true,"href":"https:\/\/emlaktuel.com\/index.php?rest_route=%2Fwp%2Fv2%2Ftags&post=6675"}],"curies":[{"name":"wp","href":"https:\/\/api.w.org\/{rel}","templated":true}]}}