{"id":6661,"date":"2016-10-11T14:36:14","date_gmt":"2016-10-11T11:36:14","guid":{"rendered":"http:\/\/emlaktuel.com\/?p=6661"},"modified":"2018-07-05T14:59:31","modified_gmt":"2018-07-05T11:59:31","slug":"and-gayrimenkul-anadolu-efese-sponsor-oldu","status":"publish","type":"post","link":"https:\/\/emlaktuel.com\/?p=6661","title":{"rendered":"AND Gayrimenkul, Anadolu Efes\u2019e sponsor oldu"},"content":{"rendered":"<p>Anadolu Efes Kul\u00fcb\u00fc, Anadolu Grubu \u015firketlerinden AND Gayrimenkul ile i\u015f birli\u011fi yapt\u0131. Ortakl\u0131kla ilgili Grand Hyatt Otel\u2019de d\u00fczenlenen bas\u0131n toplant\u0131s\u0131na,\u00a0Anadolu Efes Kul\u00fcb\u00fc Genel Direkt\u00f6r\u00fc Alper Y\u0131lmaz, AND Gayrimenkul Genel M\u00fcd\u00fcr\u00fc Ali Baki Usta ve Anadolu Efes Basketbol Tak\u0131m\u0131 Kaptan\u0131 Do\u011fu\u015f Balbay kat\u0131ld\u0131.<\/p>\n<div class=\"entry\">\n<p>Bir sezonluk yap\u0131lan anla\u015fmaya g\u00f6re Anadolu Efes, Spor Toto Basketbol S\u00fcper Ligi\u2019nde \u00e7\u0131kt\u0131\u011f\u0131 ma\u00e7larda s\u0131rt\u0131nda AND Gayrimenkul logolu forma giyecek. Anla\u015fma kapsam\u0131nda \u00e7ocuklara y\u00f6nelik sosyal sorumluluk projeleri de ger\u00e7ekle\u015ftirilecek.<\/p>\n<p>\u0130\u015f birli\u011fi ile ilgili a\u00e7\u0131klamada bulunan\u00a0Alper Y\u0131lmaz, yeni ortaklar\u0131yla basketbolseverlere, \u00f6zellikle de \u00e7ocuklara y\u00f6nelik pek \u00e7ok organizasyona imza atacaklar\u0131n\u0131 belirterek, \u201cTHY Avrupa Ligi, Spor Toto Basketbol S\u00fcper Ligi ve T\u00fcrkiye Kupas\u0131\u2019nda m\u00fccadele edece\u011fimiz sezonda AND Gayrimenkul gibi bir markayla i\u015f birli\u011fi i\u00e7inde olmak, bize \u00e7ok b\u00fcy\u00fck mutluluk veriyor. Bu i\u015f birli\u011finin, hem kul\u00fcb\u00fcm\u00fcze hem de T\u00fcrk basketboluna b\u00fcy\u00fck bir de\u011fer kataca\u011f\u0131na inan\u0131yoruz. AND Gayrimenkul gibi sayg\u0131n bir markan\u0131n spor ekosistemine kul\u00fcb\u00fcm\u00fczle birlikte dahil olmas\u0131 bizim i\u00e7in farkl\u0131 bir mutluluk kayna\u011f\u0131.\u00a0\u0130n\u015fallah bu i\u015f birli\u011fi sadece bu sezon de\u011fil \u00f6n\u00fcm\u00fczdeki 10-20 sezon birlikte gider.\u201d diye konu\u015ftu.<\/p>\n<p>Anadolu Efes\u2019in ma\u00e7lar\u0131n\u0131 oynayaca\u011f\u0131 yeni bir salon projesinin olup olmad\u0131\u011f\u0131 sorulan Y\u0131lmaz, \u201cKul\u00fcp olarak hedeflerimizden biri kendi salonumuzda oynamak. \u00c7e\u015fitli sezonlarda, farkl\u0131 salonlarda oynaman\u0131n zorlu\u011funu \u00e7eken bir kul\u00fcb\u00fcz ama \u015fu anda b\u00f6yle bir proje i\u00e7inde de\u011filiz.\u201d ifadelerini kulland\u0131.<\/p>\n<p>Ali Baki Usta ise Anadolu Efes ile yapt\u0131klar\u0131 ortakl\u0131\u011f\u0131 \u00e7ok \u00f6nemsediklerini vurgulayarak, \u015funlar\u0131 kaydetti:<\/p>\n<p>\u201cT\u00fcrk sporunun en de\u011ferli markalar\u0131ndan biri olan Anadolu Efes ile g\u00fc\u00e7 birli\u011fi yapt\u0131\u011f\u0131m\u0131z i\u00e7in mutluluk ve onur duyuyoruz. Onlar\u0131n ba\u015far\u0131lar\u0131, bizim sekt\u00f6rdeki yerimize, hedeflerimize ve iddiam\u0131za rehberlik ediyor. Anadolu Efes, T\u00fcrkiye\u2019ye basketbolu sevdirmeyi ba\u015fard\u0131. Biz de bu i\u015f birli\u011fini, sadece marka g\u00f6r\u00fcn\u00fcrl\u00fc\u011f\u00fc olarak ele alm\u0131yor, \u00e7ocuklar\u0131m\u0131za basketbolu sevdirmek ve onlar\u0131 sporla tan\u0131\u015ft\u0131rma misyonu olarak de\u011ferlendiriyoruz. Bu y\u00fczden \u00e7ocuklar\u0131m\u0131z\u0131 Anadolu Efes ma\u00e7lar\u0131na g\u00f6t\u00fcrmeyi planl\u0131yoruz. \u0130\u015f birli\u011fimizin uzun soluklu olaca\u011f\u0131na inan\u0131yoruz. Sezon sonunda ise kupa sevin\u00e7lerini hep birlikte ya\u015famay\u0131 diliyoruz.\u201d<\/p>\n<p>Do\u011fu\u015f Balbay da ger\u00e7ekle\u015ftirilen birliktelikten duydu\u011fu memnuniyeti dile getirerek, \u201cB\u00f6yle bir i\u015f birli\u011finin par\u00e7as\u0131 olmak tak\u0131m\u0131m ad\u0131na mutluluk verici. Umar\u0131m bu birliktelikle hem biz sahalarda rekorlara ko\u015far kupalar kazan\u0131r\u0131z hem de AND Gayrimenkul konut sekt\u00f6r\u00fcnde sat\u0131\u015f rekorlar\u0131yla bizleri mutlu ederler.\u201d a\u00e7\u0131klamas\u0131nda bulundu.<\/p>\n<\/div>\n","protected":false},"excerpt":{"rendered":"<p>Anadolu Efes Kul\u00fcb\u00fc, Anadolu Grubu \u015firketlerinden AND Gayrimenkul ile i\u015f birli\u011fi yapt\u0131. Ortakl\u0131kla ilgili Grand Hyatt Otel\u2019de d\u00fczenlenen bas\u0131n toplant\u0131s\u0131na,\u00a0Anadolu Efes Kul\u00fcb\u00fc Genel Direkt\u00f6r\u00fc Alper Y\u0131lmaz, AND Gayrimenkul Genel M\u00fcd\u00fcr\u00fc Ali Baki Usta ve Anadolu Efes Basketbol Tak\u0131m\u0131 Kaptan\u0131 Do\u011fu\u015f Balbay kat\u0131ld\u0131. Bir sezonluk yap\u0131lan anla\u015fmaya g\u00f6re Anadolu Efes, Spor Toto Basketbol S\u00fcper Ligi\u2019nde \u00e7\u0131kt\u0131\u011f\u0131 [&hellip;]<\/p>\n","protected":false},"author":1,"featured_media":6662,"comment_status":"open","ping_status":"open","sticky":false,"template":"","format":"standard","meta":{"ngg_post_thumbnail":0},"categories":[221,1,27],"tags":[214,4114,4112,4111,4113,107,106,11190,1257],"_links":{"self":[{"href":"https:\/\/emlaktuel.com\/index.php?rest_route=\/wp\/v2\/posts\/6661"}],"collection":[{"href":"https:\/\/emlaktuel.com\/index.php?rest_route=\/wp\/v2\/posts"}],"about":[{"href":"https:\/\/emlaktuel.com\/index.php?rest_route=\/wp\/v2\/types\/post"}],"author":[{"embeddable":true,"href":"https:\/\/emlaktuel.com\/index.php?rest_route=\/wp\/v2\/users\/1"}],"replies":[{"embeddable":true,"href":"https:\/\/emlaktuel.com\/index.php?rest_route=%2Fwp%2Fv2%2Fcomments&post=6661"}],"version-history":[{"count":1,"href":"https:\/\/emlaktuel.com\/index.php?rest_route=\/wp\/v2\/posts\/6661\/revisions"}],"predecessor-version":[{"id":6663,"href":"https:\/\/emlaktuel.com\/index.php?rest_route=\/wp\/v2\/posts\/6661\/revisions\/6663"}],"wp:featuredmedia":[{"embeddable":true,"href":"https:\/\/emlaktuel.com\/index.php?rest_route=\/wp\/v2\/media\/6662"}],"wp:attachment":[{"href":"https:\/\/emlaktuel.com\/index.php?rest_route=%2Fwp%2Fv2%2Fmedia&parent=6661"}],"wp:term":[{"taxonomy":"category","embeddable":true,"href":"https:\/\/emlaktuel.com\/index.php?rest_route=%2Fwp%2Fv2%2Fcategories&post=6661"},{"taxonomy":"post_tag","embeddable":true,"href":"https:\/\/emlaktuel.com\/index.php?rest_route=%2Fwp%2Fv2%2Ftags&post=6661"}],"curies":[{"name":"wp","href":"https:\/\/api.w.org\/{rel}","templated":true}]}}