{"id":6625,"date":"2016-10-11T12:25:20","date_gmt":"2016-10-11T09:25:20","guid":{"rendered":"http:\/\/emlaktuel.com\/?p=6625"},"modified":"2018-07-05T14:58:58","modified_gmt":"2018-07-05T11:58:58","slug":"pendik-kadikoy-arasi-metro-ile-38-dakikaya-indi","status":"publish","type":"post","link":"https:\/\/emlaktuel.com\/?p=6625","title":{"rendered":"Pendik-Kad\u0131k\u00f6y aras\u0131 metro ile 38 dakikaya indi!"},"content":{"rendered":"<h1 class=\"news-detail-title selectionShareable\">3,5 y\u0131lda tamamland\u0131.<\/h1>\n<h1 class=\"news-detail-title selectionShareable\">Kad\u0131k\u00f6y-Kartal metro hatt\u0131n\u0131n devam\u0131n\u0131 olu\u015fturan Kartal-Tav\u015fantepe hatt\u0131 d\u00fcn sabah seferlerine ba\u015flad\u0131. Vatanda\u015f metroya ak\u0131n etti. Trafik yo\u011funlu\u011fu nedeniyle zaman zaman saatleri bulan Pendik-Kad\u0131k\u00f6y aras\u0131 38 dakika oldu.<\/h1>\n<p>Kad\u0131k\u00f6y-Kartal metro hatt\u0131n\u0131n devam\u0131n\u0131 olu\u015fturan Kartal-Tav\u015fantepe hatt\u0131 d\u00fcn sabah seferlerine ba\u015flad\u0131. Vatanda\u015f metroya ak\u0131n etti. Trafik yo\u011funlu\u011fu nedeniyle zaman zaman saatleri bulan Pendik-Kad\u0131k\u00f6y aras\u0131 38 dakika oldu.<\/p>\n<div>\n<div class=\"habericirek\"><\/div>\n<p>\u0130stanbul metrosunun yeni istasyonlar\u0131 d\u00fcn sabah saat 06.00&#8217;da hizmete girdi. Kartal- Tav\u015fantepe hatt\u0131 Yakac\u0131k (Adnan Kahveci), Pendik ve Kaynarca (Tav\u015fantepe) olmak \u00fczere 3 istasyondan olu\u015fuyor. Hatt\u0131n hizmete girmesiyle Kad\u0131k\u00f6y- Tav\u015fantepe aras\u0131ndaki hat uzunlu\u011fu 26.2 kilometreye, istasyon say\u0131s\u0131 19&#8217;a ula\u015ft\u0131. Kad\u0131k\u00f6y-Tav\u015fantepe aras\u0131nda yolculuk s\u00fcresi 38.5 dakika olacak. Metronun ilk seferinde Pendik Belediye Ba\u015fkan\u0131 Kenan \u015eahin, belediye personeli ve vatanda\u015flarla birlikte yolculuk yapt\u0131.<\/p>\n<h2>SAB\u0130HA G\u00d6K\u00c7EN&#8217;DE METROYA B\u0130R ADIM<\/h2>\n<p>Yeni a\u00e7\u0131lan hatla birlikte hemen yak\u0131ndaki Sabiha G\u00f6k\u00e7en Havaalan\u0131&#8217;na rayl\u0131 ula\u015f\u0131m\u0131n ula\u015fmas\u0131 i\u00e7in b\u00fcy\u00fck bir ad\u0131m daha at\u0131lm\u0131\u015f oldu.<\/p>\n<h2>&#8216;\u0130LK SEFER\u0130N HEYECANI \u0130\u00c7\u0130NDEY\u0130Z&#8217;<\/h2>\n<p>Pendik Belediye Ba\u015fkan\u0131 Kenan \u015eahin, Tav\u015fantepe dura\u011f\u0131ndan vatanda\u015flarla birlikte ilk seyahati ger\u00e7ekle\u015ftirdi. \u015eahin, &#8220;Uzun zamand\u0131r Pendik halk\u0131, Pendik&#8217;ten metroya binmeyi bekliyordu. Hep birlikte buraday\u0131z ve ilk seferin heyecan\u0131n\u0131 ya\u015f\u0131yoruz&#8221; dedi.<\/p>\n<h2>3.5 YILDA TAMAMLANDI<\/h2>\n<p>Anadolu Yakas\u0131&#8217;n\u0131n ilk metrosu olan Kad\u0131k\u00f6y-Kartal metro hatt\u0131n\u0131n devam\u0131 niteli\u011findeki Kartal-Pendik-Tav\u015fantepe hatt\u0131n\u0131n ihalesi 6 Mart 2013&#8217;te yap\u0131lm\u0131\u015ft\u0131. Metro hatt\u0131n\u0131n t\u00fcm istasyonlar\u0131nda y\u00fcr\u00fcyen merpenli giri\u015f \u00e7\u0131k\u0131\u015flar ile engelliler i\u00e7in asans\u00f6rler bulunuyor. D-100 Karayolu g\u00fczerg\u00e2h\u0131ndaki t\u00fcm istasyonlarda, kuzey ve g\u00fcney taraflarda giri\u015f \u00e7\u0131k\u0131\u015flar ve bunlar aras\u0131nda altge\u00e7itler yer al\u0131yor. Tav\u015fantepe Dura\u011f\u0131&#8217;nda \u015fimdilik E-5 Yanyol Tuzla y\u00f6n\u00fc, kaymakaml\u0131k ve hastanelere \u00e7\u0131k\u0131\u015f sa\u011flayan g\u00fcney b\u00f6l\u00fcm\u00fc a\u00e7\u0131ld\u0131. Kuzey \u00e7\u0131k\u0131\u015f\u0131nda \u00e7al\u0131\u015fmalar devam etti\u011fi i\u00e7in yaya ge\u00e7i\u015fine kapal\u0131 durumda. Pendik istasyonunda ise 5 \u00e7\u0131k\u0131\u015f bulunuyor. Yakac\u0131k- Adnan Kahveci Dura\u011f\u0131&#8217;nda da yolcular \u00fc\u00e7 b\u00f6l\u00fcmden giri\u015f \u00e7\u0131k\u0131\u015f sa\u011flayabiliyor.<\/p>\n<h2>&#8216;G\u00dcVEN VE KONFOR B\u0130R ARADA&#8217;<\/h2>\n<p>Kartal-Tav\u015fantepe hatt\u0131n\u0131n a\u00e7\u0131lmas\u0131yla birlikte d\u00fcn vatanda\u015flar metroya ak\u0131n etti. Vatanda\u015flar g\u00fcven ve konforu bir arada ya\u015faman\u0131n mutlulu\u011funu dile getirdi.<\/p>\n<p>Yeni evli Fatma (21) ve Alican Baydar (23) \u00e7ifti: Tav\u015fantepe&#8217;de oturuyoruz. Kad\u0131k\u00f6y&#8217;e gezmeye gidiyoruz. Bu g\u00fczerg\u00e2h bizim i\u00e7in adeta piyango oldu. Yapanlara \u015f\u00fckranlar\u0131m\u0131z\u0131 iletiyoruz.<\/p>\n<p>Erhan Karaer: Evimiz Maltepe&#8217;de. Daha \u00f6nce otob\u00fcs kullanarak yolculuk yapmak \u00f6zellikle \u00e7ocuklar ve e\u015fim i\u00e7in zor geliyordu. Art\u0131k metro kullanarak daha rahat ve konforlu bir yolculuk yap\u0131yoruz. \u015eu an kay\u0131nvalideme gidiyoruz ve bu g\u00fczerg\u00e2h sayesinde \u00e7ok daha s\u0131k gidece\u011fiz.<\/p>\n<p>G\u00fczellik uzman\u0131 Nur Yurt (26): \u0130\u015fyerimde kad\u0131nlar\u0131 bekletmeye gelmez. Bu metro sayesinde Kartal-Tav\u015fantepe aras\u0131ndaki ev ve i\u015fime daha h\u0131zl\u0131 gidip gelece\u011fim.<\/p>\n<p>Web tasar\u0131m uzman\u0131 \u015eenol Kele\u015f (31): T\u00fcm ailemle birlikte denemek i\u00e7in bindik. Anadolu Yakas\u0131 son y\u0131llarda her alanda geli\u015fmeye devam ediyor. Metro en rahat ve en g\u00fcvenli ula\u015f\u0131m arac\u0131.<\/p>\n<p>Murat Ulu\u00e7ay (33): E\u015fimle y\u00fcr\u00fcy\u00fc\u015f i\u00e7in Kad\u0131k\u00f6y&#8217;e gittik. Huzur ve g\u00fcven i\u00e7inde Pendik&#8217;teki evimize d\u00f6n\u00fcyoruz. Hem trafikten hem de g\u00fcr\u00fclt\u00fcs\u00fcnden kurtulmu\u015f olduk.<\/p>\n<h2>YOL VE ZAMAN TASARRUFU<\/h2>\n<p>Kartal-Pendik-Tav\u015fantepe Metro Hatt\u0131yla;<\/p>\n<p>Pendik-Bostanc\u0131 20 dakika<\/p>\n<p>Pendik-Kad\u0131k\u00f6y 34 dakika<\/p>\n<p>Pendik-\u00dcsk\u00fcdar 38 dakika<\/p>\n<p>Pendik-Yenikap\u0131 47 dakika<\/p>\n<p>Pendik-Aksaray 48 dakika<\/p>\n<p>Pendik-Taksim 61 dakika<\/p>\n<p>Pendik-Maslak 72.5 dakika<\/p>\n<p>Sabah<\/p>\n<\/div>\n","protected":false},"excerpt":{"rendered":"<p>3,5 y\u0131lda tamamland\u0131. Kad\u0131k\u00f6y-Kartal metro hatt\u0131n\u0131n devam\u0131n\u0131 olu\u015fturan Kartal-Tav\u015fantepe hatt\u0131 d\u00fcn sabah seferlerine ba\u015flad\u0131. Vatanda\u015f metroya ak\u0131n etti. Trafik yo\u011funlu\u011fu nedeniyle zaman zaman saatleri bulan Pendik-Kad\u0131k\u00f6y aras\u0131 38 dakika oldu. Kad\u0131k\u00f6y-Kartal metro hatt\u0131n\u0131n devam\u0131n\u0131 olu\u015fturan Kartal-Tav\u015fantepe hatt\u0131 d\u00fcn sabah seferlerine ba\u015flad\u0131. Vatanda\u015f metroya ak\u0131n etti. Trafik yo\u011funlu\u011fu nedeniyle zaman zaman saatleri bulan Pendik-Kad\u0131k\u00f6y aras\u0131 38 [&hellip;]<\/p>\n","protected":false},"author":1,"featured_media":6626,"comment_status":"open","ping_status":"open","sticky":false,"template":"","format":"standard","meta":{"ngg_post_thumbnail":0},"categories":[26],"tags":[183,4072,11423,4069,677,4071,109,894,11225,184,4070,4068],"_links":{"self":[{"href":"https:\/\/emlaktuel.com\/index.php?rest_route=\/wp\/v2\/posts\/6625"}],"collection":[{"href":"https:\/\/emlaktuel.com\/index.php?rest_route=\/wp\/v2\/posts"}],"about":[{"href":"https:\/\/emlaktuel.com\/index.php?rest_route=\/wp\/v2\/types\/post"}],"author":[{"embeddable":true,"href":"https:\/\/emlaktuel.com\/index.php?rest_route=\/wp\/v2\/users\/1"}],"replies":[{"embeddable":true,"href":"https:\/\/emlaktuel.com\/index.php?rest_route=%2Fwp%2Fv2%2Fcomments&post=6625"}],"version-history":[{"count":1,"href":"https:\/\/emlaktuel.com\/index.php?rest_route=\/wp\/v2\/posts\/6625\/revisions"}],"predecessor-version":[{"id":6627,"href":"https:\/\/emlaktuel.com\/index.php?rest_route=\/wp\/v2\/posts\/6625\/revisions\/6627"}],"wp:featuredmedia":[{"embeddable":true,"href":"https:\/\/emlaktuel.com\/index.php?rest_route=\/wp\/v2\/media\/6626"}],"wp:attachment":[{"href":"https:\/\/emlaktuel.com\/index.php?rest_route=%2Fwp%2Fv2%2Fmedia&parent=6625"}],"wp:term":[{"taxonomy":"category","embeddable":true,"href":"https:\/\/emlaktuel.com\/index.php?rest_route=%2Fwp%2Fv2%2Fcategories&post=6625"},{"taxonomy":"post_tag","embeddable":true,"href":"https:\/\/emlaktuel.com\/index.php?rest_route=%2Fwp%2Fv2%2Ftags&post=6625"}],"curies":[{"name":"wp","href":"https:\/\/api.w.org\/{rel}","templated":true}]}}