{"id":6559,"date":"2016-10-08T14:23:22","date_gmt":"2016-10-08T11:23:22","guid":{"rendered":"http:\/\/emlaktuel.com\/?p=6559"},"modified":"2018-07-05T14:58:16","modified_gmt":"2018-07-05T11:58:16","slug":"vadisehirde-ev-alacaklara-harika-bir-kampanya","status":"publish","type":"post","link":"https:\/\/emlaktuel.com\/?p=6559","title":{"rendered":"Vadi\u015fehir\u2019de ev alacaklara harika bir kampanya!"},"content":{"rendered":"<p>Irmak Grup ve \u00c7olako\u011flu Yap\u0131 ortakl\u0131\u011f\u0131nda Ba\u015fak\u015fehir\u2019de hayata ge\u00e7irilen Vadi\u015fehir projesi son kampanyas\u0131 ile dikkat \u00e7ekiyor.<br \/>\n\u0130stanbul&#8217;un en h\u0131zl\u0131 geli\u015fen b\u00f6lgelerinden Ba\u015fak\u015fehir&#8217;de y\u00fckselen Vadi\u015fehir, sundu\u011fu \u00f6deme kolayl\u0131klar\u0131 ile ev alanlar\u0131n y\u00fcz\u00fcn\u00fc g\u00fcld\u00fcr\u00fcyor.<\/p>\n<p>Ba\u015flatt\u0131\u011f\u0131 son kampanyas\u0131 ile vade farks\u0131z 36 ay taksit, \u00fcstelik 60 ay i\u00e7in de 0,50 kar oran\u0131 sunan Vadi\u015fehir y\u00fcksek kazan\u00e7 vadediyor.<\/p>\n<p>Yeni \u0130stanbul olarak adland\u0131r\u0131lan bir b\u00f6lgede, mega projelerle, ye\u015fil alanlarla \u00e7evrili Ba\u015fak\u015fhir&#8217;de yer alan proje 2+1&#8217;den 4+1&#8217;e kadar farkl\u0131 daire se\u00e7enekleri sunuyor. 650 konut ve 60 ticari \u00fcniteden meydana gelen projede daire b\u00fcy\u00fckl\u00fckleri 127 metrekare ile 216 metrekare aras\u0131nda de\u011fi\u015fiklik g\u00f6steriyor. Metro, \u015eehir Park\u0131, \u015eehir Hastanesi okullar ve kamu alanlar\u0131n\u0131n merkezinde konumlanan Vadi\u015fehir&#8217;de teslimler ise Haziran 2017&#8217;de ba\u015fl\u0131yor.<\/p>\n","protected":false},"excerpt":{"rendered":"<p>Irmak Grup ve \u00c7olako\u011flu Yap\u0131 ortakl\u0131\u011f\u0131nda Ba\u015fak\u015fehir\u2019de hayata ge\u00e7irilen Vadi\u015fehir projesi son kampanyas\u0131 ile dikkat \u00e7ekiyor. \u0130stanbul&#8217;un en h\u0131zl\u0131 geli\u015fen b\u00f6lgelerinden Ba\u015fak\u015fehir&#8217;de y\u00fckselen Vadi\u015fehir, sundu\u011fu \u00f6deme kolayl\u0131klar\u0131 ile ev alanlar\u0131n y\u00fcz\u00fcn\u00fc g\u00fcld\u00fcr\u00fcyor. Ba\u015flatt\u0131\u011f\u0131 son kampanyas\u0131 ile vade farks\u0131z 36 ay taksit, \u00fcstelik 60 ay i\u00e7in de 0,50 kar oran\u0131 sunan Vadi\u015fehir y\u00fcksek kazan\u00e7 vadediyor. Yeni [&hellip;]<\/p>\n","protected":false},"author":1,"featured_media":6560,"comment_status":"open","ping_status":"open","sticky":false,"template":"","format":"standard","meta":{"ngg_post_thumbnail":0},"categories":[221,26,219],"tags":[11169,11251,544,80,106,11102,938,11218,11267,4027,4026,4028],"_links":{"self":[{"href":"https:\/\/emlaktuel.com\/index.php?rest_route=\/wp\/v2\/posts\/6559"}],"collection":[{"href":"https:\/\/emlaktuel.com\/index.php?rest_route=\/wp\/v2\/posts"}],"about":[{"href":"https:\/\/emlaktuel.com\/index.php?rest_route=\/wp\/v2\/types\/post"}],"author":[{"embeddable":true,"href":"https:\/\/emlaktuel.com\/index.php?rest_route=\/wp\/v2\/users\/1"}],"replies":[{"embeddable":true,"href":"https:\/\/emlaktuel.com\/index.php?rest_route=%2Fwp%2Fv2%2Fcomments&post=6559"}],"version-history":[{"count":1,"href":"https:\/\/emlaktuel.com\/index.php?rest_route=\/wp\/v2\/posts\/6559\/revisions"}],"predecessor-version":[{"id":6561,"href":"https:\/\/emlaktuel.com\/index.php?rest_route=\/wp\/v2\/posts\/6559\/revisions\/6561"}],"wp:featuredmedia":[{"embeddable":true,"href":"https:\/\/emlaktuel.com\/index.php?rest_route=\/wp\/v2\/media\/6560"}],"wp:attachment":[{"href":"https:\/\/emlaktuel.com\/index.php?rest_route=%2Fwp%2Fv2%2Fmedia&parent=6559"}],"wp:term":[{"taxonomy":"category","embeddable":true,"href":"https:\/\/emlaktuel.com\/index.php?rest_route=%2Fwp%2Fv2%2Fcategories&post=6559"},{"taxonomy":"post_tag","embeddable":true,"href":"https:\/\/emlaktuel.com\/index.php?rest_route=%2Fwp%2Fv2%2Ftags&post=6559"}],"curies":[{"name":"wp","href":"https:\/\/api.w.org\/{rel}","templated":true}]}}