{"id":6556,"date":"2016-10-08T14:20:07","date_gmt":"2016-10-08T11:20:07","guid":{"rendered":"http:\/\/emlaktuel.com\/?p=6556"},"modified":"2018-07-05T14:58:14","modified_gmt":"2018-07-05T11:58:14","slug":"kazancini-katlamak-isteyenler-lensistanbula-kosuyor","status":"publish","type":"post","link":"https:\/\/emlaktuel.com\/?p=6556","title":{"rendered":"Kazanc\u0131n\u0131 katlamak isteyenler Lensistanbul\u2019a ko\u015fuyor"},"content":{"rendered":"<p>Lens Yap\u0131 taraf\u0131ndan Kurtk\u00f6y\u2019de hayata ge\u00e7irilen Lensistanbul, yat\u0131r\u0131m potansiyeli y\u00fcksek bir proje olarak dikkatleri \u00e7ekiyor.<br \/>\nKurtk\u00f6y&#8217;de in\u015fa edilen Lensistanbul, Ayd\u0131no\u011flu Grup, Mah Havac\u0131l\u0131k, Ortado\u011fu Grup ve Renium Yap\u0131 bir araya gelmesiyle olu\u015fan Lens Yap\u0131 taraf\u0131ndan hayata ge\u00e7iriliyor. TEM Otoyolu&#8217;nun ve metro istasyonunun hemen yan\u0131 ba\u015f\u0131nda bulunan proje daire ve d\u00fckkanlardan meydana geliyor. 33 bin metrekarelik arsa alan\u0131 \u00fczerinde bulunan Lensistanbul, 1+0&#8217;dan 4+1&#8217;e kadar farkl\u0131 daire se\u00e7eneklerinden olu\u015fuyor. 1162 konut ve 85 ticari \u00fcnitesi ile ev alanlar\u0131n hemen her ihtiyac\u0131na cevap veren projede daire b\u00fcy\u00fckl\u00fckleri\u00a0 45 metrekare ile 150 metrekare aras\u0131nda de\u011fi\u015fiklik g\u00f6steriyor.<\/p>\n<p>Sa\u011flad\u0131\u011f\u0131 y\u00fcksek prim avantaj\u0131 ile konut al\u0131c\u0131lar\u0131na y\u00fcksek bir yat\u0131r\u0131m f\u0131rsat\u0131 sunan Lensistanbul, y\u00fcksek standartlarda bir ya\u015fam vadediyor. Sabiha G\u00f6k\u00e7en Havaliman\u0131 ve \u015fehiri\u00e7i ula\u015f\u0131m a\u011flar\u0131na yak\u0131n bir noktada yer almas\u0131 ile dikkat \u00e7eken Lensistanbul, \u015fehrin en g\u00f6zde projeleri aras\u0131nda yer al\u0131yor.<\/p>\n<p><strong>YARISI PE\u015e\u0130N, GER\u0130S\u0130 TESL\u0130MDE!<\/strong><br \/>\nPe\u015fin al\u0131mlarda y\u00fczde 8 indirim uygulanan Lensistanbul&#8217;da banka kredili sat\u0131\u015flarda 120 aya 0.70 taksit imkan\u0131 yer al\u0131yor. &#8220;Yar\u0131s\u0131 pe\u015fin, gerisi teslimde&#8221; vade farks\u0131z \u00f6deme plan\u0131 sunan projede y\u00fczde 15 pe\u015finata 60 ay, y\u00fczde 50 pe\u015finata 36 ay, y\u00fczde 65 pe\u015finata 48 ay vade farks\u0131z taksitlendirme yap\u0131l\u0131yor.<\/p>\n<p>Gayrimenkul yat\u0131r\u0131mc\u0131lar\u0131n\u0131n g\u00f6zde noktalar\u0131 aras\u0131nda yer alan Lensistanbul&#8217;da teslimler ise Haziran 2018&#8217;de ba\u015fl\u0131yor.<\/p>\n","protected":false},"excerpt":{"rendered":"<p>Lens Yap\u0131 taraf\u0131ndan Kurtk\u00f6y\u2019de hayata ge\u00e7irilen Lensistanbul, yat\u0131r\u0131m potansiyeli y\u00fcksek bir proje olarak dikkatleri \u00e7ekiyor. Kurtk\u00f6y&#8217;de in\u015fa edilen Lensistanbul, Ayd\u0131no\u011flu Grup, Mah Havac\u0131l\u0131k, Ortado\u011fu Grup ve Renium Yap\u0131 bir araya gelmesiyle olu\u015fan Lens Yap\u0131 taraf\u0131ndan hayata ge\u00e7iriliyor. TEM Otoyolu&#8217;nun ve metro istasyonunun hemen yan\u0131 ba\u015f\u0131nda bulunan proje daire ve d\u00fckkanlardan meydana geliyor. 33 bin metrekarelik [&hellip;]<\/p>\n","protected":false},"author":1,"featured_media":6557,"comment_status":"open","ping_status":"open","sticky":false,"template":"","format":"standard","meta":{"ngg_post_thumbnail":0},"categories":[221,26,219,220],"tags":[11169,11251,4022,80,2430,4023,4025,4024,11395,11120,106,11102,96],"_links":{"self":[{"href":"https:\/\/emlaktuel.com\/index.php?rest_route=\/wp\/v2\/posts\/6556"}],"collection":[{"href":"https:\/\/emlaktuel.com\/index.php?rest_route=\/wp\/v2\/posts"}],"about":[{"href":"https:\/\/emlaktuel.com\/index.php?rest_route=\/wp\/v2\/types\/post"}],"author":[{"embeddable":true,"href":"https:\/\/emlaktuel.com\/index.php?rest_route=\/wp\/v2\/users\/1"}],"replies":[{"embeddable":true,"href":"https:\/\/emlaktuel.com\/index.php?rest_route=%2Fwp%2Fv2%2Fcomments&post=6556"}],"version-history":[{"count":1,"href":"https:\/\/emlaktuel.com\/index.php?rest_route=\/wp\/v2\/posts\/6556\/revisions"}],"predecessor-version":[{"id":6558,"href":"https:\/\/emlaktuel.com\/index.php?rest_route=\/wp\/v2\/posts\/6556\/revisions\/6558"}],"wp:featuredmedia":[{"embeddable":true,"href":"https:\/\/emlaktuel.com\/index.php?rest_route=\/wp\/v2\/media\/6557"}],"wp:attachment":[{"href":"https:\/\/emlaktuel.com\/index.php?rest_route=%2Fwp%2Fv2%2Fmedia&parent=6556"}],"wp:term":[{"taxonomy":"category","embeddable":true,"href":"https:\/\/emlaktuel.com\/index.php?rest_route=%2Fwp%2Fv2%2Fcategories&post=6556"},{"taxonomy":"post_tag","embeddable":true,"href":"https:\/\/emlaktuel.com\/index.php?rest_route=%2Fwp%2Fv2%2Ftags&post=6556"}],"curies":[{"name":"wp","href":"https:\/\/api.w.org\/{rel}","templated":true}]}}