{"id":6321,"date":"2016-10-02T13:21:30","date_gmt":"2016-10-02T10:21:30","guid":{"rendered":"http:\/\/emlaktuel.com\/?p=6321"},"modified":"2018-07-05T14:55:53","modified_gmt":"2018-07-05T11:55:53","slug":"esenyurtta-emlak-sektoru-4-yilda-yuzde-150-prim-yapti","status":"publish","type":"post","link":"https:\/\/emlaktuel.com\/?p=6321","title":{"rendered":"Esenyurt&#8217;ta emlak sekt\u00f6r\u00fc 4 y\u0131lda y\u00fczde 150 prim yapt\u0131!"},"content":{"rendered":"<h1 class=\"news-detail-title selectionShareable\">\u0130stanbul\u2019un h\u0131zl\u0131 geli\u015fen yerle\u015fim yerlerinden Esenyurt 2018\u2019de a\u00e7\u0131lacak metro ile son 4 y\u0131lda y\u00fczde 150 prim yapt\u0131. Metrekare fiyatlar\u0131 bin 800 liradan 4 bin 500 liraya kadar y\u00fckseldi.<\/h1>\n<p>&nbsp;<\/p>\n<div class=\"clear\"><\/div>\n<div>\n<p>\u0130stanbul\u2019un h\u0131zl\u0131 geli\u015fen yerle\u015fim yerlerinden Esenyurt 2018\u2019de a\u00e7\u0131lacak metro ile son 4 y\u0131lda y\u00fczde 150 prim yapt\u0131. Metrekare fiyatlar\u0131 bin 800 liradan 4 bin 500 liraya kadar y\u00fckseldi.\u00a0\u00d6NT\u00dc \u0130cra Kurulu Ba\u015fkan\u0131 Bulut, Suudi bir yat\u0131r\u0131mc\u0131ya 17 daire satt\u0131klar\u0131n\u0131 s\u00f6yledi.<\/p>\n<p>\u0130stanbul\u2019da Mahmutbey-Esenyurt aras\u0131 yolculuk s\u00fcresini 40 dakikaya d\u00fc\u015f\u00fcrecek olan ve 2018 y\u0131l\u0131nda a\u00e7\u0131lmas\u0131 planlanan metro hatt\u0131 etkisiyle \u015fimdiden Beylikd\u00fcz\u00fc-Esenyurt b\u00f6lgesi y\u00fczde 150 prim yapt\u0131. B\u00f6lgede 120 milyon liral\u0131k yat\u0131r\u0131mla \u00d6nay Life Residence projesini in\u015fa eden \u00d6NTU Yat\u0131r\u0131m Ortakl\u0131\u011f\u0131\u2019n\u0131n \u0130cra Kurulu Ba\u015fkan\u0131 \u00d6mer Bulut, metrekarelerin bin 800 liradan 4 bin-4 bin 500 lira seviyesine kadar geldi\u011fini s\u00f6yledi.<\/p>\n<h2>METROYU SORUYORLAR<\/h2>\n<p>Bulunduklar\u0131 Beylikd\u00fcz\u00fc-Esenyurt b\u00f6lgesi ve yeni yat\u0131r\u0131mlar\u0131 hakk\u0131nda bilgiler veren Bulut, \u00d6nay Grup olarak ilk konut projeleri olan Esenbah\u00e7e\u2019nin 2006\u2019da teslim edildi\u011fini, bunu bin \u00fcniteden olu\u015fan \u00d6nay Garden Residence\u2019\u0131n takip etti\u011fini a\u00e7\u0131klad\u0131. Bulut, \u201cBiz, 2005 y\u0131l\u0131nda \u015firketi kurdu\u011fumuzda lokasyon Beylikd\u00fcz\u00fc-Esenyurt\u2019tu. Bu lokasyonda biz kendini ispatlam\u0131\u015f bir firma \u00fcnvan\u0131 kazand\u0131k\u201d dedi. Sonras\u0131nda \u00d6nay Grup ve Tuna Ev-Ofis ortakl\u0131\u011f\u0131ndaki \u00d6NTU Yat\u0131r\u0131m Ortakl\u0131\u011f\u0131\u2019n\u0131n, \u0130stanbul\u2019un h\u0131zla geli\u015fen yerle\u015fim yerlerinden Beylikd\u00fcz\u00fc-Esenyurt\u2019ta \u00d6nay Life Residence projesine ba\u015flad\u0131\u011f\u0131n\u0131 s\u00f6yleyen \u00d6mer Bulut, bu projede yat\u0131r\u0131m de\u011ferinin 120 milyon lira oldu\u011funu a\u00e7\u0131klad\u0131. Buran\u0131n 465 \u00fcnite, 442 konut ve 23 ticari \u00fcnite bulundu\u011funu belirten Bulut, \u201cHedefimiz de 180 milyon ciro beklentisi. Burada 29 katl\u0131 bir konut blo\u011fu ve 3 katl\u0131 ticari \u00fcniteler blo\u011fu var. 30\u2019uncu katta bir seyir teras\u0131 olacak ve buradan y\u0131ld\u0131zlar izlenecek. 2018 May\u0131s ay\u0131nda in\u015fallah anahtar teslimler ba\u015flayacak. \u015eimdiden 110 \u00fcnite sat\u0131\u015f\u0131na ula\u015ft\u0131k\u201d bilgilerini verdi.<\/p>\n<h2>METREKARE 4.500 TL&#8217;DE<\/h2>\n<p>Teslim tarihlerinde Mahmutbey-Esenyurt metro hatt\u0131n\u0131n da a\u00e7\u0131lmas\u0131n\u0131n beklendi\u011fine i\u015faret eden Bulut, \u201cBize gelen m\u00fc\u015fteriler de bunu soruyor\u201d dedi. B\u00f6lgede \u00d6nay Life Residence\u2019\u0131n devlet hastanesine y\u00fcr\u00fcme, metroya 100 metre mesafede bulundu\u011funa i\u015faret eden \u00d6mer Bulut, b\u00f6lgede metro hatt\u0131yla prim yapan gayrimenkul de\u011ferlerine ili\u015fkin \u015fu bilgileri verdi: \u201cBiz, 2012 y\u0131l\u0131nda proje teslim etti\u011fimizde metrekare fiyatlar\u0131 bin 800 seviyesindeydi. 2015&#8217;de arsa al\u0131rken 3 bin lira rakamlar\u0131n\u0131 g\u00f6rd\u00fck. Metro ihalesi yap\u0131lmam\u0131\u015ft\u0131 o zaman. Bug\u00fcn, 4 bin -4 bin 500 lira seviyesinde rakam g\u00f6r\u00fcyoruz.\u201d<\/p>\n<h2>FA\u0130ZS\u0130Z \u00a0KONUT SATI\u015eI<\/h2>\n<p>Konut sat\u0131\u015flar\u0131nda faizsiz sistem uygulad\u0131klar\u0131n\u0131 belirten \u00d6mer Bulut, \u201cBiz \u015firket b\u00fcnyesinde faizi konu\u015fmadan 30 ay kredilendirme yap\u0131yoruz. Sat\u0131\u015flar\u0131n y\u00fczde 99\u2019u senetli diyebilirim\u201d dedi. Kendisinin de projeleri oldu\u011funu a\u00e7\u0131klayan Bulut, Ye\u015filk\u00f6y\u2019de kentsel d\u00f6n\u00fc\u015f\u00fcm projesine ba\u015flad\u0131\u011f\u0131n\u0131 belirterek, \u015f\u00f6yle devam etti: \u201cYe\u015filk\u00f6y\u2019de 40 dairelik bir d\u00f6n\u00fc\u015f\u00fcm projesi. Burada 32 malik vard\u0131, hepsiyle anla\u015ft\u0131k. Mart 2015\u2019de yap\u0131m\u0131na ba\u015flad\u0131k ve Mart 2017\u2019de hak sahiplerine teslim edilecek.\u201d<\/p>\n<p><img loading=\"lazy\" class=\"alignnone size-medium wp-image-6323\" src=\"http:\/\/emlaktuel.com\/wp-content\/uploads\/2016\/10\/MTgwMTU2Nj-esenyurtta-emlak-sektoru-4-yilda-yuzde-150-prim-yapti-300x154.jpg\" alt=\"\u00f6mer bulut\" width=\"300\" height=\"154\" \/><\/p>\n<h2>SUUD\u0130 GRUP\u2019A B\u0130R KAT BLO\u011eUNU SATTIK<\/h2>\n<p>Sat\u0131\u015flar\u0131n y\u00fczde 15\u2019inin \u015fimdiden yabanc\u0131 a\u011f\u0131rl\u0131kl\u0131 oldu\u011funu bildiren \u00d6mer Bulut, \u201cProje tamamland\u0131\u011f\u0131nda toplam yabanc\u0131ya sat\u0131\u015f y\u00fczde 80\u2019leri bulacak. Yani 442 konutun y\u00fczde 80\u2019i yabanc\u0131ya olur. Talep \u00e7ok fazla. Suudi bir guruba 17 daireden olu\u015fan bir kat blo\u011funun tamam\u0131n\u0131 satt\u0131k\u201d a\u00e7\u0131klamas\u0131nda bulundu. Yabanc\u0131larda Suudilerin yan\u0131 s\u0131ra, Kuveyt, Katar gibi K\u00f6rfez al\u0131c\u0131lar\u0131n\u0131n bulundu\u011funa i\u015faret eden Bulut, Afganl\u0131 ve \u00dcrd\u00fcnl\u00fc yat\u0131r\u0131mc\u0131lar\u0131n da al\u0131m yapt\u0131\u011f\u0131n\u0131 bildirdi.<\/p>\n<h2>TAPU ALAN YABANCIYA ANINDA OTURMA \u0130ZN\u0130<\/h2>\n<p>Yerli ve yabanc\u0131 yat\u0131r\u0131mc\u0131lar\u0131n al\u0131m limitlerine ili\u015fkin de bilgiler veren \u00d6mer Bulut, \u201cYabanc\u0131lar, bireysel bazda al\u0131m yaparken 200 bin-250 bin dolar limiti ge\u00e7miyor. Ancak blok olarak alanlar ba\u015fka. Yeri yat\u0131r\u0131mc\u0131lardan beyaz yakal\u0131lar\u0131n da limiti 300-400 bin TL aras\u0131nda\u201d dedi. Gayremenkul sekt\u00f6r\u00fc olarak M\u00fctekabiliyet Yasas\u0131\u2019n\u0131n \u00e7\u0131kmas\u0131n\u0131 beklediklerini belirten Bulut, \u015fu bilgileri payla\u015ft\u0131: \u201cBurada \u00f6ne \u00e7\u0131kan en \u00f6nemli ayr\u0131nt\u0131 \u015fu: Sat\u0131\u015f yapt\u0131\u011f\u0131m\u0131z anda tapusunu da verdi\u011fimiz yabanc\u0131 al\u0131c\u0131lar, oturum iznini hemen al\u0131yor olacak. Bu sene bitmeden \u00e7\u0131kmas\u0131n\u0131 bekliyoruz.\u201d<\/p>\n<p>Karar\/Hamide Hang\u00fcl<\/p>\n<\/div>\n","protected":false},"excerpt":{"rendered":"<p>\u0130stanbul\u2019un h\u0131zl\u0131 geli\u015fen yerle\u015fim yerlerinden Esenyurt 2018\u2019de a\u00e7\u0131lacak metro ile son 4 y\u0131lda y\u00fczde 150 prim yapt\u0131. Metrekare fiyatlar\u0131 bin 800 liradan 4 bin 500 liraya kadar y\u00fckseldi. &nbsp; \u0130stanbul\u2019un h\u0131zl\u0131 geli\u015fen yerle\u015fim yerlerinden Esenyurt 2018\u2019de a\u00e7\u0131lacak metro ile son 4 y\u0131lda y\u00fczde 150 prim yapt\u0131. Metrekare fiyatlar\u0131 bin 800 liradan 4 bin 500 liraya [&hellip;]<\/p>\n","protected":false},"author":1,"featured_media":6322,"comment_status":"open","ping_status":"open","sticky":false,"template":"","format":"standard","meta":{"ngg_post_thumbnail":0},"categories":[221,1,26],"tags":[935,62,584,145,3914,2269,3913,11330,408,88,6829,2699,556,11277],"_links":{"self":[{"href":"https:\/\/emlaktuel.com\/index.php?rest_route=\/wp\/v2\/posts\/6321"}],"collection":[{"href":"https:\/\/emlaktuel.com\/index.php?rest_route=\/wp\/v2\/posts"}],"about":[{"href":"https:\/\/emlaktuel.com\/index.php?rest_route=\/wp\/v2\/types\/post"}],"author":[{"embeddable":true,"href":"https:\/\/emlaktuel.com\/index.php?rest_route=\/wp\/v2\/users\/1"}],"replies":[{"embeddable":true,"href":"https:\/\/emlaktuel.com\/index.php?rest_route=%2Fwp%2Fv2%2Fcomments&post=6321"}],"version-history":[{"count":1,"href":"https:\/\/emlaktuel.com\/index.php?rest_route=\/wp\/v2\/posts\/6321\/revisions"}],"predecessor-version":[{"id":6324,"href":"https:\/\/emlaktuel.com\/index.php?rest_route=\/wp\/v2\/posts\/6321\/revisions\/6324"}],"wp:featuredmedia":[{"embeddable":true,"href":"https:\/\/emlaktuel.com\/index.php?rest_route=\/wp\/v2\/media\/6322"}],"wp:attachment":[{"href":"https:\/\/emlaktuel.com\/index.php?rest_route=%2Fwp%2Fv2%2Fmedia&parent=6321"}],"wp:term":[{"taxonomy":"category","embeddable":true,"href":"https:\/\/emlaktuel.com\/index.php?rest_route=%2Fwp%2Fv2%2Fcategories&post=6321"},{"taxonomy":"post_tag","embeddable":true,"href":"https:\/\/emlaktuel.com\/index.php?rest_route=%2Fwp%2Fv2%2Ftags&post=6321"}],"curies":[{"name":"wp","href":"https:\/\/api.w.org\/{rel}","templated":true}]}}