{"id":6302,"date":"2016-10-01T12:52:36","date_gmt":"2016-10-01T09:52:36","guid":{"rendered":"http:\/\/emlaktuel.com\/?p=6302"},"modified":"2018-07-05T14:55:33","modified_gmt":"2018-07-05T11:55:33","slug":"tokinin-2023-hedefi-kac-bin-konut","status":"publish","type":"post","link":"https:\/\/emlaktuel.com\/?p=6302","title":{"rendered":"TOK\u0130&#8217;nin 2023 Hedefi Ka\u00e7 Bin Konut"},"content":{"rendered":"<div>\n<div class=\"fb-share-button fb_iframe_widget\" data-href=\"http:\/\/www.emlakdream.com\/haber\/toki-nin-2023-hedefi-500-bin-konut\/79555\" data-layout=\"button_count\"><\/div>\n<div>\n<h1>TOK\u0130 Ba\u015fkan\u0131 Mehmet Erg\u00fcn Turan, TRT&#8217;de kat\u0131ld\u0131\u011f\u0131 programda TOK\u0130 \u00e7al\u0131\u015fmalar\u0131 ile ilgili bilgiler verdi. TOK\u0130&#8217;nin hedefleri ve yapt\u0131klar\u0131 hakk\u0131nda a\u00e7\u0131klamalar yapan Mehmet Erg\u00fcn Turan, TOK\u0130&#8217;nin bu y\u0131l 64 bin konut in\u015fa edece\u011fini s\u00f6yledi.<\/h1>\n<\/div>\n<\/div>\n<div>\n<div>\n<p><span style=\"color: #2e2e2e;\">TRT Haber&#8217;e konuk olan <strong>TOK\u0130 Ba\u015fkan\u0131 Mehmet Erg\u00fcn Turan<\/strong>, son geli\u015fmelere ili\u015fkin verdi\u011fi r\u00f6portajda \u00f6nemli a\u00e7\u0131klamalarda bulundu.\u00a0<strong>TOK\u0130 Ba\u015fkan\u0131 Mehmet Erg\u00fcn Turan<\/strong>, <strong>TOK\u0130&#8217;nin hedefleri<\/strong>ne ili\u015fkin olarak ise, &#8216;hedefimiz 2023&#8217;de 500 bin konut yapmak&#8217; dedi.<\/p>\n<p><strong>Mehmet Erg\u00fcn Turan: TOK\u0130&#8217;nin Sosyal Konut Projelerini D\u00fcnyaya Anlataca\u011f\u0131z<\/strong><\/p>\n<p>15 Temmuz darbe giri\u015fiminin ard\u0131ndan T\u00fcrkiye&#8217;nin normale d\u00f6nd\u00fc\u011f\u00fcn\u00fc ifade eden\u00a0<strong>Mehmet Erg\u00fcn Turan<\/strong>, herhangi bir kriz havas\u0131n\u0131n olmad\u0131\u011f\u0131n\u0131 s\u00f6yledi. <strong>TOK\u0130&#8217;nin sosyal konut projeleri<\/strong>nin d\u00fcnya taraf\u0131ndan da ilgi ile takip edildi\u011fini ifade eden\u00a0Mehmet Erg\u00fcn Turan, Habitat zirvesinde \u00f6zel oturumda sosyal konut projelerini d\u00fcnyaya anlatacaklar\u0131n\u0131 s\u00f6yledi. Bu y\u0131la ili\u015fkin hedeflerinin 60 bin konut oldu\u011funu ancak bu sya\u0131y\u0131 64 bine \u00e7\u0131kartarak \u00e7al\u0131\u015fmalar\u0131n\u0131 h\u0131zland\u0131rd\u0131klar\u0131n\u0131 dile getiren <strong>TOK\u0130 Ba\u015fkan\u0131<\/strong>, T\u00fcrkiye&#8217;deki toplu konutlar\u0131n %10&#8217;unda TOK\u0130 imzas\u0131 oldu\u011funa dikkat \u00e7ekti. Her gelir grubuna hitap ettiklerini s\u00f6yleyen Turan, vatanda\u015flar\u0131 bankalar ile u\u011fra\u015ft\u0131rmadan taksitle konut sahibi yapt\u0131klar\u0131n\u0131 s\u00f6yledi.<br \/>\n<strong><\/p>\n<p>TOK\u0130 Ba\u015fkan\u0131\u00a0Mehmet Erg\u00fcn Turan: TOK\u0130&#8217;nin 2023 hedefi 500 bin konut<\/strong><\/p>\n<p>Suriye s\u0131n\u0131r\u0131na \u00f6r\u00fclen 900 kilometrelik duvara da de\u011finen\u00a0Mehmet Erg\u00fcn Turan, duvar\u0131n 150 g\u00fcnde bitirilece\u011fini s\u00f6yledi ve ekledi: &#8216;duvar gerekti\u011fi takdirde ba\u015fka bir yere de ta\u015f\u0131nabilecek.&#8217; T\u00fcrkiye&#8217;nin en \u00f6nemli hedefinin Cumhuriyetin 100. y\u0131l\u0131 olan 2023 oldu\u011funu hat\u0131rlatan\u00a0Mehmet Erg\u00fcn Turan, bu hedefler do\u011frultusunda TOK\u0130&#8217;nin de \u00e7al\u0131\u015ft\u0131\u011f\u0131n\u0131 ifade ederek, &#8216;2023 hedefimiz 500 bin konuttur&#8217; ifadelerini kulland\u0131.<\/p>\n<p><strong>BDDK VE SPK Binalar\u0131n\u0131n Yap\u0131m Maliyeti 2.5 Milyar TL<\/strong><\/p>\n<p>Son d\u00f6rt y\u0131lda TOK\u0130&#8217;nin 266 hastane ve 72 bin \u00f6\u011frenci kapasiteli yurt in\u015faat\u0131 yapt\u0131\u011f\u0131n\u0131 ifade eden Mehmet Erg\u00fcn Turan, <strong>BDDK VE SPK binalar\u0131n\u0131n yap\u0131m\u0131<\/strong>na da de\u011finerek, &#8216;bu binalar\u0131n in\u015fas\u0131n\u0131 kamu kayna\u011f\u0131 kullanarak yapm\u0131yoruz. Bu binalar\u0131n yat\u0131r\u0131m maliyeti ise 2.5 milyar TL&#8217;yi bulacak&#8217; dedi.<\/span><\/p>\n<\/div>\n<\/div>\n","protected":false},"excerpt":{"rendered":"<p>TOK\u0130 Ba\u015fkan\u0131 Mehmet Erg\u00fcn Turan, TRT&#8217;de kat\u0131ld\u0131\u011f\u0131 programda TOK\u0130 \u00e7al\u0131\u015fmalar\u0131 ile ilgili bilgiler verdi. TOK\u0130&#8217;nin hedefleri ve yapt\u0131klar\u0131 hakk\u0131nda a\u00e7\u0131klamalar yapan Mehmet Erg\u00fcn Turan, TOK\u0130&#8217;nin bu y\u0131l 64 bin konut in\u015fa edece\u011fini s\u00f6yledi. TRT Haber&#8217;e konuk olan TOK\u0130 Ba\u015fkan\u0131 Mehmet Erg\u00fcn Turan, son geli\u015fmelere ili\u015fkin verdi\u011fi r\u00f6portajda \u00f6nemli a\u00e7\u0131klamalarda bulundu.\u00a0TOK\u0130 Ba\u015fkan\u0131 Mehmet Erg\u00fcn Turan, TOK\u0130&#8217;nin [&hellip;]<\/p>\n","protected":false},"author":1,"featured_media":0,"comment_status":"open","ping_status":"open","sticky":false,"template":"","format":"standard","meta":{"ngg_post_thumbnail":0},"categories":[26],"tags":[2373,151,11106,11195,80,1551,450,3895,11178],"_links":{"self":[{"href":"https:\/\/emlaktuel.com\/index.php?rest_route=\/wp\/v2\/posts\/6302"}],"collection":[{"href":"https:\/\/emlaktuel.com\/index.php?rest_route=\/wp\/v2\/posts"}],"about":[{"href":"https:\/\/emlaktuel.com\/index.php?rest_route=\/wp\/v2\/types\/post"}],"author":[{"embeddable":true,"href":"https:\/\/emlaktuel.com\/index.php?rest_route=\/wp\/v2\/users\/1"}],"replies":[{"embeddable":true,"href":"https:\/\/emlaktuel.com\/index.php?rest_route=%2Fwp%2Fv2%2Fcomments&post=6302"}],"version-history":[{"count":1,"href":"https:\/\/emlaktuel.com\/index.php?rest_route=\/wp\/v2\/posts\/6302\/revisions"}],"predecessor-version":[{"id":6303,"href":"https:\/\/emlaktuel.com\/index.php?rest_route=\/wp\/v2\/posts\/6302\/revisions\/6303"}],"wp:attachment":[{"href":"https:\/\/emlaktuel.com\/index.php?rest_route=%2Fwp%2Fv2%2Fmedia&parent=6302"}],"wp:term":[{"taxonomy":"category","embeddable":true,"href":"https:\/\/emlaktuel.com\/index.php?rest_route=%2Fwp%2Fv2%2Fcategories&post=6302"},{"taxonomy":"post_tag","embeddable":true,"href":"https:\/\/emlaktuel.com\/index.php?rest_route=%2Fwp%2Fv2%2Ftags&post=6302"}],"curies":[{"name":"wp","href":"https:\/\/api.w.org\/{rel}","templated":true}]}}