{"id":6244,"date":"2016-09-30T13:15:31","date_gmt":"2016-09-30T10:15:31","guid":{"rendered":"http:\/\/emlaktuel.com\/?p=6244"},"modified":"2018-07-05T14:54:51","modified_gmt":"2018-07-05T11:54:51","slug":"varyap-yalikavakta-fiyatlar-390-bin-eurodan-basliyor","status":"publish","type":"post","link":"https:\/\/emlaktuel.com\/?p=6244","title":{"rendered":"Varyap Yal\u0131kavak&#8217;ta Fiyatlar 390 Bin Eurodan Ba\u015fl\u0131yor"},"content":{"rendered":"<div>\n<div class=\"fb-share-button fb_iframe_widget\" data-href=\"http:\/\/www.emlakdream.com\/haber\/varyap-yalikavak-ta-fiyatlar-390-bin-eurodan-basliyor\/79546\" data-layout=\"button_count\"><\/div>\n<div>\n<h1>Varyap, Bodrum&#8217;da \u00f6nemli projelerden birini daha hayata ge\u00e7irdi. Varyap Yal\u0131kavak projesinin bas\u0131n lansman\u0131n\u0131 The Swiss The Bosphorus \u0130stanbul&#8217;da ger\u00e7ekle\u015ftirdi.<\/h1>\n<p><span id=\"li_ui_li_gen_1475228606817_0\"><span id=\"li_ui_li_gen_1475228606817_0-title\"><span id=\"li_ui_li_gen_1475228606817_0-title-text\"><\/span><\/span><\/span><\/div>\n<\/div>\n<div><\/div>\n<div>\n<div>\n<p><span style=\"color: #2e2e2e;\">T\u00fcrkiye&#8217;nin \u00f6nc\u00fc ve b\u00fcy\u00fck in\u015faat firmalar\u0131ndan biri Varyap, Bodrum\u00a0Yal\u0131kavak Tilkicik Koyu\u2019nda in\u015fa etti\u011fi Varyap Yal\u0131kavak projesinin lansman toplant\u0131s\u0131n\u0131 The Swiss The Bosphorus \u0130stanbul&#8217;da ger\u00e7ekle\u015ftirdi.\u00a0Varyap Yal\u0131kavak projesinin tan\u0131t\u0131m\u0131n\u0131, Varyap CEO&#8217;su Mehmet Erdin\u00e7 Varl\u0131ba\u015f yapt\u0131. Varyap Yal\u0131kavak&#8217;ta fiyatlar 390 bin euro&#8217;dan ba\u015fl\u0131yor.<\/p>\n<p><strong>Varyap Yal\u0131kavak Nerede in\u015faa ediliyor?<\/strong><br \/>\nT\u00fcrkiye&#8217;nin en g\u00fczel en populer her zaman tercih edilen tatil beldelerinden biri olan Bodrum&#8217;da in\u015faa edilecek. Varyap Yal\u0131kavak projesi,\u00a0\u00a0Yal\u0131kavak Tilkicik Koyu\u2019nda in\u015faa ediliyor.<br \/>\n<\/span><\/p>\n<p><span style=\"color: #2e2e2e;\"><strong>Varyap Yal\u0131kavak y\u00fczde 300 prim vaat ediyor<br \/>\n<\/strong><\/span><\/div>\n<div>Varyap, Bodrum Yal\u0131kavak&#8217;taki yeni projesini bas\u0131na tan\u0131tt\u0131. Fiyatlar\u0131n 390 bin eurodan ba\u015flad\u0131\u011f\u0131 proje, teslim tarihi 2018&#8217;de y\u00fczde 300 prim yapacak.<span style=\"color: #2e2e2e;\"><br \/>\n<strong>&#8216;<span style=\"color: #2e2e2e;\">Tasar\u0131m\u0131na \u00e7ok \u00f6nem verdi\u011fimiz bu projeye 150 milyon euro yat\u0131r\u0131m yapt\u0131k<\/span>&#8216;<\/strong><br \/>\nOtel rezidans ve \u00f6zel plajdan olu\u015fan Varyap Yal\u0131kavak projesi hakk\u0131nda lansman toplant\u0131s\u0131nda bilgiler veren Varyap CEO&#8217;su\u00a0Mehmet Erdin\u00e7 Varl\u0131ba\u015f, Varyap Yal\u0131kavak projesinin Bodrum&#8217;un marka de\u011ferini y\u00fckseltece\u011fini dile getirerek, &#8216; Tasar\u0131m\u0131na \u00e7ok \u00f6nem verdi\u011fimiz bu projeye 150 milyon euro yat\u0131r\u0131m yapt\u0131k. Projemizi, d\u00fcnyan\u0131n say\u0131l\u0131 projelerini haz\u0131rlayan 10 Design mimarl\u0131k ofisi ve Loft mimarl\u0131k ofisi tasarlad\u0131. Projede 60 rezidans 1 adet 5 y\u0131ld\u0131zl\u0131 otel ve \u00f6zel bir plaj bulunuyor&#8217; \u015feklinde konu\u015ftu. Projedeki 5 y\u0131ld\u0131zl\u0131 oteli d\u00fcnyaca \u00fcnl\u00fc bir markan\u0131n i\u015fletece\u011fini a\u00e7\u0131klayan Mehmet Erdin\u00e7 Varl\u0131ba\u015f, Kas\u0131m ay\u0131nda bu markay\u0131 da bildirecekerini ifade etti.<br \/>\n<\/span><\/p>\n<h4>Yal\u0131kavak projesine talep \u00e7ok b\u00fcy\u00fck oldu<\/h4>\n<p><span style=\"color: #2e2e2e;\">Toplant\u0131 s\u0131ras\u0131nda projeyle ilgili \u00f6nemli bilgiler veren Varyap CEO&#8217;su Erdin\u00e7 Varl\u0131ba\u015f \u2018Bug\u00fcn, Bodrum&#8217;daki ikinci projemiz olan Yal\u0131kavak&#8217;\u0131 tan\u0131t\u0131yoruz. 60 rezidans konutumuzdan y\u00fczde 15&#8217;ini lansman \u00f6ncesini satt\u0131k. 22 bin metrekare arsa \u00fczerine in\u015fa etti\u011fimiz Varyap Yal\u0131kavak&#8217;\u0131n in\u015faat b\u00fcy\u00fckl\u00fc\u011f\u00fc 30 bin metrekare olarak belirlendi. G\u00f6r\u00fc\u015fmelerini s\u00fcrd\u00fcrd\u00fc\u011f\u00fcm\u00fcz otelin 110 odal\u0131 olmas\u0131 planlan\u0131yor. Yal\u0131kavak projesinin in\u015faat\u0131na Mart 2016&#8217;de ba\u015flad\u0131k ve bu yat\u0131r\u0131m\u0131m\u0131zda dubleks, rezidans ve villa tarz\u0131nda evlere olacak. \u00d6zellikle Ortado\u011fu ve Katar ba\u015fta olmak \u00fczere yabanc\u0131lar\u0131n projemize ilgisi \u00e7ok fazla&#8217; diye konu\u015ftu.<br \/>\nFiyatlar 390 Bin Euro&#8217;dan Ba\u015flang\u0131\u00e7 g\u00f6steriyor<\/p>\n<p>Varyap Yal\u0131kavak projesinde di\u011fer projelere g\u00f6re farkl\u0131 bir\u00a0 yol izleyerek en de\u011ferli blo\u011fu s\u00f6nce at\u0131\u015fa sunduklar\u0131n\u0131n s\u00f6yleyen Mehmet Erdin\u00e7 Varl\u0131ba\u015f, bu \u00fcnitede s\u0131n\u0131rl\u0131 say\u0131da blok oldu\u011funu rezidans b\u00fcy\u00fckl\u00fcklerinin 70 metrekare &#8211; 200 metrekare aras\u0131nda de\u011fi\u015fti\u011fini s\u00f6yledi.\u00a0Varyap Yal\u0131kavak projesindeki fiyatlar hakk\u0131nda bilgi veren Varl\u0131ba\u015f, &#8216;Varyap Yal\u0131kavak projemizde fiyatlar 390 bin eurodan ba\u015f\u0131yor&#8217; dedi. Metrekare birim fiyat\u0131n\u0131n 5 bin euro oldu\u011fu projede 70 metrekare 1+1 rezidans fiyatlar\u0131 390 bin eurodan ba\u015flarken en y\u00fcksek fyat 1 milyon 200 bin euro olarak belirlendi. Fiyatlar\u0131n Varyap Yal\u0131kavak projesinin bitimiyle ileride yakla\u015f\u0131k y\u00fczde 300 prim yapaca\u011f\u0131n\u0131 belirten Varl\u0131ba\u015f, bu proje bizim i\u00e7in bu zaman\u0131n sanat, mimari ve estetik olarak zirve yapaca\u011f\u0131m\u0131z bir proje olacak dedi.<\/span><\/p>\n<h4>2017 sekt\u00f6r\u00fcn patlama y\u0131l\u0131 olacak<\/h4>\n<p><span style=\"color: #2e2e2e;\">Son d\u00f6nemde ya\u015fanan geli\u015fmeleri ve gayrimenkul piyasas\u0131n\u0131 masaya yat\u0131ran Erdin\u00e7 Varl\u0131ba\u015f \u2018Ge\u00e7mi\u015f d\u00f6nemde olumsuz geli\u015fmeler ya\u015fad\u0131k ancak bug\u00fcn dimdik ayaktay\u0131z. Yabanc\u0131 bas\u0131n bu s\u00fcre\u00e7te \u00fclkemiz \u00fczerinde olumsuz bir etki olu\u015fturmaya \u00e7al\u0131\u015ft\u0131. Bug\u00fcn, dimdik ayaktay\u0131z ve hem sekt\u00f6r hem de Varyap olarak t\u00fcm projelerimize h\u0131zla devam ediyoruz. Ekonomi, beklenti ve insanla birlikte hareket eden bir olgu. Gayrimenkul sekt\u00f6r\u00fcn\u00fcn \u00f6n\u00fcm\u00fczdeki 20 y\u0131l boyunca hareketlili\u011fini yitirece\u011fini d\u00fc\u015f\u00fcnm\u00fcyorum. \u00d6zellikle 2017 y\u0131l\u0131 emlak ve gayrimenkul piyasas\u0131n\u0131n\u0131 patlama y\u0131l\u0131 olacak. B\u00fcy\u00fcyen ekonomiler yava\u015flayabilir ancak b\u00fcy\u00fcmesini s\u00fcrd\u00fcr\u00fcrler. Bug\u00fcne kadar y\u0131ll\u0131k oran incelendi\u011finde fiyatlar\u0131n d\u00fc\u015ft\u00fc\u011f\u00fcn\u00fc g\u00f6rmedik. T\u00fcrkiye&#8217;nin \u00e7ok \u00f6nemli dinamikleri var. Bu nedenle emlak fiyatlar\u0131 geriye gitmeyecektir. Emlak Konut GYO&#8217;nun ba\u015flatt\u0131\u011f\u0131 kampanya ve konut kredisi faizlerinin d\u00fc\u015fmesi, sekt\u00f6re b\u00fcy\u00fck bir hareketlilik kazand\u0131rd\u0131&#8217; ifadelerini kulland\u0131.<\/p>\n<p><strong> Varyap Yal\u0131kavak \u00d6deme Se\u00e7enekleri \u0130se \u015e\u00f6yle<\/strong><\/p>\n<p>Mehmet Erdin\u00e7 Varl\u0131ba\u015f, projedeki rezidanslar\u0131n y\u00fczde 15&#8217;inin sat\u0131ld\u0131\u011f\u0131n\u0131 s\u00f6yledi ve Varyap Yal\u0131kavak&#8217;\u0131n \u00f6deme se\u00e7enekleri hakk\u0131nda bilgi verdi: &#8216;Y\u00fczde 30 pe\u015finat ile 30 ay taksit s\u0131f\u0131r faizle \u00f6deme yap\u0131labilecek&#8217;<\/span><\/p>\n<p><strong>En d\u00fc\u015f\u00fck-en y\u00fcksek konut fiyat\u0131: 390 bin euro-1 milyon 200 bin euro<\/strong><\/p>\n<p><span style=\"color: #2e2e2e;\"><span class=\"basliklar\">\u00d6deme Se\u00e7enekleri<\/span><br \/>\n<\/span><\/p>\n<p>1- Y\u00fczde 50 pe\u015finatla 12 ay vade farks\u0131z taksit.<br \/>\n2- Y\u00fczde 30 pe\u015finatla 24 ay vade farks\u0131z taksit.<br \/>\n3- Y\u00fczde 30 pe\u015finat, y\u00fczde 30&#8217;luk konut bedeli 1 y\u0131l sonra, y\u00fczde 40&#8217;l\u0131k konut bedeli ise 36 ay s\u0131f\u0131r faizle vadelendiriliyor.<\/p>\n<p><span class=\"basliklar\">Proje Hakk\u0131nda<\/span><\/p>\n<p>Toplam 60 konuttan meydana gelen Varyap Yal\u0131kavak projesinde \u00f6ncelikli olarak 23 daire sat\u0131\u015fa sunuldu. Varyap Yal\u0131kavak&#8217;ta 1+1 dubleksler br\u00fct 115,80, net 99,72 metrekare, 2+1 dubleks br\u00fct 139,60, net 120,40 metrekare, 3+1 dubleks br\u00fct 192,20, net 161,07-166,48 metrekare, 4+1 dubleksler br\u00fct 192,20, net 165,94 metrekare, 1+1 simpleks br\u00fct 65, net 60,93 metrekare, 2+1 simpleks br\u00fct 87,20-122, net 81,58-113,92 metrekare olarak tasarland\u0131.<\/p>\n<div class=\"olanaklar\">\n<h1>Site \u00d6zellikleri<\/h1>\n<ul>\n<li><img title=\"L\u00fcks \u00d6zellik\" src=\"http:\/\/www.guncelprojebilgileri.com\/Files\/img\/luks.png\" alt=\"\" \/> A\u00e7\u0131k y\u00fczme havuzu<\/li>\n<li><img title=\"Standart \u00d6zellik\" src=\"http:\/\/www.guncelprojebilgileri.com\/Files\/img\/standart.png\" alt=\"\" \/> \u00c7ocuk oyun alanlar\u0131<\/li>\n<li><img title=\"L\u00fcks \u00d6zellik\" src=\"http:\/\/www.guncelprojebilgileri.com\/Files\/img\/luks.png\" alt=\"\" \/> \u00c7ocuk y\u00fczme havuzu<\/li>\n<li><img title=\"Ultra L\u00fcks \u00d6zellik\" src=\"http:\/\/www.guncelprojebilgileri.com\/Files\/img\/ultra-luks.png\" alt=\"\" \/> Deniz manzaras\u0131<\/li>\n<li><img title=\"L\u00fcks \u00d6zellik\" src=\"http:\/\/www.guncelprojebilgileri.com\/Files\/img\/luks.png\" alt=\"\" \/> Fitness merkezi<\/li>\n<li><img title=\"L\u00fcks \u00d6zellik\" src=\"http:\/\/www.guncelprojebilgileri.com\/Files\/img\/luks.png\" alt=\"\" \/> G\u00fcne\u015flenme teras\u0131<\/li>\n<li><img title=\"Standart \u00d6zellik\" src=\"http:\/\/www.guncelprojebilgileri.com\/Files\/img\/standart.png\" alt=\"\" \/> G\u00fcvenlik<\/li>\n<li><img title=\"Ultra L\u00fcks \u00d6zellik\" src=\"http:\/\/www.guncelprojebilgileri.com\/Files\/img\/ultra-luks.png\" alt=\"\" \/> \u0130skele<\/li>\n<li><img title=\"Standart \u00d6zellik\" src=\"http:\/\/www.guncelprojebilgileri.com\/Files\/img\/standart.png\" alt=\"\" \/> Kameral\u0131 g\u00fcvenlik<\/li>\n<li><img title=\"L\u00fcks \u00d6zellik\" src=\"http:\/\/www.guncelprojebilgileri.com\/Files\/img\/luks.png\" alt=\"\" \/> Kapal\u0131 otopark<\/li>\n<\/ul>\n<h1>Bina \u00d6zellikleri<\/h1>\n<ul>\n<li><img title=\"Standart \u00d6zellik\" src=\"http:\/\/www.guncelprojebilgileri.com\/Files\/img\/standart.png\" alt=\"\" \/> Hidrofor<\/li>\n<li><img title=\"Standart \u00d6zellik\" src=\"http:\/\/www.guncelprojebilgileri.com\/Files\/img\/standart.png\" alt=\"\" \/> Jenerat\u00f6r<\/li>\n<li><img title=\"Standart \u00d6zellik\" src=\"http:\/\/www.guncelprojebilgileri.com\/Files\/img\/standart.png\" alt=\"\" \/> Su Deposu<\/li>\n<\/ul>\n<h1>Konut \u00d6zellikleri<\/h1>\n<ul>\n<li><img title=\"L\u00fcks \u00d6zellik\" src=\"http:\/\/www.guncelprojebilgileri.com\/Files\/img\/luks.png\" alt=\"\" \/> Ankastre beyaz e\u015fya<\/li>\n<li><img title=\"L\u00fcks \u00d6zellik\" src=\"http:\/\/www.guncelprojebilgileri.com\/Files\/img\/luks.png\" alt=\"\" \/> \u00c7ama\u015f\u0131r odas\u0131<\/li>\n<li><img title=\"L\u00fcks \u00d6zellik\" src=\"http:\/\/www.guncelprojebilgileri.com\/Files\/img\/luks.png\" alt=\"\" \/> Split klima<\/li>\n<li><img title=\"L\u00fcks \u00d6zellik\" src=\"http:\/\/www.guncelprojebilgileri.com\/Files\/img\/luks.png\" alt=\"\" \/> Teras<\/li>\n<\/ul>\n<h1>\u0130n\u015faat Teknikleri<\/h1>\n<ul>\n<li><img title=\"Standart \u00d6zellik\" src=\"http:\/\/www.guncelprojebilgileri.com\/Files\/img\/standart.png\" alt=\"\" \/> Deprem y\u00f6netmeli\u011fine uygun<\/li>\n<li><img title=\"Standart \u00d6zellik\" src=\"http:\/\/www.guncelprojebilgileri.com\/Files\/img\/standart.png\" alt=\"\" \/> Yal\u0131t\u0131m y\u00f6netmeli\u011fine uygun<\/li>\n<li><img title=\"Standart \u00d6zellik\" src=\"http:\/\/www.guncelprojebilgileri.com\/Files\/img\/standart.png\" alt=\"\" \/> Yap\u0131 denetimi yap\u0131lm\u0131\u015f<\/li>\n<li><img title=\"Standart \u00d6zellik\" src=\"http:\/\/www.guncelprojebilgileri.com\/Files\/img\/standart.png\" alt=\"\" \/> Zemin et\u00fcd\u00fc yap\u0131lm\u0131\u015f<\/li>\n<\/ul>\n<\/div>\n<p><span style=\"color: #2e2e2e;\"><\/p>\n<p><strong>Varyap&#8217;tan Bodrum&#8217;a 2 Proje Daha Geliyor<\/strong><br \/>\nVaryap CEO&#8217;su\u00a0Mehmet Erdin\u00e7 Varl\u0131ba\u015f, Varyap olarak Bodrum2da 2 proje haz\u0131rl\u0131\u011f\u0131nda daha olduklar\u0131n\u0131 ifade ederek, &#8216;bu projelerimizi de 2018 yaz\u0131nda teslim etmeyi planl\u0131yoruz&#8217; dedi.<br \/>\n<\/span><\/p>\n<\/div>\n<p><img loading=\"lazy\" class=\"alignnone  wp-image-6245\" src=\"http:\/\/emlaktuel.com\/wp-content\/uploads\/2016\/09\/Screen-shot-2016-09-30-at-13.14.05-300x198.png\" alt=\"varyap yal\u0131kavak\" width=\"527\" height=\"371\" \/><\/p>\n<p><img loading=\"lazy\" class=\"alignnone  wp-image-6246\" src=\"http:\/\/emlaktuel.com\/wp-content\/uploads\/2016\/09\/Screen-shot-2016-09-30-at-13.13.56-300x179.png\" alt=\"screen-shot-2016-09-30-at-13-13-56\" width=\"525\" height=\"350\" \/><\/p>\n<p><img loading=\"lazy\" class=\"alignnone  wp-image-6247\" src=\"http:\/\/emlaktuel.com\/wp-content\/uploads\/2016\/09\/Screen-shot-2016-09-30-at-13.13.50-300x179.png\" alt=\"screen-shot-2016-09-30-at-13-13-50\" width=\"523\" height=\"340\" \/><\/p>\n<p><img loading=\"lazy\" class=\"alignnone  wp-image-6248\" src=\"http:\/\/emlaktuel.com\/wp-content\/uploads\/2016\/09\/Screen-shot-2016-09-30-at-13.13.44-300x182.png\" alt=\"screen-shot-2016-09-30-at-13-13-44\" width=\"519\" height=\"399\" \/><\/p>\n<p><img loading=\"lazy\" class=\"alignnone  wp-image-6249\" src=\"http:\/\/emlaktuel.com\/wp-content\/uploads\/2016\/09\/Screen-shot-2016-09-30-at-13.13.38-300x180.png\" alt=\"screen-shot-2016-09-30-at-13-13-38\" width=\"523\" height=\"370\" \/><\/p>\n<\/div>\n","protected":false},"excerpt":{"rendered":"<p>Varyap, Bodrum&#8217;da \u00f6nemli projelerden birini daha hayata ge\u00e7irdi. Varyap Yal\u0131kavak projesinin bas\u0131n lansman\u0131n\u0131 The Swiss The Bosphorus \u0130stanbul&#8217;da ger\u00e7ekle\u015ftirdi. T\u00fcrkiye&#8217;nin \u00f6nc\u00fc ve b\u00fcy\u00fck in\u015faat firmalar\u0131ndan biri Varyap, Bodrum\u00a0Yal\u0131kavak Tilkicik Koyu\u2019nda in\u015fa etti\u011fi Varyap Yal\u0131kavak projesinin lansman toplant\u0131s\u0131n\u0131 The Swiss The Bosphorus \u0130stanbul&#8217;da ger\u00e7ekle\u015ftirdi.\u00a0Varyap Yal\u0131kavak projesinin tan\u0131t\u0131m\u0131n\u0131, Varyap CEO&#8217;su Mehmet Erdin\u00e7 Varl\u0131ba\u015f yapt\u0131. Varyap Yal\u0131kavak&#8217;ta fiyatlar [&hellip;]<\/p>\n","protected":false},"author":1,"featured_media":6247,"comment_status":"open","ping_status":"open","sticky":false,"template":"","format":"standard","meta":{"ngg_post_thumbnail":0},"categories":[221,26,219],"tags":[3846,3847,246,11484,11353,459,3852,2434,11165,11166,944,106,4151,3845,3843,3851,3850,3844,3848,3849],"_links":{"self":[{"href":"https:\/\/emlaktuel.com\/index.php?rest_route=\/wp\/v2\/posts\/6244"}],"collection":[{"href":"https:\/\/emlaktuel.com\/index.php?rest_route=\/wp\/v2\/posts"}],"about":[{"href":"https:\/\/emlaktuel.com\/index.php?rest_route=\/wp\/v2\/types\/post"}],"author":[{"embeddable":true,"href":"https:\/\/emlaktuel.com\/index.php?rest_route=\/wp\/v2\/users\/1"}],"replies":[{"embeddable":true,"href":"https:\/\/emlaktuel.com\/index.php?rest_route=%2Fwp%2Fv2%2Fcomments&post=6244"}],"version-history":[{"count":1,"href":"https:\/\/emlaktuel.com\/index.php?rest_route=\/wp\/v2\/posts\/6244\/revisions"}],"predecessor-version":[{"id":6250,"href":"https:\/\/emlaktuel.com\/index.php?rest_route=\/wp\/v2\/posts\/6244\/revisions\/6250"}],"wp:featuredmedia":[{"embeddable":true,"href":"https:\/\/emlaktuel.com\/index.php?rest_route=\/wp\/v2\/media\/6247"}],"wp:attachment":[{"href":"https:\/\/emlaktuel.com\/index.php?rest_route=%2Fwp%2Fv2%2Fmedia&parent=6244"}],"wp:term":[{"taxonomy":"category","embeddable":true,"href":"https:\/\/emlaktuel.com\/index.php?rest_route=%2Fwp%2Fv2%2Fcategories&post=6244"},{"taxonomy":"post_tag","embeddable":true,"href":"https:\/\/emlaktuel.com\/index.php?rest_route=%2Fwp%2Fv2%2Ftags&post=6244"}],"curies":[{"name":"wp","href":"https:\/\/api.w.org\/{rel}","templated":true}]}}