{"id":6239,"date":"2016-09-28T21:29:36","date_gmt":"2016-09-28T18:29:36","guid":{"rendered":"http:\/\/emlaktuel.com\/?p=6239"},"modified":"2018-07-05T14:54:48","modified_gmt":"2018-07-05T11:54:48","slug":"ucar-gruptan-esenyurtta-gumus-projelere-imza","status":"publish","type":"post","link":"https:\/\/emlaktuel.com\/?p=6239","title":{"rendered":"U\u00e7ar Grup&#8217;tan, Esenyurt\u2019ta \u2018G\u00fcm\u00fc\u015f\u2019 projelere imza!"},"content":{"rendered":"<p>Gayrimenkul sekt\u00f6r\u00fcn\u00fcn ba\u015far\u0131l\u0131 firmalar\u0131ndan U\u00e7ar Grup, <em><strong>G\u00fcm\u00fc\u015f<\/strong><\/em> markal\u0131 projeleri ile dikkat \u00e7ekiyor.<br \/>\n\u0130n\u015faat sekt\u00f6r\u00fcnde 1980 y\u0131l\u0131ndan bu yana faaliyet g\u00f6stermeye ba\u015flayan U\u00e7ar Grup, \u0130stanbul&#8217;un de\u011ferine de\u011fer katan il\u00e7elerinden Esenyurt&#8217;ta yeni projeler in\u015fa etmeye devam ediyor.<\/p>\n<p>D\u00fcnden bug\u00fcne sekt\u00f6rde sahip oldu\u011fu konumunu daha da g\u00fc\u00e7lendiren \u015firket, gerek konut, gerek i\u015f ve ofis alanlar\u0131 i\u00e7in konforlu ve kaliteli in\u015faat faaliyetleri ile tercih edilen bir marka olarak m\u00fc\u015fterilerinin talepleri do\u011frultusunda ba\u015far\u0131l\u0131 projelere imza at\u0131yor.<\/p>\n<p>B\u00f6lgede s\u00f6z sahibi olan U\u00e7ar Grup, Esenyurt&#8217;ta G\u00fcm\u00fc\u015f Park, G\u00fcm\u00fc\u015f Life, G\u00fcm\u00fc\u015f Residence, Orkide Evleri projesinin yap\u0131m\u0131n\u0131 \u00fcstlenirken, G\u00fcm\u00fc\u015f Park, G\u00fcm\u00fc\u015f Life, G\u00fcm\u00fc\u015f Residence, Delta Deluxe, N\u015fehir Esenyurt, G\u00fcm\u00fc\u015f Referans projelerinde ise arsa sahibi konumunda yer al\u0131yor. B\u00f6lgede \u00e7ok b\u00fcy\u00fck arsa geli\u015ftiricisi olan U\u00e7ar Grup uygun \u00f6deme ve fiyat politikas\u0131 ile de ev alanlar\u0131n g\u00fcvenilir tercihi oluyor.<\/p>\n<p>\u0130\u015eTE U\u00c7AR GRUP&#8217;UN ESENYURT&#8217;TAK\u0130 G\u00dcM\u00dc\u015e MARKALI PROLER\u0130NDEN BAZILARI:<br \/>\nG\u00dcM\u00dc\u015e L\u0130FE<br \/>\nEsenyurt&#8217;ta E-5&#8217;e yak\u0131n bir noktada hayata ge\u00e7irilen <strong>G\u00fcm\u00fc\u015f Life<\/strong>&#8216;da sona yakla\u015f\u0131ld\u0131.<\/p>\n<p>U\u00e7arlar Grup&#8217;un h\u0131zla sona yakla\u015fan projesi G\u00fcm\u00fc\u015f Life, E-5&#8217;e yak\u0131n konumu ile y\u00fcksek kazan\u00e7 sa\u011fl\u0131yor. 10 bin 200 metrekarelik arsa \u00fczerinde in\u015fa edilen proje ye\u015fil alanlar\u0131 ile de ferah bir ortam sunuyor. 5 bin 200 metrekaresi ye\u015fil alanlara ayr\u0131lan projede toplam 456 konut bulunuyor. Ayr\u0131ca projede 32 ticari alan da yer al\u0131yor. 4 bloktan olu\u015fan G\u00fcm\u00fc\u015f Life, 16 ve 18 katl\u0131 olarak y\u00fckseliyor. Daire b\u00fcy\u00fckl\u00fckleri 70 metrekare ile 140 metrekare aras\u0131nda de\u011fi\u015fiklik g\u00f6steren proje 1+1, 2+1 ve 3+1 daire tiplerinden meydana geliyor.<\/p>\n<p>G\u00fcm\u00fc\u015f Life&#8217;da, 1+1 daireler 168 bin 900 liradan, 2+1 daireler 245 bin liradan, 3+1 daireler 360 bin liradan ba\u015flang\u0131\u00e7 g\u00f6steriyor. Projede teslimlere ise Aral\u0131k 2016&#8217;da ba\u015flan\u0131lmas\u0131 planlan\u0131yor.<\/p>\n<p><img loading=\"lazy\" class=\"alignnone  wp-image-6240\" src=\"http:\/\/emlaktuel.com\/wp-content\/uploads\/2016\/09\/l1-300x216.jpg\" alt=\"g\u00fcm\u00fc\u015f life\" width=\"496\" height=\"350\" \/><\/p>\n<p>G\u00dcM\u00dc\u015e PARK<br \/>\nEsenyurt&#8217;ta in\u015fa edilen G\u00fcm\u00fc\u015f Park, toplam 3 blokta 427 konuttan meydana geliyor. Konut ve d\u00fckkanlardan olu\u015fan karma ptroje G\u00fcm\u00fc\u015f Park&#8217;ta daire fiyatlar\u0131 163 bin 900 liradan ba\u015fl\u0131yor. Uygun fiyatlarla ev sahibi yapacak olan projede 2+1 dairelerin ba\u015flang\u0131\u00e7 fiyat\u0131 237 bin liradan ba\u015flarken 3+1 daireler ise 350 bin liradan fiyatlarla al\u0131c\u0131 bulacak. Projede ayr\u0131ca 28 d\u00fckkan yer al\u0131yor.<\/p>\n<p>Arsa alan\u0131 11 bin 263 metrekare olan projede 6 bin 750 metrekarelik alan ise peyzaj alan\u0131na ayr\u0131l\u0131yor. Sosyal donat\u0131 alanlar\u0131 ile dikkat \u00e7eken ve ayr\u0131cal\u0131klar sunan projede y\u00fczme havuzu, g\u00fcne\u015flenme teras\u0131, basket sahas\u0131, tenis sahas\u0131, \u00e7ocuk oyun alanlar\u0131, y\u00fcr\u00fcy\u00fc\u015f yollar\u0131, fitness alan\u0131, sauna, T\u00fcrk hamam da bulunuyor.<\/p>\n<p>G\u00dcM\u00dc\u015e PANORAMA<br \/>\nG\u00fcm\u00fc\u015f markal\u0131 projeleri ile ev alanlara y\u00fcksek kazan\u00e7 getiren U\u00e7ar Grup, G\u00fcm\u00fc\u015f Park, G\u00fcm\u00fc\u015f Life, G\u00fcm\u00fc\u015f Residence projelerinden sonra G\u00fcm\u00fc\u015f Panorama projesinde 991 konuta imza at\u0131yor. Karma olarak tasarlanan projede konutlar\u0131n yan\u0131 s\u0131ra 74 d\u00fckkan da mevcut.<\/p>\n<p>Arsa alan\u0131 18 bin 720 metrekare olan projede 10 bin 500 metrekarelik peyzaj alan\u0131 ye\u015fil ihtiyac\u0131na cevap veriyor.<\/p>\n<p>4 blok halinde tasarlanan proje her ihtiyaca uygun olarak 1+1, 2+1, 3+1 dairelerden olu\u015facak. 15, 25, 29 kattan meydana gelen projede a\u00e7\u0131k y\u00fczme havuzu, kapal\u0131 y\u00fczme havuzu, a\u00e7\u0131k spor alanlar\u0131, barbek\u00fc alanlar\u0131, basket sahas\u0131, tenis sahas\u0131, ya\u015fa gruplar\u0131na g\u00f6re tasarlanm\u0131\u015f \u00e7ocuk oyun alanlar\u0131, y\u00fcr\u00fcy\u00fc\u015f yollar\u0131, fitness alan\u0131, sauna, T\u00fcrk hamam\u0131 gibi aktivite alanlar\u0131 yer alacak.<\/p>\n<p>\u00d6n\u00fcm\u00fczdeki g\u00fcnlerde sat\u0131\u015f \u00e7\u0131kacak olan projede teslimler ise A\u011fustos 2018&#8217;de ba\u015flayacak.<\/p>\n","protected":false},"excerpt":{"rendered":"<p>Gayrimenkul sekt\u00f6r\u00fcn\u00fcn ba\u015far\u0131l\u0131 firmalar\u0131ndan U\u00e7ar Grup, G\u00fcm\u00fc\u015f markal\u0131 projeleri ile dikkat \u00e7ekiyor. \u0130n\u015faat sekt\u00f6r\u00fcnde 1980 y\u0131l\u0131ndan bu yana faaliyet g\u00f6stermeye ba\u015flayan U\u00e7ar Grup, \u0130stanbul&#8217;un de\u011ferine de\u011fer katan il\u00e7elerinden Esenyurt&#8217;ta yeni projeler in\u015fa etmeye devam ediyor. D\u00fcnden bug\u00fcne sekt\u00f6rde sahip oldu\u011fu konumunu daha da g\u00fc\u00e7lendiren \u015firket, gerek konut, gerek i\u015f ve ofis alanlar\u0131 i\u00e7in konforlu ve [&hellip;]<\/p>\n","protected":false},"author":1,"featured_media":6241,"comment_status":"open","ping_status":"open","sticky":false,"template":"","format":"standard","meta":{"ngg_post_thumbnail":0},"categories":[219],"tags":[11090,11588,1923,3841,3840,4260,3842,11104,11252,106,825],"_links":{"self":[{"href":"https:\/\/emlaktuel.com\/index.php?rest_route=\/wp\/v2\/posts\/6239"}],"collection":[{"href":"https:\/\/emlaktuel.com\/index.php?rest_route=\/wp\/v2\/posts"}],"about":[{"href":"https:\/\/emlaktuel.com\/index.php?rest_route=\/wp\/v2\/types\/post"}],"author":[{"embeddable":true,"href":"https:\/\/emlaktuel.com\/index.php?rest_route=\/wp\/v2\/users\/1"}],"replies":[{"embeddable":true,"href":"https:\/\/emlaktuel.com\/index.php?rest_route=%2Fwp%2Fv2%2Fcomments&post=6239"}],"version-history":[{"count":1,"href":"https:\/\/emlaktuel.com\/index.php?rest_route=\/wp\/v2\/posts\/6239\/revisions"}],"predecessor-version":[{"id":6242,"href":"https:\/\/emlaktuel.com\/index.php?rest_route=\/wp\/v2\/posts\/6239\/revisions\/6242"}],"wp:featuredmedia":[{"embeddable":true,"href":"https:\/\/emlaktuel.com\/index.php?rest_route=\/wp\/v2\/media\/6241"}],"wp:attachment":[{"href":"https:\/\/emlaktuel.com\/index.php?rest_route=%2Fwp%2Fv2%2Fmedia&parent=6239"}],"wp:term":[{"taxonomy":"category","embeddable":true,"href":"https:\/\/emlaktuel.com\/index.php?rest_route=%2Fwp%2Fv2%2Fcategories&post=6239"},{"taxonomy":"post_tag","embeddable":true,"href":"https:\/\/emlaktuel.com\/index.php?rest_route=%2Fwp%2Fv2%2Ftags&post=6239"}],"curies":[{"name":"wp","href":"https:\/\/api.w.org\/{rel}","templated":true}]}}