{"id":6233,"date":"2016-09-28T15:48:00","date_gmt":"2016-09-28T12:48:00","guid":{"rendered":"http:\/\/emlaktuel.com\/?p=6233"},"modified":"2018-07-05T14:54:42","modified_gmt":"2018-07-05T11:54:42","slug":"ukracitynin-insaati-ile-ilgili-sorunlar-cozuldu-insaat-basliyor","status":"publish","type":"post","link":"https:\/\/emlaktuel.com\/?p=6233","title":{"rendered":"Ukracity&#8217;nin in\u015faat\u0131 ile ilgili sorunlar \u00e7\u00f6z\u00fcld\u00fc in\u015faat ba\u015fl\u0131yor!"},"content":{"rendered":"<h1 class=\"news-detail-title selectionShareable\">Ukra City Kom\u015fular\u0131 Derne\u011fi (UKOM), Esenyurt Belediye Ba\u015fkan\u0131 Necmi Kad\u0131o\u011flu ve Ukra \u0130n\u015faat Y\u00f6netim Kurulu Ba\u015fkan\u0131 Atilla Yavuz&#8217;la g\u00f6r\u00fc\u015ft\u00fc. \u00d6zyurtlar Y\u00f6netim Kurulu Ba\u015fkan\u0131 Tamer \u00d6zyurt&#8217;la da yeni bir g\u00f6r\u00fc\u015fme ger\u00e7ekle\u015ftiren UKOM arsa sahipleriyle ya\u015fanan sorunlar\u0131n a\u015f\u0131ld\u0131\u011f\u0131n\u0131 belirtti..<\/h1>\n<div class=\"soc2 nmobilw\"><\/div>\n<div class=\"clear\"><\/div>\n<div>\n<p>Ukra City Kom\u015fular\u0131 Derne\u011fi (UKOM) Esenyurt Belediye Ba\u015fkan\u0131 Necmi Kad\u0131o\u011flu ve Ukra \u0130n\u015faat Y\u00f6netim Kurulu Ba\u015fkan\u0131 Atilla Yavuz&#8217;la g\u00f6r\u00fc\u015ft\u00fc. \u00d6zyurtlar Y\u00f6netim Kurulu Ba\u015fkan\u0131 Tamer \u00d6zyurt&#8217;la da yeni bir g\u00f6r\u00fc\u015fme ger\u00e7ekle\u015ftiren UKOM arsa sahipleriyle ya\u015fanan sorunlar\u0131n a\u015f\u0131ld\u0131\u011f\u0131n\u0131 ve in\u015faat\u0131n ba\u015flayaca\u011f\u0131n\u0131 belirtti.\u00a0UKOM Y\u00f6netim Kurulu Ba\u015fkan\u0131 M\u00fcyesser Dulundu yapt\u0131\u011f\u0131 a\u00e7\u0131klamada ma\u011fduriyetin giderilmesi ve in\u015faat\u0131n biran \u00f6nce ba\u015flamas\u0131 konusunda Esenyurt Belediye Ba\u015fkan\u0131 Necmi Kad\u0131o\u011flu&#8217;nun deste\u011fini g\u00f6rd\u00fcklerini ve ba\u015fkan Kad\u0131o\u011flu&#8217;na t\u00fcm ma\u011fdurlar ad\u0131na sonsuz te\u015fekk\u00fcr etti\u011fini s\u00f6yledi.<\/p>\n<p><b>UKOM taraf\u0131ndan yap\u0131lan a\u00e7\u0131klama \u015fu \u015fekilde;<\/b><\/p>\n<p>D\u00fcn UKOM y\u00f6netimi olarak say\u0131n ba\u015fkan\u0131m\u0131z Necmi Kad\u0131o\u011flu ile belediye binas\u0131nda ard\u0131ndan Atilla Yavuz ile \u015eelale plazada bir toplant\u0131 ger\u00e7ekle\u015ftirdik. Bug\u00fcn ise say\u0131n ba\u015fkan\u0131m\u0131z Necmi Kad\u0131o\u011flu beyin organizasyonu ile Ukra sat\u0131\u015f ofisinde; belediye ba\u015fkan\u0131m\u0131z say\u0131n Necmi Kad\u0131o\u011flu, \u00d6zyurtlar y\u00f6netim kurulu ba\u015fkan\u0131 say\u0131n Tamer \u00d6zyurt ve UKOM y\u00f6netimi olarak ger\u00e7ekle\u015ftirdi\u011fimiz \u00fc\u00e7l\u00fc toplant\u0131 sonucunda;<\/p>\n<p>1)Ukra in\u015faat\u0131n g\u00fcvenlik g\u00f6revlileri yerine ay ba\u015f\u0131 itibar\u0131yla \u00d6zyurtlar&#8217;\u0131n g\u00fcvenlik elemanlar\u0131n\u0131n yerini alaca\u011f\u0131<\/p>\n<p>2)Ukra taraf\u0131ndan \u015fu anda tasviyesi yap\u0131lan sat\u0131\u015f ofisine \u00d6zyurtlar\u0131n ge\u00e7ece\u011fi<\/p>\n<p>3)I\u015f\u0131klar ailesi ile b\u00fct\u00fcn sorunlar\u0131n a\u015f\u0131ld\u0131\u011f\u0131<\/p>\n<p>4)\u0130mza s\u00fcrecinin \u00f6l\u00fcmler dolay\u0131s\u0131yla olu\u015fan veraset \u0130\u015flemleri ve 65 ya\u015f \u00fcst\u00fc sa\u011fl\u0131k raporlar\u0131n\u0131n al\u0131nmas\u0131 (baz\u0131 65 ya\u015f \u00fcst\u00fc ki\u015filerin sa\u011fl\u0131k raporu al\u0131namad\u0131\u011f\u0131 i\u00e7in vasi tayini) gibi sebepler nedeniyle uzad\u0131\u011f\u0131<\/p>\n<p>5)Ukra in\u015faat\u0131n \u00d6zyurtlar taraf\u0131ndan kesinlikle yap\u0131laca\u011f\u0131<\/p>\n<p>6)Bu konunun say\u0131n ba\u015fkan\u0131m\u0131z taraf\u0131ndan s\u0131k\u0131 takibinin yap\u0131ld\u0131\u011f\u0131<\/p>\n<p>7)\u0130mza atmayan ufak arsa sahiplerinin probleminin \u00e7\u00f6z\u00fcm i\u015finin belediyede oldu\u011fu ve say\u0131n Ba\u015fkan\u0131m\u0131z\u0131n bizzat bilgisi ve m\u00fcdahilli\u011fi \u015feklinde \u00e7\u00f6z\u00fcmlenece\u011fi<\/p>\n<p>8)Sorunun \u00e7\u00f6z\u00fcm a\u015famas\u0131nda oldu\u011fu imza tarihi verilemedi\u011fi fakat y\u0131lba\u015f\u0131 itibari ile in\u015faat\u0131n ba\u015fka problem \u00e7\u0131kmad\u0131\u011f\u0131 takdirde ba\u015flayaca\u011f\u0131<\/p>\n<p>9)\u0130mzadan hemen sonra ruhsat \u00e7\u0131kar\u0131laca\u011f\u0131 ve hi\u00e7 zaman kaybetmeden yeni olu\u015fabilecek \u00f6l\u00fcmler ve miras\u00e7\u0131lardan \u00e7\u0131kacak sorunlar\u0131n \u00f6n\u00fcne ge\u00e7mek i\u00e7in acele \u015fekilde kat irtifak tapular\u0131n\u0131n \u00e7\u0131kar\u0131laca\u011f\u0131 konular\u0131 g\u00f6r\u00fc\u015f\u00fclm\u00fc\u015ft\u00fcr.<\/p>\n<p>UKOM Y\u00f6netimi<\/p>\n<p><b>2 bin 560<\/b><b>\u00a0konutluk proje<\/b><\/p>\n<p>Ukra \u0130n\u015faat&#8217;\u0131n 28 Ekim 2010 tarihinde sat\u0131\u015fa \u00e7\u0131kard\u0131\u011f\u0131 Ukra City projesi 45 d\u00f6n\u00fcm alan \u00fczerinde hayata ge\u00e7irilecekti. Y\u00fczde 78&#8217;i ye\u015fil alana ayr\u0131lan projenin 2012&#8217;de teslim edilmesi gerekiyordu. Aral\u0131k 2012 tarihinde iflas erteleme isteyen Ukra \u0130n\u015faat 378 ofisin yer ald\u0131\u011f\u0131 Ukra Han Plus, 800 konutun yer ald\u0131\u011f\u0131 Hane Plus projelerinden sonra, 2010 tarihinde en b\u00fcy\u00fck projesi olan \u00a02.560 konut ve 70 d\u00fckkanl\u0131k Ukra City&#8217;e ba\u015flam\u0131\u015ft\u0131.<\/p>\n<\/div>\n","protected":false},"excerpt":{"rendered":"<p>Ukra City Kom\u015fular\u0131 Derne\u011fi (UKOM), Esenyurt Belediye Ba\u015fkan\u0131 Necmi Kad\u0131o\u011flu ve Ukra \u0130n\u015faat Y\u00f6netim Kurulu Ba\u015fkan\u0131 Atilla Yavuz&#8217;la g\u00f6r\u00fc\u015ft\u00fc. \u00d6zyurtlar Y\u00f6netim Kurulu Ba\u015fkan\u0131 Tamer \u00d6zyurt&#8217;la da yeni bir g\u00f6r\u00fc\u015fme ger\u00e7ekle\u015ftiren UKOM arsa sahipleriyle ya\u015fanan sorunlar\u0131n a\u015f\u0131ld\u0131\u011f\u0131n\u0131 belirtti.. Ukra City Kom\u015fular\u0131 Derne\u011fi (UKOM) Esenyurt Belediye Ba\u015fkan\u0131 Necmi Kad\u0131o\u011flu ve Ukra \u0130n\u015faat Y\u00f6netim Kurulu Ba\u015fkan\u0131 Atilla Yavuz&#8217;la [&hellip;]<\/p>\n","protected":false},"author":1,"featured_media":6234,"comment_status":"open","ping_status":"open","sticky":false,"template":"","format":"standard","meta":{"ngg_post_thumbnail":0},"categories":[221,26,219],"tags":[67,80,11302,106,11159,11406,2208,3836,3835],"_links":{"self":[{"href":"https:\/\/emlaktuel.com\/index.php?rest_route=\/wp\/v2\/posts\/6233"}],"collection":[{"href":"https:\/\/emlaktuel.com\/index.php?rest_route=\/wp\/v2\/posts"}],"about":[{"href":"https:\/\/emlaktuel.com\/index.php?rest_route=\/wp\/v2\/types\/post"}],"author":[{"embeddable":true,"href":"https:\/\/emlaktuel.com\/index.php?rest_route=\/wp\/v2\/users\/1"}],"replies":[{"embeddable":true,"href":"https:\/\/emlaktuel.com\/index.php?rest_route=%2Fwp%2Fv2%2Fcomments&post=6233"}],"version-history":[{"count":1,"href":"https:\/\/emlaktuel.com\/index.php?rest_route=\/wp\/v2\/posts\/6233\/revisions"}],"predecessor-version":[{"id":6235,"href":"https:\/\/emlaktuel.com\/index.php?rest_route=\/wp\/v2\/posts\/6233\/revisions\/6235"}],"wp:featuredmedia":[{"embeddable":true,"href":"https:\/\/emlaktuel.com\/index.php?rest_route=\/wp\/v2\/media\/6234"}],"wp:attachment":[{"href":"https:\/\/emlaktuel.com\/index.php?rest_route=%2Fwp%2Fv2%2Fmedia&parent=6233"}],"wp:term":[{"taxonomy":"category","embeddable":true,"href":"https:\/\/emlaktuel.com\/index.php?rest_route=%2Fwp%2Fv2%2Fcategories&post=6233"},{"taxonomy":"post_tag","embeddable":true,"href":"https:\/\/emlaktuel.com\/index.php?rest_route=%2Fwp%2Fv2%2Ftags&post=6233"}],"curies":[{"name":"wp","href":"https:\/\/api.w.org\/{rel}","templated":true}]}}