{"id":6221,"date":"2016-09-28T14:35:14","date_gmt":"2016-09-28T11:35:14","guid":{"rendered":"http:\/\/emlaktuel.com\/?p=6221"},"modified":"2018-07-05T14:54:33","modified_gmt":"2018-07-05T11:54:33","slug":"yedi-mavide-gorkemli-lansman-sonrasi-satis-basladi","status":"publish","type":"post","link":"https:\/\/emlaktuel.com\/?p=6221","title":{"rendered":"Yedi Mavi&#8217;de g\u00f6rkemli lansman sonras\u0131 sat\u0131\u015f ba\u015flad\u0131!"},"content":{"rendered":"<h1 class=\"news-detail-title selectionShareable\">Kalkavan Yap\u0131, Hasan Sever \u0130n\u015faat ve G\u00fcl Yap\u0131 Gayrimenkul Geli\u015ftirme \u0130\u015f Ortakl\u0131\u011f\u0131\u2019nda, \u0130stanbul\u2019un en de\u011ferli arazilerinden TOBB\u2019un Zeytinburnu arazisi \u00fczerinde hayata ge\u00e7irilecek Projesi\u2019nde sat\u0131\u015flar ba\u015flad\u0131.<\/h1>\n<p>&nbsp;<\/p>\n<div>\n<p>Kalkavan Yap\u0131, Hasan Sever \u0130n\u015faat ve G\u00fcl Yap\u0131 Gayrimenkul Geli\u015ftirme \u0130\u015f Ortakl\u0131\u011f\u0131 taraf\u0131ndan hayata ge\u00e7irilen Yedi Mavi Projesi 63,5 d\u00f6n\u00fcm arazi \u00fczerinde rezidans (Konut), ofis, AVM ve apart otelin yer alaca\u011f\u0131 toplam 1047 adet ba\u011f\u0131ms\u0131z b\u00f6l\u00fcmden olu\u015fuyor. 17 katl\u0131 6 blokla hayalleri hayat\u0131n merkezinde bulu\u015fturan Yedi Mavi Projesi\u2019nde e\u015fsiz deniz manzaras\u0131na sahip 1+1, 2+1, 3+1, 4+1 ve 5+1 olmak \u00fczere 5 farkl\u0131 daire se\u00e7ene\u011fi yer al\u0131yor. Ayr\u0131ca projede elektrikli ara\u00e7lar\u0131n da kullan\u0131m\u0131na uygun 2 bin 600 ara\u00e7l\u0131k otopark alan\u0131 bulunuyor. Kalite ve konfora \u00f6nem veren ailelerin taleplerine cevap verecek \u015fekilde tasarlanan projede daireler 75 metrekareden ba\u015flay\u0131p 400 metrekareye kadar \u00e7\u0131k\u0131yor. \u0130lk olarak sadece konutlar\u0131n sat\u0131\u015f\u0131na ba\u015flanan Yedi Mavi\u2019de metrekare fiyatlar\u0131 ise 13 bin liradan ba\u015fl\u0131yor.<\/p>\n<h2><img loading=\"lazy\" class=\"alignnone  wp-image-6222\" src=\"http:\/\/emlaktuel.com\/wp-content\/uploads\/2016\/09\/NTA0NDY5MT-yedi-mavi-zeytinburnu-satisa-cikti-300x192.jpg\" alt=\"yedi mavi in\u015faat\" width=\"605\" height=\"387\" \/><\/h2>\n<h2>\u0130stanbul\u2019un Yeni Hediyesi\u2026 6 Kule 1 Ya\u015fam Denizden Gelen \u0130lham\u2026<\/h2>\n<p><a href=\"http:\/\/emlaktuel.com\/\">Yedi Mavi<\/a> isminin do\u011fu\u015f hikayesini anlatan Kalkavan Yap\u0131 Y\u00f6netim Kurulu Ba\u015fkan\u0131 Naz\u0131m Kalkavan, \u201cProjemizde 6 adet kule olsa da, ak\u0131ll\u0131 ev sisteminden rezidans hizmetlerine, \u00e7ocuk oyun alanlar\u0131ndan y\u00fczme havuzlar\u0131na, spa salonlar\u0131ndan fitness salonlar\u0131na kadar bir\u00e7ok sosyal donat\u0131n\u0131n yan\u0131 s\u0131ra, \u015f\u0131k restoranlar, kafeler, bir\u00e7ok prestijli T\u00fcrk ve d\u00fcnya markas\u0131n\u0131 bir arada bulabilece\u011finiz ma\u011fazalar, al\u0131\u015fveri\u015f ve sosyal aktivitelerin merkezi olacak Mavi Cadde, ayr\u0131ca evinizden veya ofisinizden ad\u0131m\u0131n\u0131z\u0131 att\u0131\u011f\u0131n\u0131zda kendinizi sosyal ya\u015fam\u0131n i\u00e7inde bulaca\u011f\u0131n\u0131z spordan k\u00fclt\u00fcr sanata kadar farkl\u0131 sosyal etkinliklere kat\u0131lma imkan\u0131 sunan Mavi Meydan ile asl\u0131nda koskocaman bir ya\u015fam vaat ediyoruz. Bunlar\u0131n hepsi bir araya gelince denize a\u00e7\u0131lan e\u015fsiz bir hayat, yani \u0130stanbul\u2019un yeni hediyesi Yedi Mavi olu\u015fuyor\u201d dedi.<\/p>\n<p><img loading=\"lazy\" class=\"alignnone  wp-image-6223\" src=\"http:\/\/emlaktuel.com\/wp-content\/uploads\/2016\/09\/yedimavi9-300x169.jpg\" alt=\"yedi mavi\" width=\"598\" height=\"337\" \/><\/p>\n<h2>L\u00fcks\u00fcn Tan\u0131m\u0131n\u0131 De\u011fi\u015ftiren Proje Yedi Mavi\u2019nin Y\u00fczde 80\u2019i Ye\u015fil Alan ve Deniz Manzaral\u0131<\/h2>\n<p>Projede d\u00fcnyaca \u00fcnl\u00fc mimar Murat Tabanl\u0131o\u011flu\u2019nun imzas\u0131 oldu\u011funun alt\u0131n\u0131 \u00e7izen Kalkavan, \u201cProjede ge\u00e7mi\u015fle gelece\u011fi bug\u00fcn\u00fcn de\u011ferleriyle bir araya getirerek deniz temas\u0131n\u0131 da i\u00e7inde bar\u0131nd\u0131ran bir ya\u015fam modeli tasarlad\u0131k. \u015eehir ve denizle i\u00e7 i\u00e7e s\u0131ra d\u0131\u015f\u0131 bir mimari olarak denizden ilham alarak tasarlanan, \u015fehrin dokusuyla denizi bulu\u015fturan Yedi Mavi\u2019nin y\u00fczde 80\u2019i deniz manzaral\u0131 ve geni\u015f terasl\u0131 dairelerden olu\u015fuyor. 63 d\u00f6n\u00fcml\u00fck arazimize 6 blok in\u015fa ederek her 10 d\u00f6n\u00fcme 1 blok yapm\u0131\u015f olaca\u011f\u0131z. Yani 50 bin metrekare ye\u015fil alana sahip bir proje yap\u0131yoruz. Bu da yakla\u015f\u0131k projenin y\u00fczde 80\u2019ine denk geliyor. Bu sayede, birbirini kesmeyen hepsi ayr\u0131 panoramada manzaraya hakim olan ve mavinin 6 tonu ile adland\u0131rd\u0131\u011f\u0131m\u0131z bloklar adeta denizle kucakla\u015facak. Yedi Mavi\u2019de dairelerin \u00e7o\u011fu, t\u00fcm ya\u015fam alanlar\u0131ndan denizi g\u00f6rme imkan\u0131na sahip olacak\u201d diyerek projenin \u00f6zellikleri hakk\u0131nda bilgi verdi.<\/p>\n<h2><img loading=\"lazy\" class=\"alignnone  wp-image-6224\" src=\"http:\/\/emlaktuel.com\/wp-content\/uploads\/2016\/09\/MTUxNDY5MT-yedi-mavi-zeytinburnu-satisa-cikti-300x192.jpg\" alt=\"yedi mavi\" width=\"588\" height=\"376\" \/><\/h2>\n<h2>\u00d6nce Konutlar Sat\u0131\u015fta<\/h2>\n<p>\u0130lk olarak sadece konutlar\u0131 sat\u0131\u015fa \u00e7\u0131kard\u0131klar\u0131n\u0131 vurgulayan Kalkavan, \u201cKonutta yakla\u015f\u0131k 110 bin metrekarelik alan sataca\u011f\u0131z. Metrekare fiyatlar\u0131m\u0131z ise 13 bin liradan ba\u015flayacak. Ofisler, otel ve d\u00fckkanlar ile ilgili hen\u00fcz net bir karar\u0131m\u0131z olmad\u0131\u011f\u0131 i\u00e7in \u015fimdilik kiralama yoluna gidece\u011fiz gibi g\u00f6r\u00fcn\u00fcyor\u201d dedi.<\/p>\n<h2>\u00dc\u00e7 Ayda Projenin Y\u00fczde 18\u2019ini Satt\u0131k<\/h2>\n<p>Yedi Mavi\u2019ye \u00e7ok yo\u011fun bir talep oldu\u011fu i\u00e7in Haziran ay\u0131nda \u00f6n sat\u0131\u015fa ba\u015flad\u0131klar\u0131n\u0131 belirten Kalkavan, \u201cO zamandan bu yana ge\u00e7en \u00fc\u00e7 ayl\u0131k s\u00fcre\u00e7te projenin yakla\u015f\u0131k y\u00fczde 18\u2019ini satt\u0131k. Yedi Mavi g\u00fcnden g\u00fcne kazand\u0131racak bir proje oldu\u011fu i\u00e7in yat\u0131r\u0131mc\u0131n\u0131n uzun zamand\u0131r bekledi\u011fi bir proje \u201d diyerek \u00f6n sat\u0131\u015ftan bu yana ge\u00e7en 3 ayl\u0131k s\u00fcrede yat\u0131r\u0131mc\u0131ya yakla\u015f\u0131k y\u00fczde 10 kazand\u0131rd\u0131klar\u0131n\u0131 dile getirdi.<\/p>\n<p><img loading=\"lazy\" class=\"alignnone  wp-image-6225\" src=\"http:\/\/emlaktuel.com\/wp-content\/uploads\/2016\/09\/yedimavi5-300x169.jpg\" alt=\"yedi mavi\" width=\"586\" height=\"330\" \/><\/p>\n<h2>Lansmana \u00d6zel Y\u00fczde 5 Pe\u015fin, 120 Ay Y\u00fczde 0.70 Faiz Oran\u0131<\/h2>\n<p>Son \u00fc\u00e7 ayl\u0131k s\u00fcre\u00e7te \u00fclkemizde ya\u015fanan geli\u015fmeler sonras\u0131nda in\u015faat sekt\u00f6r\u00fcn\u00fcn b\u00fcy\u00fck fedakarl\u0131klarla yapt\u0131\u011f\u0131 kampanyalar, bankalar\u0131n faizleri y\u00fczde 1\u2019in alt\u0131na \u00e7ekmesi, 150 metrekare ve \u00fczerindeki dairelerde KDV oran\u0131n d\u00fc\u015f\u00fcr\u00fclmesi ve gayrimenkul sertifikas\u0131n\u0131n yasala\u015fmas\u0131n\u0131n sekt\u00f6r\u00fcn, ekonominin canlanmas\u0131na b\u00fcy\u00fck katk\u0131 sa\u011flad\u0131\u011f\u0131na ve daire sahibi olmak isteyenler ve yat\u0131r\u0131m yapmak isteyenler i\u00e7in ise ka\u00e7\u0131r\u0131lmayacak bir f\u0131rsat do\u011fdu\u011funa dikkat \u00e7eken Kalkavan, \u201cBiz de bu ba\u011flamda \u00fczerimize d\u00fc\u015feni yaparak Emlak Konut ve GYODER\u2019in yapt\u0131\u011f\u0131 kampanyalarda belirlenen pe\u015finat\u0131n da alt\u0131nda bir pe\u015finatla sat\u0131\u015fa \u00e7\u0131k\u0131yoruz. Bu kampanyam\u0131z kapsam\u0131nda y\u00fczde 5 pe\u015fin vererek ister 120 ay y\u00fczde 0.70 faiz oran\u0131yla, ister 60 ay y\u00fczde 0.42 faiz oran\u0131yla Yedi Mavi\u2019den lansman s\u00fcresince daire sahibi olunabilecek ayr\u0131ca kendi b\u00fcnyemizde \u00e7e\u015fitli \u00f6deme planlar\u0131 da sunuyoruz\u201d dedi.<\/p>\n<h2><img loading=\"lazy\" class=\"alignnone  wp-image-6226\" src=\"http:\/\/emlaktuel.com\/wp-content\/uploads\/2016\/09\/yedimavi2-300x169.jpg\" alt=\"yedi mavi\" width=\"598\" height=\"337\" \/><\/h2>\n<h2>Trafiksiz Ya\u015fam Vaat Ediyor<\/h2>\n<p>Kalkavan, Belgradkap\u0131, Silivrikap\u0131, Mevlanakap\u0131 ve Topkap\u0131 gibi \u0130stanbul\u2019un t\u00fcm kap\u0131lar\u0131ndan denize a\u00e7\u0131lan \u015fehrin alt\u0131n kap\u0131s\u0131 Yedi Mavi\u2019nin, \u0130stanbul\u2019un en merkezi lokasyonlar\u0131ndan birinde yer ald\u0131\u011f\u0131na ve \u00f6nemli ula\u015f\u0131m akslar\u0131n\u0131n yan\u0131 ba\u015f\u0131nda bulundu\u011funa dikkat \u00e7ekti. Kalkavan, ayr\u0131ca projenin Tarihi Yar\u0131mada\u2019n\u0131n i\u00e7inde yer almas\u0131 ve \u00a0<a href=\"http:\/\/emlaktuel.com\/\">Marmaray<\/a>\u00a0 Projesi, \u0130DO Bak\u0131rk\u00f6y Terminali, Atak\u00f6y Marina, Atat\u00fcrk Havaliman\u0131, \u0130DO Yenikap\u0131 Terminali, E-5 ve TEM gibi \u00e7ok \u00f6nemli ula\u015f\u0131m akslar\u0131n\u0131n yan\u0131 ba\u015f\u0131nda olmas\u0131n\u0131n \u0130stanbul trafi\u011finde \u00e7ok b\u00fcy\u00fck avantaj oldu\u011funa vurgu yaparken \u201cTamamlanmas\u0131 beklenen b\u00fcy\u00fck projelerle g\u00fcnden g\u00fcne daha da de\u011ferlenecek bir lokasyonday\u0131z; Aral\u0131k 2016\u2019da a\u00e7\u0131lacak Avrasya T\u00fcneli ile \u0130stanbul&#8217;da ara\u00e7 trafi\u011finin yo\u011fun oldu\u011fu Kazl\u0131\u00e7e\u015fme-G\u00f6ztepe aras\u0131ndaki mesafe 15 dakikaya inecek. Yine Galataport Projesi de b\u00f6lgeye b\u00fcy\u00fck de\u011fer katacak. Bu projelerin bitmesiyle Yedi Mavi\u2019nin zaten \u00e7ok de\u011ferli olan lokasyonu, \u0130stanbul\u2019un her yerine trafiksiz ula\u015f\u0131m sa\u011flayacak\u201d diyerek s\u00f6zlerini tamamlad\u0131.<\/p>\n<p>Web: <a href=\"http:\/\/yedimavi.com.tr\/\">http:\/\/yedimavi.com.tr\/<\/a><\/p>\n<\/div>\n","protected":false},"excerpt":{"rendered":"<p>Kalkavan Yap\u0131, Hasan Sever \u0130n\u015faat ve G\u00fcl Yap\u0131 Gayrimenkul Geli\u015ftirme \u0130\u015f Ortakl\u0131\u011f\u0131\u2019nda, \u0130stanbul\u2019un en de\u011ferli arazilerinden TOBB\u2019un Zeytinburnu arazisi \u00fczerinde hayata ge\u00e7irilecek Projesi\u2019nde sat\u0131\u015flar ba\u015flad\u0131. &nbsp; Kalkavan Yap\u0131, Hasan Sever \u0130n\u015faat ve G\u00fcl Yap\u0131 Gayrimenkul Geli\u015ftirme \u0130\u015f Ortakl\u0131\u011f\u0131 taraf\u0131ndan hayata ge\u00e7irilen Yedi Mavi Projesi 63,5 d\u00f6n\u00fcm arazi \u00fczerinde rezidans (Konut), ofis, AVM ve apart otelin [&hellip;]<\/p>\n","protected":false},"author":1,"featured_media":6225,"comment_status":"open","ping_status":"open","sticky":false,"template":"","format":"standard","meta":{"ngg_post_thumbnail":0},"categories":[221,26,219,220,97],"tags":[11329,11208,459,11417,2434,256,106,11098,3826,3830,3828,3827,3829,2733],"_links":{"self":[{"href":"https:\/\/emlaktuel.com\/index.php?rest_route=\/wp\/v2\/posts\/6221"}],"collection":[{"href":"https:\/\/emlaktuel.com\/index.php?rest_route=\/wp\/v2\/posts"}],"about":[{"href":"https:\/\/emlaktuel.com\/index.php?rest_route=\/wp\/v2\/types\/post"}],"author":[{"embeddable":true,"href":"https:\/\/emlaktuel.com\/index.php?rest_route=\/wp\/v2\/users\/1"}],"replies":[{"embeddable":true,"href":"https:\/\/emlaktuel.com\/index.php?rest_route=%2Fwp%2Fv2%2Fcomments&post=6221"}],"version-history":[{"count":1,"href":"https:\/\/emlaktuel.com\/index.php?rest_route=\/wp\/v2\/posts\/6221\/revisions"}],"predecessor-version":[{"id":6227,"href":"https:\/\/emlaktuel.com\/index.php?rest_route=\/wp\/v2\/posts\/6221\/revisions\/6227"}],"wp:featuredmedia":[{"embeddable":true,"href":"https:\/\/emlaktuel.com\/index.php?rest_route=\/wp\/v2\/media\/6225"}],"wp:attachment":[{"href":"https:\/\/emlaktuel.com\/index.php?rest_route=%2Fwp%2Fv2%2Fmedia&parent=6221"}],"wp:term":[{"taxonomy":"category","embeddable":true,"href":"https:\/\/emlaktuel.com\/index.php?rest_route=%2Fwp%2Fv2%2Fcategories&post=6221"},{"taxonomy":"post_tag","embeddable":true,"href":"https:\/\/emlaktuel.com\/index.php?rest_route=%2Fwp%2Fv2%2Ftags&post=6221"}],"curies":[{"name":"wp","href":"https:\/\/api.w.org\/{rel}","templated":true}]}}