{"id":6191,"date":"2016-09-27T14:33:23","date_gmt":"2016-09-27T11:33:23","guid":{"rendered":"http:\/\/emlaktuel.com\/?p=6191"},"modified":"2018-07-05T14:54:18","modified_gmt":"2018-07-05T11:54:18","slug":"buyukyali-boat-showda-deniz-tutkunlarini-agirlayacak","status":"publish","type":"post","link":"https:\/\/emlaktuel.com\/?p=6191","title":{"rendered":"B\u00fcy\u00fckyal\u0131, Boat Show&#8217;da deniz tutkunlar\u0131n\u0131 a\u011f\u0131rlayacak"},"content":{"rendered":"<p><strong>Kale Manzaras\u0131 Art\u0131k Pencerenizin \u00d6n\u00fcnde&#8230;<\/strong><br \/>\n\u0130stanbul\u2019un yeni \u201cdeniz semti\u201d B\u00fcy\u00fckyal\u0131, 27 Eyl\u00fcl-02 Ekim tarihlerinde ger\u00e7ekle\u015ftirilecek olan CNR Avrasya Boat Show 2016 Deniz Fuar\u0131&#8217;nda tan\u0131t\u0131lacak<br \/>\nB\u00fcy\u00fckyal\u0131, 27 Eyl\u00fcl-02 Ekim tarihleri aras\u0131nda ilk kez Atak\u00f6y Marina&#8217;da d\u00fczenlenen \u201cCNR Avrasya Boat Show 2016 Deniz Fuar\u0131\u201dndaki stand\u0131nda, deniz tutkunlar\u0131n\u0131 a\u011f\u0131rlamaya haz\u0131rlan\u0131yor. Bu y\u0131l ilk kez denizde ger\u00e7ekle\u015fen Boat Show&#8217;da tan\u0131t\u0131lan ilk gayrimenkul projesi olan B\u00fcy\u00fckyal\u0131&#8217;n\u0131n stand\u0131na gelen misafirler dijital maket \u00fczerinden proje hakk\u0131nda bilgi alarak, sanal ger\u00e7eklik g\u00f6zl\u00fc\u011f\u00fc ile B\u00fcy\u00fckyal\u0131&#8217;daki \u201ciyi ya\u015fam\u201d\u0131 deneyimleyebiliyor.<\/p>\n<p><strong>\u00d6zg\u00fcrce seyahat etme f\u0131rsat\u0131<\/strong><br \/>\nTarihi Yar\u0131mada&#8217;n\u0131n yan\u0131 ba\u015f\u0131nda ve Marmara Denizi&#8217;nin k\u0131y\u0131s\u0131nda yer alan B\u00fcy\u00fckyal\u0131, deniz ula\u015f\u0131m\u0131n\u0131 g\u00fcnl\u00fck hayat\u0131n bir par\u00e7as\u0131 haline getirmesiyle farkl\u0131la\u015f\u0131yor. \u015eehrin yeni \u201cdeniz semti\u201d olmas\u0131n\u0131n avantaj\u0131yla, B\u00fcy\u00fckyal\u0131&#8217;da hayata ge\u00e7irilecek \u00f6zel deniz shuttle&#8217;lar, \u0130stanbul&#8217;un yo\u011fun trafi\u011fine tak\u0131lmadan \u00f6zg\u00fcrce seyahat etme f\u0131rsat\u0131 sunarak, B\u00fcy\u00fckyal\u0131 sakinlerine zaman kazand\u0131r\u0131yor.<\/p>\n","protected":false},"excerpt":{"rendered":"<p>Kale Manzaras\u0131 Art\u0131k Pencerenizin \u00d6n\u00fcnde&#8230; \u0130stanbul\u2019un yeni \u201cdeniz semti\u201d B\u00fcy\u00fckyal\u0131, 27 Eyl\u00fcl-02 Ekim tarihlerinde ger\u00e7ekle\u015ftirilecek olan CNR Avrasya Boat Show 2016 Deniz Fuar\u0131&#8217;nda tan\u0131t\u0131lacak B\u00fcy\u00fckyal\u0131, 27 Eyl\u00fcl-02 Ekim tarihleri aras\u0131nda ilk kez Atak\u00f6y Marina&#8217;da d\u00fczenlenen \u201cCNR Avrasya Boat Show 2016 Deniz Fuar\u0131\u201dndaki stand\u0131nda, deniz tutkunlar\u0131n\u0131 a\u011f\u0131rlamaya haz\u0131rlan\u0131yor. Bu y\u0131l ilk kez denizde ger\u00e7ekle\u015fen Boat Show&#8217;da [&hellip;]<\/p>\n","protected":false},"author":1,"featured_media":6192,"comment_status":"open","ping_status":"open","sticky":false,"template":"","format":"standard","meta":{"ngg_post_thumbnail":0},"categories":[221,26],"tags":[11329,3804,3803,2647,2074,191,73,11521,11433],"_links":{"self":[{"href":"https:\/\/emlaktuel.com\/index.php?rest_route=\/wp\/v2\/posts\/6191"}],"collection":[{"href":"https:\/\/emlaktuel.com\/index.php?rest_route=\/wp\/v2\/posts"}],"about":[{"href":"https:\/\/emlaktuel.com\/index.php?rest_route=\/wp\/v2\/types\/post"}],"author":[{"embeddable":true,"href":"https:\/\/emlaktuel.com\/index.php?rest_route=\/wp\/v2\/users\/1"}],"replies":[{"embeddable":true,"href":"https:\/\/emlaktuel.com\/index.php?rest_route=%2Fwp%2Fv2%2Fcomments&post=6191"}],"version-history":[{"count":1,"href":"https:\/\/emlaktuel.com\/index.php?rest_route=\/wp\/v2\/posts\/6191\/revisions"}],"predecessor-version":[{"id":6193,"href":"https:\/\/emlaktuel.com\/index.php?rest_route=\/wp\/v2\/posts\/6191\/revisions\/6193"}],"wp:featuredmedia":[{"embeddable":true,"href":"https:\/\/emlaktuel.com\/index.php?rest_route=\/wp\/v2\/media\/6192"}],"wp:attachment":[{"href":"https:\/\/emlaktuel.com\/index.php?rest_route=%2Fwp%2Fv2%2Fmedia&parent=6191"}],"wp:term":[{"taxonomy":"category","embeddable":true,"href":"https:\/\/emlaktuel.com\/index.php?rest_route=%2Fwp%2Fv2%2Fcategories&post=6191"},{"taxonomy":"post_tag","embeddable":true,"href":"https:\/\/emlaktuel.com\/index.php?rest_route=%2Fwp%2Fv2%2Ftags&post=6191"}],"curies":[{"name":"wp","href":"https:\/\/api.w.org\/{rel}","templated":true}]}}