{"id":6170,"date":"2016-09-27T12:54:13","date_gmt":"2016-09-27T09:54:13","guid":{"rendered":"http:\/\/emlaktuel.com\/?p=6170"},"modified":"2018-07-05T14:53:59","modified_gmt":"2018-07-05T11:53:59","slug":"propa-plusta-son-3-daire","status":"publish","type":"post","link":"https:\/\/emlaktuel.com\/?p=6170","title":{"rendered":"Propa Plus\u2019ta Son 3 Daire!"},"content":{"rendered":"<div>\n<div><\/div>\n<div class=\"fb-share-button fb_iframe_widget\" data-href=\"http:\/\/www.emlakdream.com\/haber\/Propa-Plus-ta-Son-3-Daire\/79518\" data-layout=\"button_count\"><\/div>\n<div>\n<h1>Konut teslimlerinin yakla\u015f\u0131k 6 ay sonra ba\u015flayaca\u011f\u0131 Propa Plus Residence projesinde kalan son 3 daire \u00f6zel fiyat ve \u00f6deme ko\u015fullar\u0131yla sat\u0131\u015fa sunuldu.<\/h1>\n<\/div>\n<\/div>\n<div>\n<div>\n<div><\/div>\n<p><span style=\"color: #2e2e2e;\"><strong>Propa \u0130n\u015faat<\/strong> taraf\u0131ndan \u0130stanbul <strong>Zincirlikuyu<\/strong>\u2019da hayata ge\u00e7irilen Propa Plus\u2019ta kalan son 3 daire \u00f6zel ko\u015fullarla sat\u0131\u015fa \u00e7\u0131kt\u0131. 38 residence daireden olu\u015fan <strong>Propa Plus projesi<\/strong>nde 1+1 , 2+1 ve 3+1 plan\u0131nda yap\u0131lan yap\u0131m\u0131 devam eden konutlar\u0131n yakla\u015f\u0131k 6 kadar sonra , mart 2017\u2019de sahiplerine teslim edilmesi planlan\u0131yor.<\/p>\n<p>Propa CEO\u2019su Can \u00d6z\u00e7i\u00e7ek , Propa Plus\u2019\u0131n \u00e7ok de\u011ferli bir lokasyonda bulundu\u011funu belirterek\u00a0\u0130stanbul\u2019un 3\u2019\u00fcnc\u00fc Havaliman\u0131&#8217;na ula\u015f\u0131m\u0131 sa\u011flayacak metro hatt\u0131n\u0131n ba\u015flang\u0131\u00e7 dura\u011f\u0131n\u0131n bulundu\u011fu Levent &#8211; Zincirlikuyu\u2019da konut metrekare fiyatlar\u0131n\u0131n \u00e7ok yak\u0131n gelecekte b\u00fcy\u00fck art\u0131\u015flar ya\u015fayaca\u011f\u0131n\u0131 ve buradan konut alanlar\u0131n y\u00fcksek prim getirisi sa\u011flayaca\u011f\u0131n\u0131 s\u00f6yledi.<\/p>\n<p><strong>Propa Plus\u2019ta Son 3 Daire Sat\u0131\u015f Fiyatlar\u0131 ve \u00d6deme Ko\u015fullar\u0131<\/strong><\/p>\n<p>Projede kalan son 3 dairenin \u00f6zel fiyat ve \u00f6deme ko\u015fullar\u0131yla sat\u0131\u015fa sunuldu\u011funu belirten <strong>Can \u00d6z\u00e7i\u00e7ek<\/strong> , br\u00fct 70 metrekare b\u00fcy\u00fckl\u00fc\u011f\u00fcne sahip 1+1 residence dairenin sat\u0131\u015f fiyat\u0131n\u0131n 675 bin lira oldu\u011funu belirterek bu dairenin 200 bin liras\u0131 pe\u015fin , 75\u2019er bin liradan 3 ara \u00f6deme ve kalan 250 bin lira bakiyenin de 48 ay s\u0131f\u0131r faizle \u00f6denebilece\u011fini s\u00f6yledi.<\/p>\n<p><strong>Propa Plus Nerede<\/strong><\/p>\n<p>\u0130stanbul\u2019un en de\u011ferli lokasyonlar\u0131ndan Levent Zincirlikuyu\u2019da y\u00fckselen Propa\u00a0 Plus Residence , yap\u0131m\u0131 devam eden \u00fc\u00e7\u00fcnc\u00fc havaliman\u0131na ula\u015f\u0131m\u0131 sa\u011flayan metro hatt\u0131n\u0131n ba\u015flang\u0131\u00e7 noktas\u0131na \u00e7ok yak\u0131n bir konumda. Proje; \u0130stanbul\u2019un en bilinen sanat merkezlerine, AVM\u2019lerine, gezinti caddelerine , restoranlar\u0131na , otob\u00fcs, metro ve metrob\u00fcsten olu\u015fan ula\u015f\u0131m hatt\u0131na \u00e7ok yak\u0131n.<\/p>\n<p><strong>Propa Plus Sosyal Donat\u0131 ve Hizmetler<\/strong><\/p>\n<p>Propa Plus Residence\u2019da, spor salonu , pilates st\u00fcdyosu, haz\u0131r ofis ve toplant\u0131 odalar\u0131 bulunuyor. Resepsiyon, 7 g\u00fcn 24 saat g\u00fcvenlik, kapal\u0131 otopark, dairele<\/span><\/p>\n<\/div>\n<\/div>\n","protected":false},"excerpt":{"rendered":"<p>Konut teslimlerinin yakla\u015f\u0131k 6 ay sonra ba\u015flayaca\u011f\u0131 Propa Plus Residence projesinde kalan son 3 daire \u00f6zel fiyat ve \u00f6deme ko\u015fullar\u0131yla sat\u0131\u015fa sunuldu. Propa \u0130n\u015faat taraf\u0131ndan \u0130stanbul Zincirlikuyu\u2019da hayata ge\u00e7irilen Propa Plus\u2019ta kalan son 3 daire \u00f6zel ko\u015fullarla sat\u0131\u015fa \u00e7\u0131kt\u0131. 38 residence daireden olu\u015fan Propa Plus projesinde 1+1 , 2+1 ve 3+1 plan\u0131nda yap\u0131lan yap\u0131m\u0131 devam [&hellip;]<\/p>\n","protected":false},"author":1,"featured_media":6171,"comment_status":"open","ping_status":"open","sticky":false,"template":"","format":"standard","meta":{"ngg_post_thumbnail":0},"categories":[221,26,219],"tags":[180,11084,80,11234,11225,11523,2851,3784,11156,11153],"_links":{"self":[{"href":"https:\/\/emlaktuel.com\/index.php?rest_route=\/wp\/v2\/posts\/6170"}],"collection":[{"href":"https:\/\/emlaktuel.com\/index.php?rest_route=\/wp\/v2\/posts"}],"about":[{"href":"https:\/\/emlaktuel.com\/index.php?rest_route=\/wp\/v2\/types\/post"}],"author":[{"embeddable":true,"href":"https:\/\/emlaktuel.com\/index.php?rest_route=\/wp\/v2\/users\/1"}],"replies":[{"embeddable":true,"href":"https:\/\/emlaktuel.com\/index.php?rest_route=%2Fwp%2Fv2%2Fcomments&post=6170"}],"version-history":[{"count":1,"href":"https:\/\/emlaktuel.com\/index.php?rest_route=\/wp\/v2\/posts\/6170\/revisions"}],"predecessor-version":[{"id":6172,"href":"https:\/\/emlaktuel.com\/index.php?rest_route=\/wp\/v2\/posts\/6170\/revisions\/6172"}],"wp:featuredmedia":[{"embeddable":true,"href":"https:\/\/emlaktuel.com\/index.php?rest_route=\/wp\/v2\/media\/6171"}],"wp:attachment":[{"href":"https:\/\/emlaktuel.com\/index.php?rest_route=%2Fwp%2Fv2%2Fmedia&parent=6170"}],"wp:term":[{"taxonomy":"category","embeddable":true,"href":"https:\/\/emlaktuel.com\/index.php?rest_route=%2Fwp%2Fv2%2Fcategories&post=6170"},{"taxonomy":"post_tag","embeddable":true,"href":"https:\/\/emlaktuel.com\/index.php?rest_route=%2Fwp%2Fv2%2Ftags&post=6170"}],"curies":[{"name":"wp","href":"https:\/\/api.w.org\/{rel}","templated":true}]}}