{"id":6165,"date":"2016-09-27T12:51:56","date_gmt":"2016-09-27T09:51:56","guid":{"rendered":"http:\/\/emlaktuel.com\/?p=6165"},"modified":"2018-07-05T14:53:56","modified_gmt":"2018-07-05T11:53:56","slug":"mina-towers-projesinde-satislara-baslandi","status":"publish","type":"post","link":"https:\/\/emlaktuel.com\/?p=6165","title":{"rendered":"Mina Towers Projesi&#8217;nde Sat\u0131\u015flara Ba\u015fland\u0131!"},"content":{"rendered":"<div>\n<div>\n<h1 class=\"IN-widget\">\u00dcnl\u00fc mimar Eren Talu imzas\u0131 ta\u015f\u0131yan, Ba\u015faran Grup&#8217;un \u00f6nemli projelerinden biri olan Mina Towers projesinin bas\u0131na tan\u0131t\u0131m toplant\u0131s\u0131 bug\u00fcn ger\u00e7ekle\u015fti. Fikirtepe&#8217;de hayata ge\u00e7en projede 1500 konut ve 95 ticari \u00fcnite bulunacak.<\/h1>\n<\/div>\n<\/div>\n<div>\n<div>\n<p><span style=\"color: #2e2e2e;\">Turizm, finans ve yat\u00e7\u0131l\u0131k sekt\u00f6r\u00fcn\u00fcn \u00f6nemli firmalar\u0131ndan biri olan <strong>Ba\u015faran Grup <\/strong>taraf\u0131ndan ,<strong>\u00a0<\/strong>Kentsel d\u00f6n\u00fc\u015f\u00fcm\u00fcn pilot b\u00f6lgelerinden olan Fikirtepe&#8217;de in\u015fa edilen <strong>Mina Towers <\/strong>projesinin lansman\u0131 bug\u00fcn yap\u0131larak resmi sat\u0131\u015flar ba\u015flad\u0131.<\/p>\n<p>\u00dcnl\u00fc Mimar Eren Talu imzas\u0131n\u0131 ta\u015f\u0131yan projenin sat\u0131\u015f ofisi ve \u00f6rnek dairelerinin i\u00e7 mimari \u00e7\u00f6z\u00fcmleri Beril Ba\u015faran &#8211; Artebel Design taraf\u0131ndan tasarland\u0131.<\/p>\n<p>Projenin kamuoyuna tan\u0131t\u0131ld\u0131\u011f\u0131 bas\u0131n toplant\u0131s\u0131nda konu\u015fan\u00a0Ba\u015faran Holding Y\u00f6netim Kurulu Ba\u015fkan\u0131 H\u00fcseyin Ba\u015faran: &#8221;Aktif oldu\u011fumuz t\u00fcm sekt\u00f6rlerde yaratt\u0131\u011f\u0131m\u0131z marka de\u011ferini gayrimenkul alan\u0131na da ta\u015f\u0131ma hedefiyle ilk konut projemizi hayata ge\u00e7irdik. Mina Towers\u2019\u0131 hem konut beklentilerini hem de sosyal ihtiya\u00e7lar\u0131 kar\u015f\u0131layacak bir konseptle tasarlad\u0131k. Do\u011fru lokasyonda, kaliteli bir ya\u015fam hayali olanlar\u0131n bu beklentilerine cevap verecek Mina Towersile Fikirtepe\u2019deki iddiam\u0131z\u0131 ortaya koyaca\u011f\u0131z.Bu b\u00f6lge, bizim uzun vadeli projeler geli\u015ftirip kal\u0131c\u0131 bir marka olarak yer alaca\u011f\u0131m\u0131z de\u011ferli bir lokasyon. MinaTowers\u2019tan sonra 2 y\u0131l i\u00e7inde 2 projemiz daha b\u00f6lgede aktif olarak yer alacak.&#8221; dedi.<br \/>\n<img loading=\"lazy\" class=\"alignnone  wp-image-6167\" src=\"http:\/\/emlaktuel.com\/wp-content\/uploads\/2016\/09\/Mina-Towers-nerede-300x150.jpg\" alt=\"mina towers projesi\" width=\"516\" height=\"258\" \/><br \/>\n<strong> Mina Towers Projesi Nerede \u0130n\u015faa Ediliyor?<\/strong><\/p>\n<p>Kad\u0131k\u00f6y&#8217;\u00fcn Fikirtepe semtinde Mand\u0131ra Caddesi \u00fczerinde 26 d\u00f6n\u00fcml\u00fck arsa \u00fczerinde 6 kule olarak in\u015fa edilecek olan <strong>Mina Towers projes<\/strong>i , ana ula\u015f\u0131m arterleri \u00a0olan 15 Temmuz \u015eehitler K\u00f6pr\u00fcs\u00fc ile Fatih Sultan Mehmet K\u00f6pr\u00fcs\u00fc&#8217;ne , Sabiha G\u00f6k\u00e7en Havaliman\u0131&#8217;na ,G\u00f6ztepe D100 karayolu \u00fczerinden Avrupa Yakas\u0131na ula\u015facak olan ve 20 aral\u0131kta a\u00e7\u0131lacak Avrasya T\u00fcneli&#8217;ne ve Ba\u011fdat Caddesi\u2019ne kolay ula\u015facak bir konumda bulunuyor.<\/span><\/p>\n<p><span style=\"color: #2e2e2e;\"><img loading=\"lazy\" class=\"alignnone  wp-image-6166\" src=\"http:\/\/emlaktuel.com\/wp-content\/uploads\/2016\/09\/Mina-Towers-Projesi-300x150.jpg\" alt=\"mina towers projesi\" width=\"494\" height=\"247\" \/><\/p>\n<p><strong>Mina Towers Daire Se\u00e7enekleri<\/strong><\/p>\n<p>26 bin metrekare arsa \u00fczerinde 69 bin 500 metrekare in\u015faat alan\u0131na sahip olan Mina Towers projesi, 25 katl\u0131 6 bloktan meydana geliyor. 1500 konutun ve 95 ma\u011fazan\u0131n yer alaca\u011f\u0131 projenin yat\u0131r\u0131m bedeli ise 1 milyar dolar. Konut b\u00fcy\u00fckl\u00fckleri 55 &#8211; 300 metrekare aras\u0131nda de\u011fi\u015fen projede\u00a01+0&#8217;dan 5,5+1&#8217;e kadar de\u011fi\u015fen konut se\u00e7enekleri bulunuyor.<\/p>\n<p><strong>Mina Towers Sosyal Olanaklar<\/strong><\/p>\n<p>Projede ; sauna, 2 adet spa, yar\u0131 olimpik \u00fcst\u00fc a\u00e7\u0131labilen 2 adet \u0131s\u0131tmal\u0131 kapal\u0131 havuz, 2 adet \u00e7ocuk oyun havuzu gibi alanlardan ba\u015fka 3 bin 300 ara\u00e7l\u0131k bir otopark alan\u0131 da mevcut.<\/p>\n<p><strong>Mina Towers Fiyatlar<\/strong><\/p>\n<p><strong>Mina Towers projesinde fiyatlar <\/strong>hen\u00fcz kesinlik kazanmad\u0131. Bug\u00fcn yap\u0131lacak lansmanda fiyatlar\u0131n ve detaylar\u0131n da a\u00e7\u0131klamas\u0131 bekleniyor.<\/p>\n<p><strong>Mina Towers<\/strong>&#8216;\u0131n <strong>reklam filmlerinde<\/strong> G.Saray&#8217;\u0131n Hollandal\u0131 y\u0131ld\u0131z\u0131 <strong>Wesley Sneijder<\/strong>&#8216;\u0131n <strong>e\u015fi<\/strong> <strong>Yolanthe Cabau Sneijder<\/strong> oynuyor.<\/p>\n<p><\/span><\/p>\n<\/div>\n<\/div>\n","protected":false},"excerpt":{"rendered":"<p>\u00dcnl\u00fc mimar Eren Talu imzas\u0131 ta\u015f\u0131yan, Ba\u015faran Grup&#8217;un \u00f6nemli projelerinden biri olan Mina Towers projesinin bas\u0131na tan\u0131t\u0131m toplant\u0131s\u0131 bug\u00fcn ger\u00e7ekle\u015fti. Fikirtepe&#8217;de hayata ge\u00e7en projede 1500 konut ve 95 ticari \u00fcnite bulunacak. Turizm, finans ve yat\u00e7\u0131l\u0131k sekt\u00f6r\u00fcn\u00fcn \u00f6nemli firmalar\u0131ndan biri olan Ba\u015faran Grup taraf\u0131ndan ,\u00a0Kentsel d\u00f6n\u00fc\u015f\u00fcm\u00fcn pilot b\u00f6lgelerinden olan Fikirtepe&#8217;de in\u015fa edilen Mina Towers projesinin lansman\u0131 [&hellip;]<\/p>\n","protected":false},"author":1,"featured_media":6168,"comment_status":"open","ping_status":"open","sticky":false,"template":"","format":"standard","meta":{"ngg_post_thumbnail":0},"categories":[221,26,219],"tags":[2390,891,180,62,3783,11419,88,80,4328,3781,3782,11469,106,4428,11098,11237,11173],"_links":{"self":[{"href":"https:\/\/emlaktuel.com\/index.php?rest_route=\/wp\/v2\/posts\/6165"}],"collection":[{"href":"https:\/\/emlaktuel.com\/index.php?rest_route=\/wp\/v2\/posts"}],"about":[{"href":"https:\/\/emlaktuel.com\/index.php?rest_route=\/wp\/v2\/types\/post"}],"author":[{"embeddable":true,"href":"https:\/\/emlaktuel.com\/index.php?rest_route=\/wp\/v2\/users\/1"}],"replies":[{"embeddable":true,"href":"https:\/\/emlaktuel.com\/index.php?rest_route=%2Fwp%2Fv2%2Fcomments&post=6165"}],"version-history":[{"count":1,"href":"https:\/\/emlaktuel.com\/index.php?rest_route=\/wp\/v2\/posts\/6165\/revisions"}],"predecessor-version":[{"id":6169,"href":"https:\/\/emlaktuel.com\/index.php?rest_route=\/wp\/v2\/posts\/6165\/revisions\/6169"}],"wp:featuredmedia":[{"embeddable":true,"href":"https:\/\/emlaktuel.com\/index.php?rest_route=\/wp\/v2\/media\/6168"}],"wp:attachment":[{"href":"https:\/\/emlaktuel.com\/index.php?rest_route=%2Fwp%2Fv2%2Fmedia&parent=6165"}],"wp:term":[{"taxonomy":"category","embeddable":true,"href":"https:\/\/emlaktuel.com\/index.php?rest_route=%2Fwp%2Fv2%2Fcategories&post=6165"},{"taxonomy":"post_tag","embeddable":true,"href":"https:\/\/emlaktuel.com\/index.php?rest_route=%2Fwp%2Fv2%2Ftags&post=6165"}],"curies":[{"name":"wp","href":"https:\/\/api.w.org\/{rel}","templated":true}]}}