{"id":6144,"date":"2016-09-26T12:11:02","date_gmt":"2016-09-26T09:11:02","guid":{"rendered":"http:\/\/emlaktuel.com\/?p=6144"},"modified":"2018-07-05T14:53:38","modified_gmt":"2018-07-05T11:53:38","slug":"izmir-istanbul-otoyolu-2019da-tamam","status":"publish","type":"post","link":"https:\/\/emlaktuel.com\/?p=6144","title":{"rendered":"\u0130zmir-\u0130stanbul Otoyolu 2019&#8217;da tamam!"},"content":{"rendered":"<h1 class=\"news-detail-title selectionShareable\">Ula\u015ft\u0131rma Denizcilik ve Haberle\u015fme Bakan\u0131 Ahmet Arslan, ula\u015f\u0131m projeleriyle ilgili \u00f6nemli a\u00e7\u0131klamalarda bulunurken, Orhangazi K\u00f6pr\u00fcs\u00fc a\u015famas\u0131n\u0131n tamamland\u0131\u011f\u0131 \u0130stanbul-\u0130zmir Otoyolu Projesi i\u00e7in tarih verdi.<\/h1>\n<p>&nbsp;<\/p>\n<div class=\"clear\">Ula\u015ft\u0131rma Denizcilik ve Haberle\u015fme Bakan\u0131 Ahmet Arslan, ula\u015f\u0131m projeleriyle ilgili \u00f6nemli a\u00e7\u0131klamalarda bulunurken, Orhangazi K\u00f6pr\u00fcs\u00fc a\u015famas\u0131n\u0131n tamamland\u0131\u011f\u0131 \u0130stanbul-\u0130zmir Otoyolu Projesi i\u00e7in tarih verdi. K\u00f6rfez ge\u00e7i\u015f k\u00f6pr\u00fcs\u00fcn\u00fcn ard\u0131ndan projenin di\u011fer b\u00f6l\u00fcmlerinde \u00e7al\u0131\u015fmalar\u0131n h\u0131zla devam etti\u011fini s\u00f6yleyen Arslan, &#8220;\u0130zmir-\u0130stanbul otoyolu projesinde \u00f6nemli a\u015fama kat ettik. \u00c7al\u0131\u015fmalar\u0131m\u0131z devam ediyor. 2018 sonu, 2019 y\u0131l\u0131 ba\u015f\u0131nda projemizi tamamlam\u0131\u015f olaca\u011f\u0131z&#8221; dedi.<\/div>\n<div>\n<p>&nbsp;<\/p>\n<h2>HIZLI TREN YOLA \u00c7IKIYOR<\/h2>\n<p>Bakan Arslan, 14 saatte ula\u015f\u0131m\u0131 sa\u011flanan \u0130zmir-Ankara tren hatt\u0131n\u0131 3 bu\u00e7uk saate indirecek h\u0131zl\u0131 tren projesi hakk\u0131nda bilgi verdi. Bakan Arslan, &#8220;Ankara-\u0130zmir h\u0131zl\u0131 treninde in\u015fa \u00e7al\u0131\u015fmalar\u0131m\u0131z devam ediyor. Afyon&#8217;dan Ankara&#8217;ya kadar \u00e7al\u0131\u015fmalar\u0131m\u0131z\u0131 yapt\u0131k. Ankara-Polatl\u0131 hatt\u0131nda \u00e7al\u0131\u015fmalar\u0131m\u0131z devam ediyor. 2017 itibari ile g\u00fczergah \u00fczerindeki t\u00fcm hatlarda \u00e7al\u0131\u015fmalar ba\u015flam\u0131\u015f olacak&#8221; dedi.<\/p>\n<p>Yeni As\u0131r<\/p>\n<\/div>\n","protected":false},"excerpt":{"rendered":"<p>Ula\u015ft\u0131rma Denizcilik ve Haberle\u015fme Bakan\u0131 Ahmet Arslan, ula\u015f\u0131m projeleriyle ilgili \u00f6nemli a\u00e7\u0131klamalarda bulunurken, Orhangazi K\u00f6pr\u00fcs\u00fc a\u015famas\u0131n\u0131n tamamland\u0131\u011f\u0131 \u0130stanbul-\u0130zmir Otoyolu Projesi i\u00e7in tarih verdi. &nbsp; Ula\u015ft\u0131rma Denizcilik ve Haberle\u015fme Bakan\u0131 Ahmet Arslan, ula\u015f\u0131m projeleriyle ilgili \u00f6nemli a\u00e7\u0131klamalarda bulunurken, Orhangazi K\u00f6pr\u00fcs\u00fc a\u015famas\u0131n\u0131n tamamland\u0131\u011f\u0131 \u0130stanbul-\u0130zmir Otoyolu Projesi i\u00e7in tarih verdi. K\u00f6rfez ge\u00e7i\u015f k\u00f6pr\u00fcs\u00fcn\u00fcn ard\u0131ndan projenin di\u011fer b\u00f6l\u00fcmlerinde \u00e7al\u0131\u015fmalar\u0131n [&hellip;]<\/p>\n","protected":false},"author":1,"featured_media":6145,"comment_status":"open","ping_status":"open","sticky":false,"template":"","format":"standard","meta":{"ngg_post_thumbnail":0},"categories":[26,27],"tags":[11389,11347,73,91,3767,11310,2393],"_links":{"self":[{"href":"https:\/\/emlaktuel.com\/index.php?rest_route=\/wp\/v2\/posts\/6144"}],"collection":[{"href":"https:\/\/emlaktuel.com\/index.php?rest_route=\/wp\/v2\/posts"}],"about":[{"href":"https:\/\/emlaktuel.com\/index.php?rest_route=\/wp\/v2\/types\/post"}],"author":[{"embeddable":true,"href":"https:\/\/emlaktuel.com\/index.php?rest_route=\/wp\/v2\/users\/1"}],"replies":[{"embeddable":true,"href":"https:\/\/emlaktuel.com\/index.php?rest_route=%2Fwp%2Fv2%2Fcomments&post=6144"}],"version-history":[{"count":1,"href":"https:\/\/emlaktuel.com\/index.php?rest_route=\/wp\/v2\/posts\/6144\/revisions"}],"predecessor-version":[{"id":6146,"href":"https:\/\/emlaktuel.com\/index.php?rest_route=\/wp\/v2\/posts\/6144\/revisions\/6146"}],"wp:featuredmedia":[{"embeddable":true,"href":"https:\/\/emlaktuel.com\/index.php?rest_route=\/wp\/v2\/media\/6145"}],"wp:attachment":[{"href":"https:\/\/emlaktuel.com\/index.php?rest_route=%2Fwp%2Fv2%2Fmedia&parent=6144"}],"wp:term":[{"taxonomy":"category","embeddable":true,"href":"https:\/\/emlaktuel.com\/index.php?rest_route=%2Fwp%2Fv2%2Fcategories&post=6144"},{"taxonomy":"post_tag","embeddable":true,"href":"https:\/\/emlaktuel.com\/index.php?rest_route=%2Fwp%2Fv2%2Ftags&post=6144"}],"curies":[{"name":"wp","href":"https:\/\/api.w.org\/{rel}","templated":true}]}}