{"id":6140,"date":"2016-09-26T12:08:09","date_gmt":"2016-09-26T09:08:09","guid":{"rendered":"http:\/\/emlaktuel.com\/?p=6140"},"modified":"2018-07-05T14:53:35","modified_gmt":"2018-07-05T11:53:35","slug":"rams-yapidan-marmarams-projesi-satisa-cikti","status":"publish","type":"post","link":"https:\/\/emlaktuel.com\/?p=6140","title":{"rendered":"Rams Yap\u0131&#8217;dan Marmarams projesi sat\u0131\u015fa \u00e7\u0131kt\u0131!"},"content":{"rendered":"<h1 class=\"news-detail-title selectionShareable\">Rams Yap\u0131 taraf\u0131ndan hayata ge\u00e7irilen Marmarams projesi d\u00fcn sat\u0131\u015fa \u00e7\u0131kt\u0131. Proje 240 daireden meydana geliyor.<\/h1>\n<div class=\"soc2 nmobilw\"><\/div>\n<div class=\"centerAd\"><\/div>\n<p>\u2018Yedi kat g\u00fczel hayat\u2019 slogan\u0131yla hayata ge\u00e7irilen \u00a0<a href=\"http:\/\/www.marmarams.com\">Marmarams<\/a>\u00a0 projesinin lansman\u0131 bug\u00fcn ger\u00e7ekle\u015fti. Proje 7\u2019\u015fer katl\u0131 6 blok \u015feklinde tasarland\u0131.\u00a0 Toplam 240 konuttan olu\u015fan Marmarams Evleri&#8217;nde daireler 1 oda 1 salon, 2 oda 1 salon ve 3 oda 1 salon \u015feklinde dizayn edildi. Projede 25 farkl\u0131 b\u00fcy\u00fckl\u00fckte daireler bulunuyor.<\/p>\n<div>\n<p><img class=\"lazy\" src=\"http:\/\/emlakkulisi.com\/resim\/tamboyut\/NjMwMDg0ND-rams-yapi-marmarams-satisa-cikti.jpg\" width=\"100%\" data-original=\"\/resim\/tamboyut\/NjMwMDg0ND-rams-yapi-marmarams-satisa-cikti.jpg\" \/><\/p>\n<p>Rams Yap\u0131 imzas\u0131 ta\u015f\u0131yan Marmarams projesi \u0130stanbul Anadolu Yakas\u0131 Esatpa\u015fa&#8217;da in\u015fa ediliyor.<\/p>\n<p><img loading=\"lazy\" class=\"alignnone  wp-image-6141\" src=\"http:\/\/emlaktuel.com\/wp-content\/uploads\/2016\/09\/NDQwNTE5Mj-rams-yapi-marmarams-satisa-cikti-300x192.jpg\" alt=\"marmarams yap\u0131\" width=\"534\" height=\"342\" \/><\/p>\n<p>Marmarams Ata\u015fehir projesinin sosyal donat\u0131lar\u0131 aras\u0131nda peyzaj d\u00fczenlemesi, geni\u015f ye\u015fil alanlar\u0131, b\u00fcy\u00fcleyici g\u00f6leti, y\u00fcr\u00fcy\u00fc\u015f parkuru, \u00e7ocuk park\u0131, basket sahas\u0131, a\u00e7\u0131k-kapal\u0131 y\u00fczme havuzlar\u0131, saunas\u0131, fitness center\u2019\u0131, basket sahas\u0131, masa tenisi, bilardosu ve lang\u0131rt\u0131 mevcut.<\/p>\n<p><img loading=\"lazy\" class=\"alignnone  wp-image-6142\" src=\"http:\/\/emlaktuel.com\/wp-content\/uploads\/2016\/09\/NjQ2NjM0Nj-rams-yapi-marmarams-satisa-cikti-300x192.jpg\" alt=\"marmarams\" width=\"565\" height=\"315\" \/><\/p>\n<h2>Marmarams ileti\u015fim<\/h2>\n<p>Esatpa\u015fa Mahallesi \u0130brahim M\u00fcteferika Caddesi No: 16\/20 Ata\u015fehir \/ \u0130stanbul<\/p>\n<p>Tel: 0216 316 1 316 \u2013<\/p>\n<p>Web: <a href=\"http:\/\/emlakkulisi.com\/reklamlar\/ref_haberici_Yonlendir-43_http:\/\/www.marmarams.com\" target=\"_blank\" rel=\"nofollow\">www.marmarams.com<\/a><\/p>\n<\/div>\n","protected":false},"excerpt":{"rendered":"<p>Rams Yap\u0131 taraf\u0131ndan hayata ge\u00e7irilen Marmarams projesi d\u00fcn sat\u0131\u015fa \u00e7\u0131kt\u0131. Proje 240 daireden meydana geliyor. \u2018Yedi kat g\u00fczel hayat\u2019 slogan\u0131yla hayata ge\u00e7irilen \u00a0Marmarams\u00a0 projesinin lansman\u0131 bug\u00fcn ger\u00e7ekle\u015fti. Proje 7\u2019\u015fer katl\u0131 6 blok \u015feklinde tasarland\u0131.\u00a0 Toplam 240 konuttan olu\u015fan Marmarams Evleri&#8217;nde daireler 1 oda 1 salon, 2 oda 1 salon ve 3 oda 1 salon \u015feklinde [&hellip;]<\/p>\n","protected":false},"author":1,"featured_media":0,"comment_status":"open","ping_status":"open","sticky":false,"template":"","format":"standard","meta":{"ngg_post_thumbnail":0},"categories":[26,219],"tags":[11485,183,11226,11290,511,11344,3748,106,3747,3766,11098,11179,11131],"_links":{"self":[{"href":"https:\/\/emlaktuel.com\/index.php?rest_route=\/wp\/v2\/posts\/6140"}],"collection":[{"href":"https:\/\/emlaktuel.com\/index.php?rest_route=\/wp\/v2\/posts"}],"about":[{"href":"https:\/\/emlaktuel.com\/index.php?rest_route=\/wp\/v2\/types\/post"}],"author":[{"embeddable":true,"href":"https:\/\/emlaktuel.com\/index.php?rest_route=\/wp\/v2\/users\/1"}],"replies":[{"embeddable":true,"href":"https:\/\/emlaktuel.com\/index.php?rest_route=%2Fwp%2Fv2%2Fcomments&post=6140"}],"version-history":[{"count":1,"href":"https:\/\/emlaktuel.com\/index.php?rest_route=\/wp\/v2\/posts\/6140\/revisions"}],"predecessor-version":[{"id":6143,"href":"https:\/\/emlaktuel.com\/index.php?rest_route=\/wp\/v2\/posts\/6140\/revisions\/6143"}],"wp:attachment":[{"href":"https:\/\/emlaktuel.com\/index.php?rest_route=%2Fwp%2Fv2%2Fmedia&parent=6140"}],"wp:term":[{"taxonomy":"category","embeddable":true,"href":"https:\/\/emlaktuel.com\/index.php?rest_route=%2Fwp%2Fv2%2Fcategories&post=6140"},{"taxonomy":"post_tag","embeddable":true,"href":"https:\/\/emlaktuel.com\/index.php?rest_route=%2Fwp%2Fv2%2Ftags&post=6140"}],"curies":[{"name":"wp","href":"https:\/\/api.w.org\/{rel}","templated":true}]}}