{"id":6072,"date":"2016-09-23T17:51:54","date_gmt":"2016-09-23T14:51:54","guid":{"rendered":"http:\/\/emlaktuel.com\/?p=6072"},"modified":"2018-07-05T14:52:45","modified_gmt":"2018-07-05T11:52:45","slug":"gyoder-kampanyasi-ile-toplam-2-bin-konut-satildi","status":"publish","type":"post","link":"https:\/\/emlaktuel.com\/?p=6072","title":{"rendered":"GYODER kampanyas\u0131 ile toplam 2 bin konut sat\u0131ld\u0131"},"content":{"rendered":"<p>Gayrimenkul ve Gayrimenkul Yat\u0131r\u0131m Ortakl\u0131\u011f\u0131 Derne\u011fi (GYODER) Y\u00f6netim Kurulu Ba\u015fkan\u0131 Aziz Torun, Emlak Konut GYO\u2019nun ge\u00e7ti\u011fimiz ay ba\u015flatt\u0131\u011f\u0131 tarihi kampanyas\u0131na destek vermek i\u00e7in \u201cGayrimenkulde G\u00fc\u00e7 Birli\u011fi, Daha G\u00fc\u00e7l\u00fc T\u00fcrkiye\u201d ad\u0131yla d\u00fczenledikleri kampanya ile 2 bin civar\u0131nda konut sat\u0131\u015f\u0131 yapt\u0131klar\u0131n\u0131 s\u00f6yledi, \u201cEmlak Konut da bir o kadar sat\u0131\u015f yapt\u0131\u011f\u0131n\u0131 bildirdi. Bu da (kampanyaya kat\u0131lan firmalar\u0131n 60 bin konutluk stokunda) y\u00fczde 10\u2019luk bir sat\u0131\u015f yap\u0131ld\u0131 anlam\u0131na geliyor.\u201d dedi.<\/p>\n<div class=\"entry\">\n<p>Aziz Torun, AA muhabirine yapt\u0131\u011f\u0131 a\u00e7\u0131klamada, y\u00fczde 0,70 faiz oran\u0131 ve 120 ay vadenin bulundu\u011fu kampanyan\u0131n Emlak Konut ile birlikte toplamda 86 projede 56 binin \u00fczerinde konut ve 3 bin 200 ofisi kapsad\u0131\u011f\u0131n\u0131 hat\u0131rlatarak, \u00e7ok ba\u015far\u0131l\u0131 bir kampanya d\u00f6nemi ge\u00e7irdiklerini ifade etti.<\/p>\n<p>Torun, geli\u015ftiriciler olarak ger\u00e7ekle\u015ftirdikleri kampanya kapsam\u0131nda bug\u00fcne dek metrekaresi 4-7 bin lira aras\u0131nda olan segmentte \u00e7ok ciddi talep ya\u015fand\u0131\u011f\u0131n\u0131, s\u00f6z konusu rakamlar d\u00fc\u015f\u00fcn\u00fcld\u00fc\u011f\u00fcnde 100 metrekarelik 400-700 bin lira aras\u0131ndaki dairelere ciddi talep oldu\u011funu bildirdi.<\/p>\n<p>Belirledikleri faizlerin bu segmentte uyuyan talebi canland\u0131rd\u0131\u011f\u0131n\u0131 ifade eden Torun, \u015funlar\u0131 kaydetti:<\/p>\n<p>\u201cGYODER\u2019in ba\u015flatt\u0131\u011f\u0131 konut kampanyas\u0131 15 Ekim\u2019e kadar devam edecek. Talebin devam edece\u011fini d\u00fc\u015f\u00fcn\u00fcyorum. Yaln\u0131z bunun getirdi\u011fi \u00e7ok b\u00fcy\u00fck bir maliyet var. Geli\u015ftiricilerin bunu s\u00fcrd\u00fcrebilmeleri, katlanabilmeleri \u00e7ok kolay de\u011fil. O y\u00fczden bankalar\u0131n faiz oranlar\u0131n\u0131 d\u00fc\u015f\u00fcrmesi, bizim kampanya faizlerini s\u00fcrd\u00fcrmemiz i\u00e7in \u00f6nemli bir destek fakt\u00f6r\u00fc. Oradan gelecek birka\u00e7 puanl\u0131k destek, bizim faiz oranlar\u0131n\u0131 s\u00fcrd\u00fcrmemiz i\u00e7in \u00f6nemli olacak.<\/p>\n<p>Bankalar\u0131n destek vermesi, ko\u015fullar\u0131n uygun olmas\u0131, talebin devam etmesi durumunda firmalar, 15 Ekim sonras\u0131nda da kendi \u00f6zelinde daha farkl\u0131 kampanyalar yapabilirler. \u00c7\u00fcnk\u00fc kampanya kapsam\u0131nda her firman\u0131n bir stoku vard\u0131. Bu stoku kampanya s\u00fcresince satm\u0131\u015f olacak. Kampanyaya kat\u0131lan firmalar\u0131n a\u015fa\u011f\u0131 yukar\u0131 60 bin konutluk bir stokundan bahsediyoruz. Bu 60 binlik konut i\u00e7inde yeni ba\u015flam\u0131\u015f projeler de var, bitmi\u015f olan projeler de var.\u201d<\/p>\n<h2><strong>\u2013 \u201cBu d\u00f6nemde tarihi bir rakam\u201d<\/strong><\/h2>\n<p>Aziz Torun, sekt\u00f6rdeki talep yetersizli\u011fini faizi d\u00fc\u015f\u00fcrmek kayd\u0131yla uyand\u0131rd\u0131klar\u0131n\u0131, bunun \u00f6nemli bir kald\u0131ra\u00e7 oldu\u011funu ve kampanya kapsam\u0131nda 2 bin civar\u0131nda bir konut talebi ald\u0131klar\u0131n\u0131 bildirdi.<\/p>\n<p>Torun, \u201cEmlak Konut da bir o kadar sat\u0131\u015f yapt\u0131\u011f\u0131n\u0131 bildirdi. Demek ki 5 bin gibi bir konut talebi al\u0131nm\u0131\u015f, bu da y\u00fczde 10\u2019luk bir sat\u0131\u015f yap\u0131ld\u0131 anlam\u0131na geliyor. Bir ayda y\u00fczde 10\u2019luk sat\u0131\u015f \u00e7ok ciddi bir rakam. Asl\u0131nda bak\u0131ld\u0131\u011f\u0131nda bu d\u00f6nemde tarihi bir rakam\u2026 \u0130nsanlar\u0131n sat\u0131n alma g\u00fcc\u00fcn\u00fc ula\u015f\u0131l\u0131r yapt\u0131\u011f\u0131n\u0131zda demek ki talep yetersiz olmuyormu\u015f. Y\u0131llara bakt\u0131\u011f\u0131m\u0131zda a\u011fustos, en d\u00fc\u015f\u00fck konut sat\u0131\u015f\u0131 yap\u0131lan aylardan biridir. Bu kampanya ile tarihi en y\u00fcksek sat\u0131\u015f oranlar\u0131na ula\u015f\u0131ld\u0131.\u201d \u015feklinde konu\u015ftu.<\/p>\n<p><a href=\"http:\/\/emlakgazetesi.com\">Emlak<\/a> Konut GYO Genel M\u00fcd\u00fcr\u00fc Murat Kurum da ge\u00e7en ay ba\u015flatt\u0131klar\u0131 kampanyada a\u011fustos sonu itibar\u0131yla 2 bin 547 ba\u011f\u0131ms\u0131z b\u00f6l\u00fcm kar\u015f\u0131l\u0131\u011f\u0131 yakla\u015f\u0131k 2 milyar liral\u0131k ciro elde ettiklerini, bu cironun temmuz ay\u0131nda T\u00fcrkiye\u2019de ya\u015fanan darbe giri\u015fimine, 2016\u2019daki s\u0131k\u0131nt\u0131lara ra\u011fmen ilk 7 aya e\u015f de\u011fer bir sat\u0131\u015f oldu\u011funu s\u00f6yledi.<\/p>\n<\/div>\n","protected":false},"excerpt":{"rendered":"<p>Gayrimenkul ve Gayrimenkul Yat\u0131r\u0131m Ortakl\u0131\u011f\u0131 Derne\u011fi (GYODER) Y\u00f6netim Kurulu Ba\u015fkan\u0131 Aziz Torun, Emlak Konut GYO\u2019nun ge\u00e7ti\u011fimiz ay ba\u015flatt\u0131\u011f\u0131 tarihi kampanyas\u0131na destek vermek i\u00e7in \u201cGayrimenkulde G\u00fc\u00e7 Birli\u011fi, Daha G\u00fc\u00e7l\u00fc T\u00fcrkiye\u201d ad\u0131yla d\u00fczenledikleri kampanya ile 2 bin civar\u0131nda konut sat\u0131\u015f\u0131 yapt\u0131klar\u0131n\u0131 s\u00f6yledi, \u201cEmlak Konut da bir o kadar sat\u0131\u015f yapt\u0131\u011f\u0131n\u0131 bildirdi. Bu da (kampanyaya kat\u0131lan firmalar\u0131n 60 [&hellip;]<\/p>\n","protected":false},"author":1,"featured_media":6073,"comment_status":"open","ping_status":"open","sticky":false,"template":"","format":"standard","meta":{"ngg_post_thumbnail":0},"categories":[221,26,27],"tags":[459,78,2434,2241,3707,544,80,11497,11335,11320],"_links":{"self":[{"href":"https:\/\/emlaktuel.com\/index.php?rest_route=\/wp\/v2\/posts\/6072"}],"collection":[{"href":"https:\/\/emlaktuel.com\/index.php?rest_route=\/wp\/v2\/posts"}],"about":[{"href":"https:\/\/emlaktuel.com\/index.php?rest_route=\/wp\/v2\/types\/post"}],"author":[{"embeddable":true,"href":"https:\/\/emlaktuel.com\/index.php?rest_route=\/wp\/v2\/users\/1"}],"replies":[{"embeddable":true,"href":"https:\/\/emlaktuel.com\/index.php?rest_route=%2Fwp%2Fv2%2Fcomments&post=6072"}],"version-history":[{"count":1,"href":"https:\/\/emlaktuel.com\/index.php?rest_route=\/wp\/v2\/posts\/6072\/revisions"}],"predecessor-version":[{"id":6074,"href":"https:\/\/emlaktuel.com\/index.php?rest_route=\/wp\/v2\/posts\/6072\/revisions\/6074"}],"wp:featuredmedia":[{"embeddable":true,"href":"https:\/\/emlaktuel.com\/index.php?rest_route=\/wp\/v2\/media\/6073"}],"wp:attachment":[{"href":"https:\/\/emlaktuel.com\/index.php?rest_route=%2Fwp%2Fv2%2Fmedia&parent=6072"}],"wp:term":[{"taxonomy":"category","embeddable":true,"href":"https:\/\/emlaktuel.com\/index.php?rest_route=%2Fwp%2Fv2%2Fcategories&post=6072"},{"taxonomy":"post_tag","embeddable":true,"href":"https:\/\/emlaktuel.com\/index.php?rest_route=%2Fwp%2Fv2%2Ftags&post=6072"}],"curies":[{"name":"wp","href":"https:\/\/api.w.org\/{rel}","templated":true}]}}