{"id":6026,"date":"2016-09-20T13:33:26","date_gmt":"2016-09-20T10:33:26","guid":{"rendered":"http:\/\/emlaktuel.com\/?p=6026"},"modified":"2018-07-05T14:52:11","modified_gmt":"2018-07-05T11:52:11","slug":"demet-akalin-7-8-tane-dairem-var","status":"publish","type":"post","link":"https:\/\/emlaktuel.com\/?p=6026","title":{"rendered":"Demet Akal\u0131n: 7-8 tane dairem var!"},"content":{"rendered":"<p>Kanal D\u2019deki \u2018Renkli Sayfalar\u2019 program\u0131na konuk olan Demet Akal\u0131n \u00e7ok konu\u015fulacak a\u00e7\u0131klamalara imza att\u0131.<\/p>\n<div class=\"entry\">\n<p>Kurban Bayram\u0131\u2019nda \u0130talya\u2019ya giden Akal\u0131n, bir ev paras\u0131 harcad\u0131\u011f\u0131n\u0131 s\u00f6yledi. \u0130\u015fte Demet Akal\u0131n\u2019\u0131n a\u00e7\u0131klamalar\u0131ndan sat\u0131rba\u015flar\u0131\u2026 \u201cOturdu\u011fum sitede bir ev var, r\u00fcyalar\u0131m\u0131 s\u00fcsl\u00fcyor. Fiyat\u0131 2 milyon 600 bin dolar. Evi istiyorum, \u00e7\u00fcnk\u00fc \u00e7ok g\u00fczel beyaz dolaplar\u0131 var. Okan\u2019la ortak alaca\u011f\u0131z.\u201d \u201cKurban Bayram\u0131\u2019nda \u0130talya\u2019ya al\u0131\u015fveri\u015fe gittik. \u00c7ok \u00fcnl\u00fc bir markan\u0131n ma\u011fazas\u0131n\u0131 bo\u015faltt\u0131m. \u0130ki bavulla gittik, 9 bavulla d\u00f6nd\u00fck. Ayakkab\u0131, \u00e7anta ve elbiseye verdi\u011fim parayla \u0130stanbul\u2019da 3+1 daire al\u0131n\u0131r. Daire paras\u0131 verdim, d\u00f6nd\u00fcm.\u201d \u201c7-8 tane dairem var. Yat\u0131r\u0131mlar\u0131m\u0131 eve, ama daha \u00e7ok tekta\u015fa yat\u0131rd\u0131m. Yurt d\u0131\u015f\u0131 al\u0131\u015fveri\u015flerimi ve tekta\u015flar\u0131m\u0131 kendim al\u0131yorum. \u00c7\u00fcnk\u00fc iyi para kazan\u0131yorum.\u201d<\/p>\n<\/div>\n","protected":false},"excerpt":{"rendered":"<p>Kanal D\u2019deki \u2018Renkli Sayfalar\u2019 program\u0131na konuk olan Demet Akal\u0131n \u00e7ok konu\u015fulacak a\u00e7\u0131klamalara imza att\u0131. Kurban Bayram\u0131\u2019nda \u0130talya\u2019ya giden Akal\u0131n, bir ev paras\u0131 harcad\u0131\u011f\u0131n\u0131 s\u00f6yledi. \u0130\u015fte Demet Akal\u0131n\u2019\u0131n a\u00e7\u0131klamalar\u0131ndan sat\u0131rba\u015flar\u0131\u2026 \u201cOturdu\u011fum sitede bir ev var, r\u00fcyalar\u0131m\u0131 s\u00fcsl\u00fcyor. Fiyat\u0131 2 milyon 600 bin dolar. Evi istiyorum, \u00e7\u00fcnk\u00fc \u00e7ok g\u00fczel beyaz dolaplar\u0131 var. Okan\u2019la ortak alaca\u011f\u0131z.\u201d \u201cKurban Bayram\u0131\u2019nda [&hellip;]<\/p>\n","protected":false},"author":1,"featured_media":6027,"comment_status":"open","ping_status":"open","sticky":false,"template":"","format":"standard","meta":{"ngg_post_thumbnail":0},"categories":[26,20],"tags":[11109,180,3666,3665,73,3489,11103,96],"_links":{"self":[{"href":"https:\/\/emlaktuel.com\/index.php?rest_route=\/wp\/v2\/posts\/6026"}],"collection":[{"href":"https:\/\/emlaktuel.com\/index.php?rest_route=\/wp\/v2\/posts"}],"about":[{"href":"https:\/\/emlaktuel.com\/index.php?rest_route=\/wp\/v2\/types\/post"}],"author":[{"embeddable":true,"href":"https:\/\/emlaktuel.com\/index.php?rest_route=\/wp\/v2\/users\/1"}],"replies":[{"embeddable":true,"href":"https:\/\/emlaktuel.com\/index.php?rest_route=%2Fwp%2Fv2%2Fcomments&post=6026"}],"version-history":[{"count":1,"href":"https:\/\/emlaktuel.com\/index.php?rest_route=\/wp\/v2\/posts\/6026\/revisions"}],"predecessor-version":[{"id":6028,"href":"https:\/\/emlaktuel.com\/index.php?rest_route=\/wp\/v2\/posts\/6026\/revisions\/6028"}],"wp:featuredmedia":[{"embeddable":true,"href":"https:\/\/emlaktuel.com\/index.php?rest_route=\/wp\/v2\/media\/6027"}],"wp:attachment":[{"href":"https:\/\/emlaktuel.com\/index.php?rest_route=%2Fwp%2Fv2%2Fmedia&parent=6026"}],"wp:term":[{"taxonomy":"category","embeddable":true,"href":"https:\/\/emlaktuel.com\/index.php?rest_route=%2Fwp%2Fv2%2Fcategories&post=6026"},{"taxonomy":"post_tag","embeddable":true,"href":"https:\/\/emlaktuel.com\/index.php?rest_route=%2Fwp%2Fv2%2Ftags&post=6026"}],"curies":[{"name":"wp","href":"https:\/\/api.w.org\/{rel}","templated":true}]}}