{"id":5899,"date":"2016-09-14T13:40:07","date_gmt":"2016-09-14T10:40:07","guid":{"rendered":"http:\/\/emlaktuel.com\/?p=5899"},"modified":"2018-07-05T14:50:13","modified_gmt":"2018-07-05T11:50:13","slug":"4-2-milyarlik-yatirimla-elektrik-kesintileri-olmayacak","status":"publish","type":"post","link":"https:\/\/emlaktuel.com\/?p=5899","title":{"rendered":"4.2 milyarl\u0131k yat\u0131r\u0131mla elektrik kesintileri olmayacak"},"content":{"rendered":"<div class=\"hz_top_post\">\n<div class=\"hz_title_and_meta\">\n<div class=\"hz_title\">\n<h1><i class=\"fa fa-folder-open\"><\/i>Elektrik da\u011f\u0131t\u0131m \u015firketleri, Enerji ve Tabii Kaynaklar Bakan\u0131 Berat Albayrak\u2019\u0131n \u201cM\u00fc\u015fteri memnuniyetine \u00f6ncelik verin\u201d talimat\u0131 \u00fczerine harekete ge\u00e7ti.<\/h1>\n<\/div>\n<\/div>\n<\/div>\n<div class=\"hz_main_post_content\">\n<div class=\"big_post_content\">Elektrik Da\u011f\u0131t\u0131m Hizmetleri Derne\u011fi (ELDER) Genel Sekreteri U\u011fur Y\u00fcksel, T\u00fcrkiye genelinde yap\u0131lan m\u00fc\u015fteri memnuniyeti ara\u015ft\u0131rmalar\u0131n\u0131 da dikkate alarak, yat\u0131r\u0131mlara y\u00f6n verdiklerini belirtti. Y\u00fcksel, bu \u00e7er\u00e7evede y\u0131l i\u00e7inde 4.2 milyar TL&#8217;lik yat\u0131r\u0131mla 8 bini a\u015fk\u0131n projeyi hayata ge\u00e7ireceklerini s\u00f6yledi.Y\u00fcksel, bu tutar\u0131n planlanan\u0131n y\u00fczde 15 \u00fczerinde oldu\u011funu ifade ederken, s\u00f6z konusu yat\u0131r\u0131mlarla kesintilerin azalaca\u011f\u0131n\u0131 s\u00f6yledi. ELDER Genel Sekreteri Y\u00fcksel, HABERT\u00dcRK&#8217;e yapt\u0131\u011f\u0131 a\u00e7\u0131klamada, elektrik da\u011f\u0131t\u0131m \u015firketlerinin g\u00fcndemindeki en \u00f6nemli konunun m\u00fc\u015fteri memnuniyetini en \u00fcst seviyeye \u00e7\u0131karmak oldu\u011funu belirtti. Y\u00fcksel, bu ama\u00e7la \u015febeke ve teknoloji yat\u0131r\u0131mlar\u0131n\u0131n h\u0131zland\u0131r\u0131lmas\u0131na a\u011f\u0131rl\u0131k verildi\u011fini s\u00f6yledi. Y\u00fcksel, da\u011f\u0131t\u0131m \u015firketlerinin, bu y\u0131l 4.2 milyar TL yat\u0131r\u0131m yaparak 8 bin 368 projeyi hayata ge\u00e7irece\u011fini belirtirken, \u201cBu 4.2 milyar TL&#8217;lik yat\u0131r\u0131m, 2016 i\u00e7in planlanan rakamdan y\u00fczde 15, yakla\u015f\u0131k 500 milyon TL fazla. Elektrik da\u011f\u0131t\u0131m \u015firketleri m\u00fc\u015fterinin memnuniyetini en \u00fcst seviyeye \u00e7\u0131karmak i\u00e7in yat\u0131r\u0131m b\u00fct\u00e7elerinde y\u00fczde 15 oran\u0131nda art\u0131\u015f yapt\u0131\u201d diye konu\u015ftu.<\/p>\n<h4>YATIRIM B\u00dcT\u00c7ES\u0130 Y\u00dcZDE 15 ARTTI<\/h4>\n<p>M\u00fc\u015fteri memnuniyetinde her b\u00f6lgenin beklentilerinin farkl\u0131 oldu\u011funa dikkat \u00e7eken Y\u00fcksel, \u201c\u0130lgili kamu kurumlar\u0131 ve elektrik da\u011f\u0131t\u0131m \u015firketleri, bu beklentileri \u00f6l\u00e7meye y\u00f6nelik m\u00fc\u015fteri memnuniyeti ara\u015ft\u0131rmalar\u0131 ger\u00e7ekle\u015ftiriyor. M\u00fc\u015fterinin istekleri, yat\u0131r\u0131mlar\u0131n planlanmas\u0131nda \u00f6nemli bir fakt\u00f6r. Bunun yan\u0131 s\u0131ra yerel y\u00f6netimlerin imar plan\u0131 \u00e7al\u0131\u015fmalar\u0131, \u015fehirlerimizde yeni geli\u015fen b\u00f6lgelerin ihtiya\u00e7lar\u0131, can ve mal emniyetine y\u00f6nelik yat\u0131r\u0131mlar birincil \u00f6ncelikli kalemler aras\u0131nda. T\u00fcm bu alana y\u00f6nelik yat\u0131r\u0131mlar ile kesintiler daha da azalacak\u201d dedi.<\/p>\n<h4>ARIZALAR DA SMS \u0130LE B\u0130LD\u0130R\u0130LECEK<\/h4>\n<p>Y\u00fcksel, da\u011f\u0131t\u0131m \u015firketlerinin yat\u0131r\u0131mlar\u0131 ve bak\u0131m onar\u0131m \u00e7al\u0131\u015fmalar\u0131 nedeniyle g\u00fcndeme gelen planl\u0131 elektrik kesintilerinin, cep numaras\u0131n\u0131 bildiren t\u00fcketicilere 48 saat \u00f6ncesinden k\u0131sa mesaj (SMS) yoluyla iletildi\u011fini hat\u0131rlatarak, \u201cElektrik da\u011f\u0131t\u0131m \u015firketleri, ar\u0131za olu\u015fmas\u0131 halinde de m\u00fc\u015fterilerin anl\u0131k olarak bilgilendirilmesi i\u00e7in teknolojik altyap\u0131 \u00e7al\u0131\u015fmas\u0131 haz\u0131rl\u0131yor\u201d dedi.Y\u00fcksel, bu hizmetten yararlanmak isteyen abonelerin cep telefonu numaralar\u0131n\u0131 abonesi olduklar\u0131 elektrik da\u011f\u0131t\u0131m \u015firketlerine bildirmesinin yeterli olaca\u011f\u0131n\u0131 belirtti. Da\u011f\u0131t\u0131m \u015firketlerinin ak\u0131ll\u0131 cihazlar i\u00e7in uygulamalar geli\u015ftirdi\u011fini hat\u0131rlatan Y\u00fcksel, \u201cBir\u00e7ok b\u00fcy\u00fck \u015fehrimizdeki planl\u0131-plans\u0131z kesintiler bu uygulamalar ile anl\u0131k izlenebiliyor\u201d diye konu\u015ftu.<\/p>\n<h4>ENERJ\u0130 BAKANI ALBAYRAK TAL\u0130MAT VERM\u0130\u015eT\u0130<\/h4>\n<p>Enerji ve Tabii Kaynaklar Bakan\u0131 Berat Albayrak, may\u0131s ay\u0131 ba\u015f\u0131nda elektrik da\u011f\u0131t\u0131m \u015firketlerinin tedarik kalitesi, yat\u0131r\u0131m, m\u00fc\u015fteri hizmetleri ile kurumsal ileti\u015fim konular\u0131nda denetlenece\u011fini ve \u015firketlere bu 4 kritere g\u00f6re karne verilece\u011fini a\u00e7\u0131klam\u0131\u015ft\u0131. Bakan Albayrak, a\u011fustos ay\u0131nda da elektrik da\u011f\u0131t\u0131m sekt\u00f6r\u00fcn\u00fc m\u00fc\u015fteri memnuniyeti i\u00e7in gereken ad\u0131mlar\u0131 geciktirmemeleri konusunda uyarm\u0131\u015f \u201c\u00c7a\u011fr\u0131 merkezi yat\u0131r\u0131mlar\u0131n\u0131 ekim ay\u0131na kadar tamamlay\u0131n\u201d demi\u015fti.<\/p><\/div>\n<\/div>\n","protected":false},"excerpt":{"rendered":"<p>Elektrik da\u011f\u0131t\u0131m \u015firketleri, Enerji ve Tabii Kaynaklar Bakan\u0131 Berat Albayrak\u2019\u0131n \u201cM\u00fc\u015fteri memnuniyetine \u00f6ncelik verin\u201d talimat\u0131 \u00fczerine harekete ge\u00e7ti. Elektrik Da\u011f\u0131t\u0131m Hizmetleri Derne\u011fi (ELDER) Genel Sekreteri U\u011fur Y\u00fcksel, T\u00fcrkiye genelinde yap\u0131lan m\u00fc\u015fteri memnuniyeti ara\u015ft\u0131rmalar\u0131n\u0131 da dikkate alarak, yat\u0131r\u0131mlara y\u00f6n verdiklerini belirtti. Y\u00fcksel, bu \u00e7er\u00e7evede y\u0131l i\u00e7inde 4.2 milyar TL&#8217;lik yat\u0131r\u0131mla 8 bini a\u015fk\u0131n projeyi hayata ge\u00e7ireceklerini [&hellip;]<\/p>\n","protected":false},"author":1,"featured_media":5900,"comment_status":"open","ping_status":"open","sticky":false,"template":"","format":"standard","meta":{"ngg_post_thumbnail":0},"categories":[26],"tags":[11369,6170,106,7506,96],"_links":{"self":[{"href":"https:\/\/emlaktuel.com\/index.php?rest_route=\/wp\/v2\/posts\/5899"}],"collection":[{"href":"https:\/\/emlaktuel.com\/index.php?rest_route=\/wp\/v2\/posts"}],"about":[{"href":"https:\/\/emlaktuel.com\/index.php?rest_route=\/wp\/v2\/types\/post"}],"author":[{"embeddable":true,"href":"https:\/\/emlaktuel.com\/index.php?rest_route=\/wp\/v2\/users\/1"}],"replies":[{"embeddable":true,"href":"https:\/\/emlaktuel.com\/index.php?rest_route=%2Fwp%2Fv2%2Fcomments&post=5899"}],"version-history":[{"count":1,"href":"https:\/\/emlaktuel.com\/index.php?rest_route=\/wp\/v2\/posts\/5899\/revisions"}],"predecessor-version":[{"id":5901,"href":"https:\/\/emlaktuel.com\/index.php?rest_route=\/wp\/v2\/posts\/5899\/revisions\/5901"}],"wp:featuredmedia":[{"embeddable":true,"href":"https:\/\/emlaktuel.com\/index.php?rest_route=\/wp\/v2\/media\/5900"}],"wp:attachment":[{"href":"https:\/\/emlaktuel.com\/index.php?rest_route=%2Fwp%2Fv2%2Fmedia&parent=5899"}],"wp:term":[{"taxonomy":"category","embeddable":true,"href":"https:\/\/emlaktuel.com\/index.php?rest_route=%2Fwp%2Fv2%2Fcategories&post=5899"},{"taxonomy":"post_tag","embeddable":true,"href":"https:\/\/emlaktuel.com\/index.php?rest_route=%2Fwp%2Fv2%2Ftags&post=5899"}],"curies":[{"name":"wp","href":"https:\/\/api.w.org\/{rel}","templated":true}]}}