{"id":5823,"date":"2016-09-12T20:57:21","date_gmt":"2016-09-12T17:57:21","guid":{"rendered":"http:\/\/emlaktuel.com\/?p=5823"},"modified":"2018-07-05T14:49:26","modified_gmt":"2018-07-05T11:49:26","slug":"nef-bodrumun-isletmesini-banyan-tree-ustlendi","status":"publish","type":"post","link":"https:\/\/emlaktuel.com\/?p=5823","title":{"rendered":"Nef Bodrum&#8217;un i\u015fletmesini Banyan Tree \u00fcstlendi!"},"content":{"rendered":"<h1 class=\"news-detail-title selectionShareable\">D\u00fcnyaca \u00fcnl\u00fc zincir marka Banyan Tree T\u00fcrkiye\u2019ye geliyor. Singapurlu otelci, Bodrum\u2019da Nef\u2019in 120 milyonluk yat\u0131r\u0131mla in\u015fa edece\u011fi l\u00fcks otelin 25 y\u0131l i\u015fletmesini \u00fcstlendi.<\/h1>\n<div class=\"soc2 nmobilw\"><\/div>\n<div class=\"centerAd\">D\u00fcnyaca \u00fcnl\u00fc zincir marka Banyan Tree T\u00fcrkiye\u2019ye geliyor. Singapurlu otelci, Bodrum\u2019da Nef\u2019in 120 milyonluk yat\u0131r\u0131mla in\u015fa edece\u011fi l\u00fcks otelin 25 y\u0131l i\u015fletmesini \u00fcstlendi. Otelle birlikte Nef, l\u00fcks rezidans ve villalara toplam 510 milyon liral\u0131k yat\u0131r\u0131m yapacak.<\/div>\n<div>\n<p>Singapurlu d\u00fcnyaca \u00fcnl\u00fc otel markas\u0131 Banyan Tree, Nef ile T\u00fcrkiye\u2019ye geliyor. Bodrum\u2019da Nef\u2019in 120 milyon liral\u0131k yat\u0131r\u0131mla in\u015fa edece\u011fi otelin 25 y\u0131l i\u015fletmesini \u00fcstlenecek Banyan Tree, yeni yat\u0131r\u0131m\u0131 2018 sonunda hizmete a\u00e7acak. Nef, otelle birlikte Bodrum\u2019a villalar ve rezidanslar olmak \u00fczere toplamda 510 milyon liral\u0131k yat\u0131r\u0131m yapacak. Nef \u0130cra Kurulu Ba\u015fkan\u0131 Erden Timur, 15 Temmuz darbe giri\u015fimi sonras\u0131nda yat\u0131r\u0131m karar\u0131nda herhangi bir tedirginlik olmad\u0131\u011f\u0131n\u0131 belirterek, \u201cBunlar uzun vadeli yat\u0131r\u0131mlar, tam da bu d\u00f6nemde yat\u0131r\u0131m yap\u0131lmas\u0131 laz\u0131m. T\u00fcrkiye\u2019nin turizm sekt\u00f6r\u00fcn\u00fcn potansiyeli ortada. 5 y\u0131lda milyar liral\u0131k \u015firket olduk. Yat\u0131r\u0131mlar\u0131m\u0131z\u0131 s\u00fcrd\u00fcrmeye devam edece\u011fiz\u201d diye konu\u015ftu. Banyan Tree \u00dcst Y\u00f6neticilerinden Maximilian Lennkh ise, T\u00fcrkiye&#8217;de ya\u015fanan ter\u00f6r olaylar\u0131 ve darbe giri\u015fimi sonras\u0131nda b\u00f6yle bir yat\u0131r\u0131m yapman\u0131n kendileri i\u00e7in risk olu\u015fturmad\u0131\u011f\u0131n\u0131n alt\u0131n\u0131 \u00e7izerek, \u201cAksine biz T\u00fcrkiye\u2019nin potansiyelini biliyoruz, \u00fclkeye g\u00fcveniyoruz, uzun vadede herhangi bir riskin s\u00f6z konusu olmayaca\u011f\u0131n\u0131 da d\u00fc\u015f\u00fcn\u00fcyoruz\u201d dedi.<\/p>\n<h2>250 K\u0130\u015e\u0130YE \u0130ST\u0130HDAM<\/h2>\n<p>\u0130\u015fbirli\u011finin turizm sekt\u00f6r\u00fcn\u00fcn i\u00e7inde bulundu\u011fu d\u00f6nemde \u00f6nemli bir motivasyon sa\u011flayaca\u011f\u0131n\u0131 s\u00f6yleyen Nef \u0130cra Kurulu Ba\u015fkan\u0131 Erden Timur, Banyan Tree&#8217;nin bu yat\u0131r\u0131m\u0131n\u0131n T\u00fcrkiye&#8217;deki g\u00fcven ortam\u0131na da i\u015faret etti\u011fini belirtti. Timur \u015f\u00f6yle devam etti: &#8220;Turizm yat\u0131r\u0131mlar\u0131n\u0131n ge\u00e7ti\u011fimiz y\u0131la g\u00f6re yakla\u015f\u0131k y\u00fczde 50 oran\u0131nda d\u00fc\u015ft\u00fc\u011f\u00fc tahmin ediliyor. Azalan turizm yat\u0131r\u0131mlar\u0131, i\u015fsizlik oran\u0131n\u0131 da \u00f6nemli \u00f6l\u00e7\u00fcde etkiliyor. Pek \u00e7ok yat\u0131r\u0131m\u0131n ertelendi\u011fi bu d\u00f6nemde, b\u00f6yle \u00f6nemli bir i\u015fbirli\u011fine imza atarak gerek turizm sekt\u00f6r\u00fcne gerekse T\u00fcrkiye ekonomisine sa\u011flad\u0131\u011f\u0131m\u0131z katk\u0131dan mutluyuz. Banyan Tree&#8217;nin hizmete girmesiyle, sekt\u00f6re \u00e7ok say\u0131da yeni istihdam da kazand\u0131rm\u0131\u015f olaca\u011f\u0131z.&#8221;<\/p>\n<h2>POTANS\u0130YEL\u0130 VAR<\/h2>\n<p>T\u00fcrkiye&#8217;nin \u00f6nemli turizm destinasyonlar\u0131ndan biri oldu\u011funa de\u011finen Banyan Tree \u0130\u015f Geli\u015ftirmeden Sorumlu Ba\u015fkan Yard\u0131mc\u0131s\u0131 Maximilian Lennkh \u015funlar\u0131 s\u00f6yledi: &#8220;Asya&#8217;n\u0131n d\u0131\u015f\u0131na \u00e7\u0131kmak hep zor gelir. Banyan Tree Bodrum Avrupa&#8217;daki ilk Banyan Tree olma \u00f6zelli\u011fi ta\u015f\u0131yor. Nef ve Banyan Tree&#8217;\u0131n do\u011fadan ilham ald\u0131\u011f\u0131m\u0131z l\u00fcks anlay\u0131\u015f\u0131, ekolojik ve k\u00fclt\u00fcrel hassasiyete \u00f6zen g\u00f6steren felsefesi ayn\u0131 zeminde bulu\u015fuyor. Muhte\u015fem bir destinasyon olacak Bodrum projesinin ard\u0131ndan, Avrupa&#8217;da yat\u0131r\u0131mlar\u0131m\u0131za devam edece\u011fiz. Nef&#8217;in marka konumland\u0131rmas\u0131, felsefesi ve yapt\u0131\u011f\u0131 projeler, Avrupa&#8217;daki ilke otelimiz i\u00e7in Nef Bodrum&#8217;u se\u00e7memizde olduk\u00e7a etkili oldu.&#8221; Lennkh \u00f6n\u00fcm\u00fczdeki d\u00f6nem i\u00e7in \u0130stanbul&#8217;da ikinci bir otel i\u00e7in ye\u015fil \u0131\u015f\u0131k yakt\u0131. Hedef pazar \u00fclkeler aras\u0131nda ilk ba\u015fta kendi m\u00fc\u015fterilerini hedeflediklerini anlatan Lennkh, \u00c7in, Ta yland gibi Asya \u00fclkelerinin kendileri i\u00e7in hedef pazar olu\u015fturduklar\u0131n\u0131 dile getirdi.<\/p>\n<h2>YABANCI HEDEF\u0130 Y\u00dcZDE 65<\/h2>\n<p>Asya, Amerika, Afrika ve Ortado\u011fu&#8217;da 28 \u00fclkede, 40&#8217;dan fazla otel ve tatil k\u00f6y\u00fc ile hizmet veren Banyan Tree, d\u00fcnyan\u0131n en y\u00fcksek oda fiyatl\u0131 ilk 5 resort otel zinciri aras\u0131nda yer al\u0131yor. Banyan Tree; Phuket, Malpler, Sey\u015feller, Bali gibi \u00f6nemli destinasyonlardaki otel ve tatil k\u00f6ylerinin yan\u0131 s\u0131ra; 66 spa merkezi, 80 ma\u011faza ve 3 golf sahas\u0131yla ile d\u00fcnyan\u0131n \u00f6nde gelen premium resort, hotel, konut ve spa i\u015fleticisi ve geli\u015ftiricisi konumunda yer al\u0131yor. Projenin hedef kitlesini ise y\u00fczde 65&#8217;lik bir oranla uluslararas\u0131 vatanda\u015f, y\u00fczde 35&#8217;ni ise T\u00fcrk vatanda\u015flar\u0131 olu\u015fturacak.<\/p>\n<h2>\u0130LK LANSMANI 2017&#8217;DE YAPILACAK<\/h2>\n<p>Toplant\u0131da i\u00e7erisinde Banyan Tree&#8217;nin bulunaca\u011f\u0131 ve 460 metre uzunlu\u011funda bir sahile ve iki \u00f6zel koya sahip, \u00fc\u00e7 taraf\u0131 denizlerle \u00e7evrili 110 d\u00f6n\u00fcml\u00fck sakl\u0131 bir burunda yer alan Nef Bodrum&#8217;un lansman\u0131n\u0131n ise 2017 yaz\u0131nda ger\u00e7ekle\u015fece\u011fi bilgisi payla\u015f\u0131ld\u0131. 2000 metrekare \u00f6zel bir kumsala sahip olacak projede lansman \u00f6ncesi sat\u0131\u015f ve tan\u0131t\u0131m \u00e7al\u0131\u015fmalar\u0131 Nef&#8217;in Bodrum ve \u0130stanbul&#8217;daki tan\u0131t\u0131m ofislerinde devam ediyor.<\/p>\n<p>Karar<\/p>\n<\/div>\n","protected":false},"excerpt":{"rendered":"<p>D\u00fcnyaca \u00fcnl\u00fc zincir marka Banyan Tree T\u00fcrkiye\u2019ye geliyor. Singapurlu otelci, Bodrum\u2019da Nef\u2019in 120 milyonluk yat\u0131r\u0131mla in\u015fa edece\u011fi l\u00fcks otelin 25 y\u0131l i\u015fletmesini \u00fcstlendi. D\u00fcnyaca \u00fcnl\u00fc zincir marka Banyan Tree T\u00fcrkiye\u2019ye geliyor. Singapurlu otelci, Bodrum\u2019da Nef\u2019in 120 milyonluk yat\u0131r\u0131mla in\u015fa edece\u011fi l\u00fcks otelin 25 y\u0131l i\u015fletmesini \u00fcstlendi. Otelle birlikte Nef, l\u00fcks rezidans ve villalara toplam 510 [&hellip;]<\/p>\n","protected":false},"author":1,"featured_media":5824,"comment_status":"open","ping_status":"open","sticky":false,"template":"","format":"standard","meta":{"ngg_post_thumbnail":0},"categories":[219],"tags":[2373,3207,11287,5816,98,96],"_links":{"self":[{"href":"https:\/\/emlaktuel.com\/index.php?rest_route=\/wp\/v2\/posts\/5823"}],"collection":[{"href":"https:\/\/emlaktuel.com\/index.php?rest_route=\/wp\/v2\/posts"}],"about":[{"href":"https:\/\/emlaktuel.com\/index.php?rest_route=\/wp\/v2\/types\/post"}],"author":[{"embeddable":true,"href":"https:\/\/emlaktuel.com\/index.php?rest_route=\/wp\/v2\/users\/1"}],"replies":[{"embeddable":true,"href":"https:\/\/emlaktuel.com\/index.php?rest_route=%2Fwp%2Fv2%2Fcomments&post=5823"}],"version-history":[{"count":1,"href":"https:\/\/emlaktuel.com\/index.php?rest_route=\/wp\/v2\/posts\/5823\/revisions"}],"predecessor-version":[{"id":5825,"href":"https:\/\/emlaktuel.com\/index.php?rest_route=\/wp\/v2\/posts\/5823\/revisions\/5825"}],"wp:featuredmedia":[{"embeddable":true,"href":"https:\/\/emlaktuel.com\/index.php?rest_route=\/wp\/v2\/media\/5824"}],"wp:attachment":[{"href":"https:\/\/emlaktuel.com\/index.php?rest_route=%2Fwp%2Fv2%2Fmedia&parent=5823"}],"wp:term":[{"taxonomy":"category","embeddable":true,"href":"https:\/\/emlaktuel.com\/index.php?rest_route=%2Fwp%2Fv2%2Fcategories&post=5823"},{"taxonomy":"post_tag","embeddable":true,"href":"https:\/\/emlaktuel.com\/index.php?rest_route=%2Fwp%2Fv2%2Ftags&post=5823"}],"curies":[{"name":"wp","href":"https:\/\/api.w.org\/{rel}","templated":true}]}}