{"id":5747,"date":"2016-09-09T12:21:41","date_gmt":"2016-09-09T09:21:41","guid":{"rendered":"http:\/\/emlaktuel.com\/?p=5747"},"modified":"2018-07-05T14:48:20","modified_gmt":"2018-07-05T11:48:20","slug":"istanbul-216-konutlarinda-kurban-bayramina-ozel-yuzde-0-70-faiz","status":"publish","type":"post","link":"https:\/\/emlaktuel.com\/?p=5747","title":{"rendered":"\u0130stanbul 216 Konutlar\u0131\u2019nda Kurban Bayram\u0131\u2019na \u00f6zel y\u00fczde 0.70 faiz!"},"content":{"rendered":"<h1 class=\"news-detail-title selectionShareable\">Baysa\u015f \u0130n\u015faat, Fikirtepe\u2019de hayata ge\u00e7irdi\u011fi \u0130stanbul 216 Konutlar\u0131 projesinde Kurban Bayram\u0131\u2019na \u00f6zel y\u00fczde 0.70 faiz imk\u00e2n\u0131 sunuyor.<\/h1>\n<div>\n<p>Baysa\u015f \u0130n\u015faat, \u00a0Fikirtepe\u2019de hayata ge\u00e7irdi\u011fi \u0130stanbul 216 Konutlar\u0131 projesinde Kurban Bayram\u0131\u2019na \u00f6zel y\u00fczde 0.70 faiz imk\u00e2n\u0131 sunuyor.<\/p>\n<p>\u0130stanbul\u2019da kentsel d\u00f6n\u00fc\u015f\u00fcm\u00fcn pilot b\u00f6lgesi, Fikirtepe\u2019de Baysa\u015f \u0130n\u015faat taraf\u0131ndan hayata ge\u00e7irilen \u0130stanbul 216 Konutlar\u0131 projesinde, in\u015faat ve sat\u0131\u015f \u00e7al\u0131\u015fmalar\u0131 devam ediyor. Kurban Bayram\u0131\u2019na \u00f6zel y\u00fczde 0.70 faiz f\u0131rsat\u0131 ile sunulan projede metrekare fiyatlar\u0131 8 bin TL\u2019den ba\u015fl\u0131yor. Eyl\u00fcl ay\u0131 s\u00fcresince devam edecek olan kampanyada \u015firket b\u00fcnyesince vade farks\u0131z 36 ay taksit imk\u00e2n\u0131 sunuluyor.<\/p>\n<p>2 etap halinde y\u00fckselen \u0130stanbul 216 Konutlar\u0131, 80 milyon dolar yat\u0131r\u0131m de\u011ferine sahip. 24, 24 ve 13 katl\u0131 3 blokta toplam 579 konuttan olu\u015fan 2\u2019nci etap; 12 bin 123 metrekare arsa alan\u0131 \u00fczerinde 90 bin metrekare in\u015faat alan\u0131na sahip olmakla beraber, \u00a0projede alanlar\u0131 56 ila 102 metrekare aras\u0131nda de\u011fi\u015febilen 1+1 ve 2+1 konutlardan olu\u015fan bir adet home ofis blo\u011fu ile alanlar\u0131 52 ila 246 metrekare aras\u0131nda de\u011fi\u015febilen 1+1, 2+1, 3+1, 4+1 konutlardan olu\u015fan iki adet konut blo\u011fu yer al\u0131yor. 30 Mart 2016 tarihinde in\u015faat\u0131na ba\u015flanan 2\u2019nci etab\u0131n 2018 y\u0131l\u0131n\u0131n Haziran ay\u0131nda sahiplerine teslim edilmesi planlan\u0131yor. Projede ilk etap teslimlerinin Aral\u0131k 2016\u2019da yap\u0131lmas\u0131 hedefleniyor.<\/p>\n<h2><a href=\"http:\/\/www.istanbul216.com.tr\">www.istanbul216.com.tr<\/a><\/h2>\n<\/div>\n","protected":false},"excerpt":{"rendered":"<p>Baysa\u015f \u0130n\u015faat, Fikirtepe\u2019de hayata ge\u00e7irdi\u011fi \u0130stanbul 216 Konutlar\u0131 projesinde Kurban Bayram\u0131\u2019na \u00f6zel y\u00fczde 0.70 faiz imk\u00e2n\u0131 sunuyor. Baysa\u015f \u0130n\u015faat, \u00a0Fikirtepe\u2019de hayata ge\u00e7irdi\u011fi \u0130stanbul 216 Konutlar\u0131 projesinde Kurban Bayram\u0131\u2019na \u00f6zel y\u00fczde 0.70 faiz imk\u00e2n\u0131 sunuyor. \u0130stanbul\u2019da kentsel d\u00f6n\u00fc\u015f\u00fcm\u00fcn pilot b\u00f6lgesi, Fikirtepe\u2019de Baysa\u015f \u0130n\u015faat taraf\u0131ndan hayata ge\u00e7irilen \u0130stanbul 216 Konutlar\u0131 projesinde, in\u015faat ve sat\u0131\u015f \u00e7al\u0131\u015fmalar\u0131 devam ediyor. [&hellip;]<\/p>\n","protected":false},"author":1,"featured_media":5748,"comment_status":"open","ping_status":"open","sticky":false,"template":"","format":"standard","meta":{"ngg_post_thumbnail":0},"categories":[219],"tags":[1545,278,11204,73,3478,88,80,3489,11464,11267],"_links":{"self":[{"href":"https:\/\/emlaktuel.com\/index.php?rest_route=\/wp\/v2\/posts\/5747"}],"collection":[{"href":"https:\/\/emlaktuel.com\/index.php?rest_route=\/wp\/v2\/posts"}],"about":[{"href":"https:\/\/emlaktuel.com\/index.php?rest_route=\/wp\/v2\/types\/post"}],"author":[{"embeddable":true,"href":"https:\/\/emlaktuel.com\/index.php?rest_route=\/wp\/v2\/users\/1"}],"replies":[{"embeddable":true,"href":"https:\/\/emlaktuel.com\/index.php?rest_route=%2Fwp%2Fv2%2Fcomments&post=5747"}],"version-history":[{"count":1,"href":"https:\/\/emlaktuel.com\/index.php?rest_route=\/wp\/v2\/posts\/5747\/revisions"}],"predecessor-version":[{"id":5749,"href":"https:\/\/emlaktuel.com\/index.php?rest_route=\/wp\/v2\/posts\/5747\/revisions\/5749"}],"wp:featuredmedia":[{"embeddable":true,"href":"https:\/\/emlaktuel.com\/index.php?rest_route=\/wp\/v2\/media\/5748"}],"wp:attachment":[{"href":"https:\/\/emlaktuel.com\/index.php?rest_route=%2Fwp%2Fv2%2Fmedia&parent=5747"}],"wp:term":[{"taxonomy":"category","embeddable":true,"href":"https:\/\/emlaktuel.com\/index.php?rest_route=%2Fwp%2Fv2%2Fcategories&post=5747"},{"taxonomy":"post_tag","embeddable":true,"href":"https:\/\/emlaktuel.com\/index.php?rest_route=%2Fwp%2Fv2%2Ftags&post=5747"}],"curies":[{"name":"wp","href":"https:\/\/api.w.org\/{rel}","templated":true}]}}