{"id":5723,"date":"2016-09-08T14:34:41","date_gmt":"2016-09-08T11:34:41","guid":{"rendered":"http:\/\/emlaktuel.com\/?p=5723"},"modified":"2018-07-05T14:47:59","modified_gmt":"2018-07-05T11:47:59","slug":"kis-saati-uygulamasi-kaldirildi","status":"publish","type":"post","link":"https:\/\/emlaktuel.com\/?p=5723","title":{"rendered":"K\u0131\u015f saati uygulamas\u0131 kald\u0131r\u0131ld\u0131"},"content":{"rendered":"<p>Yaz saati uygulamas\u0131n\u0131n y\u0131l boyu s\u00fcrd\u00fcr\u00fclmesi hakk\u0131ndaki karar, Resmi Gazete\u2019nin bug\u00fcnk\u00fc say\u0131s\u0131nda yay\u0131mland\u0131.<br \/>\nResmi Gazete&#8217;de yay\u0131mlanan karara g\u00f6re: g\u00fcn \u0131\u015f\u0131\u011f\u0131ndan daha fazla yararlanmak amac\u0131yla 26 Mart 2016 tarihinden itibaren b\u00fct\u00fcn yurtta saatlerin bir saat ileri al\u0131nmas\u0131 \u015feklinde ba\u015flayan yaz saati uygulamas\u0131n\u0131n her y\u0131l, y\u0131l boyu s\u00fcrd\u00fcr\u00fclmesi kararla\u015ft\u0131r\u0131ld\u0131.<\/p>\n<p>Ayr\u0131ca, g\u00fcne\u015f \u0131\u015f\u0131\u011f\u0131ndan daha fazla yararlanmak amac\u0131yla t\u00fcm yurtta saatlerin yeniden d\u00fczenlenmesi hakk\u0131ndaki 2016\/8589 say\u0131l\u0131 Bakanlar Kurulu Karar\u0131&#8217;nda yer alan &#8220;30 Ekim 2016 Pazar g\u00fcn\u00fc saat 04.00&#8217;ten itibaren bir saat geri al\u0131nmas\u0131&#8221; ibaresi de y\u00fcr\u00fcrl\u00fckten kald\u0131r\u0131ld\u0131.<\/p>\n","protected":false},"excerpt":{"rendered":"<p>Yaz saati uygulamas\u0131n\u0131n y\u0131l boyu s\u00fcrd\u00fcr\u00fclmesi hakk\u0131ndaki karar, Resmi Gazete\u2019nin bug\u00fcnk\u00fc say\u0131s\u0131nda yay\u0131mland\u0131. Resmi Gazete&#8217;de yay\u0131mlanan karara g\u00f6re: g\u00fcn \u0131\u015f\u0131\u011f\u0131ndan daha fazla yararlanmak amac\u0131yla 26 Mart 2016 tarihinden itibaren b\u00fct\u00fcn yurtta saatlerin bir saat ileri al\u0131nmas\u0131 \u015feklinde ba\u015flayan yaz saati uygulamas\u0131n\u0131n her y\u0131l, y\u0131l boyu s\u00fcrd\u00fcr\u00fclmesi kararla\u015ft\u0131r\u0131ld\u0131. Ayr\u0131ca, g\u00fcne\u015f \u0131\u015f\u0131\u011f\u0131ndan daha fazla yararlanmak amac\u0131yla t\u00fcm [&hellip;]<\/p>\n","protected":false},"author":1,"featured_media":5724,"comment_status":"open","ping_status":"open","sticky":false,"template":"","format":"standard","meta":{"ngg_post_thumbnail":0},"categories":[26],"tags":[11366,3459,3458,11537,3460],"_links":{"self":[{"href":"https:\/\/emlaktuel.com\/index.php?rest_route=\/wp\/v2\/posts\/5723"}],"collection":[{"href":"https:\/\/emlaktuel.com\/index.php?rest_route=\/wp\/v2\/posts"}],"about":[{"href":"https:\/\/emlaktuel.com\/index.php?rest_route=\/wp\/v2\/types\/post"}],"author":[{"embeddable":true,"href":"https:\/\/emlaktuel.com\/index.php?rest_route=\/wp\/v2\/users\/1"}],"replies":[{"embeddable":true,"href":"https:\/\/emlaktuel.com\/index.php?rest_route=%2Fwp%2Fv2%2Fcomments&post=5723"}],"version-history":[{"count":1,"href":"https:\/\/emlaktuel.com\/index.php?rest_route=\/wp\/v2\/posts\/5723\/revisions"}],"predecessor-version":[{"id":5725,"href":"https:\/\/emlaktuel.com\/index.php?rest_route=\/wp\/v2\/posts\/5723\/revisions\/5725"}],"wp:featuredmedia":[{"embeddable":true,"href":"https:\/\/emlaktuel.com\/index.php?rest_route=\/wp\/v2\/media\/5724"}],"wp:attachment":[{"href":"https:\/\/emlaktuel.com\/index.php?rest_route=%2Fwp%2Fv2%2Fmedia&parent=5723"}],"wp:term":[{"taxonomy":"category","embeddable":true,"href":"https:\/\/emlaktuel.com\/index.php?rest_route=%2Fwp%2Fv2%2Fcategories&post=5723"},{"taxonomy":"post_tag","embeddable":true,"href":"https:\/\/emlaktuel.com\/index.php?rest_route=%2Fwp%2Fv2%2Ftags&post=5723"}],"curies":[{"name":"wp","href":"https:\/\/api.w.org\/{rel}","templated":true}]}}