{"id":5719,"date":"2016-09-08T14:20:54","date_gmt":"2016-09-08T11:20:54","guid":{"rendered":"http:\/\/emlaktuel.com\/?p=5719"},"modified":"2018-07-05T14:47:57","modified_gmt":"2018-07-05T11:47:57","slug":"dogru-zamanda-dogru-yatirimi-yapin-7","status":"publish","type":"post","link":"https:\/\/emlaktuel.com\/?p=5719","title":{"rendered":"Do\u011fru zamanda do\u011fru yat\u0131r\u0131m\u0131 yap\u0131n"},"content":{"rendered":"<p><strong>Do\u011fru zamanda do\u011fru yat\u0131r\u0131m\u0131 yap\u0131n!<\/strong><\/p>\n<div class=\"entry\">\n<p><img loading=\"lazy\" class=\"wp-image-20122 aligncenter tie-appear\" src=\"http:\/\/i1.wp.com\/kadincaemlak.com\/wp-content\/uploads\/2016\/08\/ozak1.jpg?resize=443%2C183\" sizes=\"(max-width: 443px) 100vw, 443px\" srcset=\"http:\/\/i1.wp.com\/kadincaemlak.com\/wp-content\/uploads\/2016\/08\/ozak1.jpg?resize=300%2C124 300w, http:\/\/i1.wp.com\/kadincaemlak.com\/wp-content\/uploads\/2016\/08\/ozak1.jpg?resize=500%2C207 500w, http:\/\/i1.wp.com\/kadincaemlak.com\/wp-content\/uploads\/2016\/08\/ozak1.jpg?w=620 620w\" alt=\"ozak1\" width=\"443\" height=\"183\" \/><\/p>\n<p>Gelece\u011fi g\u00f6ren iyi bir yat\u0131r\u0131mc\u0131, bug\u00fcnden f\u0131rsatlar\u0131 yakalar, gelece\u011fine de\u011fer katar.<br \/>\nSiz de gelece\u011finizi, \u0130stanbul\u2019un yeni ula\u015f\u0131m akslar\u0131n\u0131n merkezinde, denizi hayat\u0131n i\u00e7ine katan bir yat\u0131r\u0131mla \u015fekillendirin.<\/p>\n<p><a href=\"http:\/\/kadincaemlak.com\/go\/buyuk-yali\" target=\"_blank\"><strong>Emlak Konut g\u00fcvencesinde, potansiyeli y\u00fcksek bir yat\u0131r\u0131m<\/strong><\/a><\/p>\n<p>&nbsp;<\/p>\n<p>\u0130stanbul\u2019un g\u00fcn ge\u00e7tik\u00e7e geli\u015fen, geli\u015ftik\u00e7e de\u011ferlenen b\u00f6lgesi Zeytinburnu\u2019nda, \u00e7ocuklar\u0131n\u0131za miras b\u0131rakabilece\u011finiz bir yat\u0131r\u0131m\u2026<\/p>\n<p>&nbsp;<\/p>\n<p>Emlak Konut g\u00fcvencesi ve net metrekare de\u011feriyle, Zeytinburnu sahil yolundaki k\u00e2rl\u0131 ve risksiz proje:\u00a0<\/p>\n<p><img loading=\"lazy\" class=\"alignnone wp-image-20123 tie-appear\" src=\"http:\/\/i0.wp.com\/kadincaemlak.com\/wp-content\/uploads\/2016\/08\/resim2.jpg?resize=438%2C219\" sizes=\"(max-width: 438px) 100vw, 438px\" srcset=\"http:\/\/i0.wp.com\/kadincaemlak.com\/wp-content\/uploads\/2016\/08\/resim2.jpg?resize=300%2C150 300w, http:\/\/i0.wp.com\/kadincaemlak.com\/wp-content\/uploads\/2016\/08\/resim2.jpg?resize=500%2C250 500w, http:\/\/i0.wp.com\/kadincaemlak.com\/wp-content\/uploads\/2016\/08\/resim2.jpg?w=600 600w\" alt=\"resim2\" width=\"438\" height=\"219\" \/><\/p>\n<p>Emlak Konut g\u00fcvencesiyle, \u00d6zak GYO, Ziylan Gayrimenkul ve Yenig\u00fcn \u0130n\u015faat, \u201ciyi ya\u015fam ve insan\u201d kavramlar\u0131n\u0131 oda\u011f\u0131na alan yeni bir deniz semtini \u201cB\u00fcy\u00fckyal\u0131\u201d ad\u0131yla hayata ge\u00e7iriyor. Getiri potansiyeliyle bir f\u0131rsat sunan B\u00fcy\u00fckyal\u0131, g\u00fcn\u00fcm\u00fczde \u00e7ehresi de\u011fi\u015fen ve \u015fehrin ula\u015f\u0131m akslar\u0131n\u0131n merkezinde yer alan Kazl\u0131\u00e7e\u015fme sahil yolunda, gelece\u011fi g\u00f6ren yat\u0131r\u0131mc\u0131lar\u0131 bekliyor.<\/p>\n<p><strong><br \/>\n<\/strong>Geli\u015fme potansiyeliyle Avrupa\u2019n\u0131n say\u0131l\u0131 \u015fehirleri aras\u0131nda yer alan \u0130stanbul, yerli ve yabanc\u0131 yat\u0131r\u0131mc\u0131lar\u0131n g\u00f6zdesi olmay\u0131 s\u00fcrd\u00fcr\u00fcyor. \u015eehrin, markal\u0131 projeler ve devlet yat\u0131r\u0131mlar\u0131yla \u00e7ehresi tamamen de\u011fi\u015fen ve y\u00fcksek de\u011fer art\u0131\u015f\u0131 kaydeden il\u00e7esi Zeytinburnu, yat\u0131r\u0131m potansiyeliyle dikkat \u00e7ekiyor. Nitelikli spor merkezleri, okul ve \u00fcniversitelerin yer ald\u0131\u011f\u0131 bir b\u00f6lge olmas\u0131yla \u00f6ne \u00e7\u0131kan Zeytinburnu; yeni konut, marina*\u00b9, otel, al\u0131\u015fveri\u015f merkezi, hastane ve altyap\u0131 projeleriyle her ge\u00e7en g\u00fcn geli\u015fiyor.<\/p>\n<p>&nbsp;<\/p>\n<p><strong><br \/>\n<\/strong>Bir b\u00f6lgenin de\u011ferlenece\u011finin b\u00fcy\u00fck g\u00f6stergesi olan ula\u015f\u0131m yat\u0131r\u0131mlar\u0131n\u0131n yo\u011funla\u015fmas\u0131 ve alternatiflerin \u00e7e\u015fitlili\u011fi, B\u00fcy\u00fckyal\u0131\u2019y\u0131 yat\u0131r\u0131m i\u00e7in do\u011fru adres haline getiriyor. \u0130stanbul\u2019un kara, deniz ve rayl\u0131 sistem ula\u015f\u0131m akslar\u0131n\u0131n kesi\u015fti\u011fi\u00a0 Zeytinburnu\u2019nda yer alan B\u00fcy\u00fckyal\u0131\u2019n\u0131n yat\u0131r\u0131m de\u011feri, yap\u0131m\u0131 devam eden Marmaray Zeytinburnu dura\u011f\u0131*\u00b2, Avrasya T\u00fcneli*\u00b2 ve yeni sahil yolu*\u00b2 ile daha da art\u0131yor.<\/p>\n<p><img loading=\"lazy\" class=\"alignnone size-medium wp-image-20124 aligncenter tie-appear\" src=\"http:\/\/i2.wp.com\/kadincaemlak.com\/wp-content\/uploads\/2016\/08\/resim3.jpg?resize=300%2C150\" sizes=\"(max-width: 300px) 100vw, 300px\" srcset=\"http:\/\/i2.wp.com\/kadincaemlak.com\/wp-content\/uploads\/2016\/08\/resim3.jpg?resize=300%2C150 300w, http:\/\/i2.wp.com\/kadincaemlak.com\/wp-content\/uploads\/2016\/08\/resim3.jpg?resize=500%2C250 500w, http:\/\/i2.wp.com\/kadincaemlak.com\/wp-content\/uploads\/2016\/08\/resim3.jpg?w=600 600w\" alt=\"resim3\" width=\"300\" height=\"150\" \/><\/p>\n<p><strong><br \/>\n<\/strong>Her a\u015famas\u0131, Emlak Konut GYO onay\u0131 ve g\u00fcvencesiyle y\u00fcr\u00fct\u00fclen B\u00fcy\u00fckyal\u0131 bu \u00f6zelli\u011fiyle, sahil yolundaki de\u011ferli ve risksiz proje olarak konumlan\u0131yor. Br\u00fct-net metrekare \u00f6l\u00e7\u00fcm\u00fcnde de Emlak Konut standartlar\u0131n\u0131 uygulayan ve kamuoyunu do\u011fru \u015fekilde bilgilendiren B\u00fcy\u00fckyal\u0131, net metrekare de\u011feriyle markal\u0131 l\u00fcks konut kategorisinde t\u00fcketiciler i\u00e7in k\u00e2rl\u0131 bir proje olarak \u00f6ne \u00e7\u0131k\u0131yor.<br \/>\n<strong><br \/>\n<\/strong>B\u00fcy\u00fckyal\u0131, \u00e7evresindeki sosyal alanlar\u0131n \u00e7e\u015fitlili\u011fiyle de fark\u0131n\u0131 ortaya koyuyor. Tamamland\u0131\u011f\u0131nda, 500 bin metrekareyle \u0130stanbullular\u0131n nefes alaca\u011f\u0131 b\u00fcy\u00fck park alanlar\u0131ndan biri olmas\u0131 planlanan \u00c7\u0131rp\u0131c\u0131 \u015eehir Park\u0131*\u00b3, B\u00fcy\u00fckyal\u0131\u2019ya\u00a04 km. uzakl\u0131kta yer al\u0131yor.<\/p>\n<p><img loading=\"lazy\" class=\"size-medium wp-image-20125 aligncenter tie-appear\" src=\"http:\/\/i1.wp.com\/kadincaemlak.com\/wp-content\/uploads\/2016\/08\/resim4.jpg?resize=300%2C150\" sizes=\"(max-width: 300px) 100vw, 300px\" srcset=\"http:\/\/i1.wp.com\/kadincaemlak.com\/wp-content\/uploads\/2016\/08\/resim4.jpg?resize=300%2C150 300w, http:\/\/i1.wp.com\/kadincaemlak.com\/wp-content\/uploads\/2016\/08\/resim4.jpg?resize=500%2C250 500w, http:\/\/i1.wp.com\/kadincaemlak.com\/wp-content\/uploads\/2016\/08\/resim4.jpg?w=600 600w\" alt=\"resim4\" width=\"300\" height=\"150\" \/><\/p>\n<p><strong><br \/>\n<\/strong>\u0130stanbul Kazl\u0131\u00e7e\u015fme sahil yolunda yer alan B\u00fcy\u00fckyal\u0131\u2019n\u0131n mimari projesini, 200\u2019den fazla \u00f6d\u00fcl\u00fcn sahibi \u0130ngiliz Chapman Taylor \u00fcstleniyor. Projenin konseptini; yaya konforu, geleneksel mahalle k\u00fclt\u00fcr\u00fc, semt ya\u015fam\u0131, renkli sosyal hayat ve k\u00fclt\u00fcrel \u00e7e\u015fitlili\u011fi destekleyen \u201cYeni \u015eehircilik\u201d ak\u0131m\u0131 olu\u015fturuyor. Toplam 111 d\u00f6n\u00fcml\u00fck arazide y\u00fckselecek B\u00fcy\u00fckyal\u0131\u2019da, ilk etapta 452 \u00fcnitenin lansman\u0131n\u0131n 2016\u2019n\u0131n son \u00e7eyre\u011finde yap\u0131lmas\u0131, semtte ya\u015fam\u0131n ise 2019 sonunda ba\u015flamas\u0131 planlan\u0131yor.<\/p>\n<p>&nbsp;<\/p>\n<p>Siz de \u201ciyi ya\u015fam\u201da yat\u0131r\u0131m yapmak i\u00e7in<strong>\u00a0<\/strong><\/p>\n<p>*\u00b9 Marina izin ve projelendirme s\u00fcre\u00e7leri devam etmektedir.<br \/>\n*\u00b2 Avrasya T\u00fcneli, Marmaray ve yeni sahil yolu in\u015faat s\u00fcrecindedir.<br \/>\n*\u00b3 www.ibb.gov.tr sitesinde yap\u0131lan a\u00e7\u0131klama kaynak al\u0131nm\u0131\u015ft\u0131r.<\/p>\n<\/div>\n","protected":false},"excerpt":{"rendered":"<p>Do\u011fru zamanda do\u011fru yat\u0131r\u0131m\u0131 yap\u0131n! Gelece\u011fi g\u00f6ren iyi bir yat\u0131r\u0131mc\u0131, bug\u00fcnden f\u0131rsatlar\u0131 yakalar, gelece\u011fine de\u011fer katar. Siz de gelece\u011finizi, \u0130stanbul\u2019un yeni ula\u015f\u0131m akslar\u0131n\u0131n merkezinde, denizi hayat\u0131n i\u00e7ine katan bir yat\u0131r\u0131mla \u015fekillendirin. Emlak Konut g\u00fcvencesinde, potansiyeli y\u00fcksek bir yat\u0131r\u0131m &nbsp; \u0130stanbul\u2019un g\u00fcn ge\u00e7tik\u00e7e geli\u015fen, geli\u015ftik\u00e7e de\u011ferlenen b\u00f6lgesi Zeytinburnu\u2019nda, \u00e7ocuklar\u0131n\u0131za miras b\u0131rakabilece\u011finiz bir yat\u0131r\u0131m\u2026 &nbsp; Emlak Konut [&hellip;]<\/p>\n","protected":false},"author":1,"featured_media":3541,"comment_status":"open","ping_status":"open","sticky":false,"template":"","format":"standard","meta":{"ngg_post_thumbnail":0},"categories":[26],"tags":[477,2647,2397,459,78,11158,73,80,11452,4392,96],"_links":{"self":[{"href":"https:\/\/emlaktuel.com\/index.php?rest_route=\/wp\/v2\/posts\/5719"}],"collection":[{"href":"https:\/\/emlaktuel.com\/index.php?rest_route=\/wp\/v2\/posts"}],"about":[{"href":"https:\/\/emlaktuel.com\/index.php?rest_route=\/wp\/v2\/types\/post"}],"author":[{"embeddable":true,"href":"https:\/\/emlaktuel.com\/index.php?rest_route=\/wp\/v2\/users\/1"}],"replies":[{"embeddable":true,"href":"https:\/\/emlaktuel.com\/index.php?rest_route=%2Fwp%2Fv2%2Fcomments&post=5719"}],"version-history":[{"count":3,"href":"https:\/\/emlaktuel.com\/index.php?rest_route=\/wp\/v2\/posts\/5719\/revisions"}],"predecessor-version":[{"id":5722,"href":"https:\/\/emlaktuel.com\/index.php?rest_route=\/wp\/v2\/posts\/5719\/revisions\/5722"}],"wp:featuredmedia":[{"embeddable":true,"href":"https:\/\/emlaktuel.com\/index.php?rest_route=\/wp\/v2\/media\/3541"}],"wp:attachment":[{"href":"https:\/\/emlaktuel.com\/index.php?rest_route=%2Fwp%2Fv2%2Fmedia&parent=5719"}],"wp:term":[{"taxonomy":"category","embeddable":true,"href":"https:\/\/emlaktuel.com\/index.php?rest_route=%2Fwp%2Fv2%2Fcategories&post=5719"},{"taxonomy":"post_tag","embeddable":true,"href":"https:\/\/emlaktuel.com\/index.php?rest_route=%2Fwp%2Fv2%2Ftags&post=5719"}],"curies":[{"name":"wp","href":"https:\/\/api.w.org\/{rel}","templated":true}]}}