{"id":5698,"date":"2016-09-08T12:27:40","date_gmt":"2016-09-08T09:27:40","guid":{"rendered":"http:\/\/emlaktuel.com\/?p=5698"},"modified":"2018-07-05T14:47:38","modified_gmt":"2018-07-05T11:47:38","slug":"otomobil-uretimi-8-ayda-yuzde-13-artti","status":"publish","type":"post","link":"https:\/\/emlaktuel.com\/?p=5698","title":{"rendered":"Otomobil \u00fcretimi 8 ayda y\u00fczde 13 artt\u0131"},"content":{"rendered":"<p><strong>Otomotiv Sanayii Derne\u011fi (OSD), bu y\u0131l\u0131n 8 ay\u0131nda otomobil \u00fcretiminin y\u00fczde 13 artarak 563 bin d\u00fczeyinde ger\u00e7ekle\u015fti\u011fini bildirdi.<\/strong><\/p>\n<div class=\"entry\">\n<div id=\"icerikDiv_18990795\" class=\"iliskiIcerik ltr\">\n<p>OSD\u2019den yap\u0131lan a\u00e7\u0131klamaya g\u00f6re, 2016 y\u0131l\u0131 ocak-a\u011fustos d\u00f6neminde bir \u00f6nceki y\u0131l\u0131n ayn\u0131 d\u00f6nemine k\u0131yasla T\u00fcrkiye otomotiv sanayisinin toplam \u00fcretimi y\u00fczde 7, otomobil \u00fcretimi ise y\u00fczde 13 art\u0131\u015f kaydetti. Bu d\u00f6nemde toplam \u00fcretim 915 bin, otomobil \u00fcretimi ise 563 bin seviyesinde ger\u00e7ekle\u015fti.<\/p>\n<p>Toplam \u00fcretim ve otomobil \u00fcretimi, 2006-2016 y\u0131llar\u0131 aras\u0131ndaki ocak-a\u011fustos d\u00f6nemi verileri kar\u015f\u0131la\u015ft\u0131r\u0131ld\u0131\u011f\u0131nda en y\u00fcksek seviyeye ula\u015ft\u0131.<\/p>\n<p>Y\u00fck ve yolcu ta\u015f\u0131yan ticari ara\u00e7lar \u00fcretimi, 2016\u2019n\u0131n 8 ay\u0131nda ge\u00e7en y\u0131l\u0131n ayn\u0131 d\u00f6nemine g\u00f6re b\u00fcy\u00fck kamyonda y\u00fczde 52, midib\u00fcste y\u00fczde 45, k\u00fc\u00e7\u00fck kamyonda y\u00fczde 39 ve minib\u00fcste y\u00fczde 34 azal\u0131rken, kamyonette y\u00fczde 8 ve otob\u00fcste y\u00fczde 2 art\u0131\u015f kaydetti. Bu d\u00f6nemde trakt\u00f6r \u00fcretimi y\u00fczde 4 artarak 35 bin 601\u2019e y\u00fckseldi.<\/p>\n<p><strong>\u2013 \u0130hracatta y\u00fczde 14 art\u0131\u015f<\/strong><\/p>\n<p>Bu y\u0131l\u0131n ocak-a\u011fustos aras\u0131nda 2015\u2019in ayn\u0131 d\u00f6nemine g\u00f6re adet baz\u0131nda toplam otomotiv ihracat\u0131 y\u00fczde 14,\u00a0otomobil ihracat\u0131 ise y\u00fczde 17 art\u0131\u015f g\u00f6sterdi. \u0130lk 8 ayda toplam ihracat 705 bin, otomobil ihracat\u0131 ise 440 bin seviyesine ula\u015ft\u0131.\u00a0Ayn\u0131 d\u00f6nemde ticari ara\u00e7 ihracat\u0131 y\u00fczde 11 artarken, trakt\u00f6r ihracat\u0131 2015 y\u0131l\u0131n\u0131n ayn\u0131 d\u00f6nemine paralel bir seyir g\u00f6stererek 9 bin 505 oldu.<\/p>\n<p>Uluda\u011f \u0130hracat\u00e7\u0131 Birlikleri (U\u0130B) verilerine g\u00f6re de 2016\u2019n\u0131n ocak-a\u011fustos d\u00f6neminde toplam ihracat, ge\u00e7en y\u0131l\u0131n ayn\u0131 d\u00f6nemine g\u00f6re y\u00fczde 12 artt\u0131 ve 15 milyar 385 milyon dolar oldu. \u0130hracat avro baz\u0131nda ise y\u00fczde 11 artarak 13 milyar 785 milyon avro olarak ger\u00e7ekle\u015fti.<\/p>\n<p><strong>Bu d\u00f6nemde ana sanayi ihracat\u0131 y\u00fczde 16, yan sanayi ihracat\u0131 ise y\u00fczde 5 artt\u0131.<\/strong><\/p>\n<p>T\u00fcrkiye \u0130hracat\u00e7\u0131lar Meclisi (T\u0130M) verilerine g\u00f6re ise toplam otomotiv sanayi ihracat\u0131, 2016\u2019n\u0131n 8 ay\u0131nda\u00a0y\u00fczde 18 pay ile ilk\u00a0s\u0131radaki yerini korudu.<\/p>\n<p><strong>\u2013 Yerli otomobil sat\u0131\u015flar\u0131 y\u00fczde 6 geriledi<\/strong><\/p>\n<p>\u0130lk 8 ayda ge\u00e7en y\u0131l\u0131n ayn\u0131 d\u00f6nemine k\u0131yasla y\u00fczde 7 daralan toplam pazarda 584 bin ara\u00e7 sat\u0131ld\u0131. Bu d\u00f6nemde otomobil pazar\u0131nda y\u00fczde 3 azal\u0131\u015fla 438 bin ara\u00e7 sat\u0131\u015f\u0131 oldu.\u00a0Bu d\u00f6nemde\u00a0ithal otomobil sat\u0131\u015flar\u0131 y\u00fczde 3, yerli otomobil sat\u0131\u015flar\u0131 ise y\u00fczde 6 azald\u0131.<\/p>\n<p>Otomobil pazar\u0131nda ithalat\u0131n pazar pay\u0131 bu y\u0131l\u0131n a\u011fustos ay\u0131nda y\u00fczde 81 d\u00fczeyinde ger\u00e7ekle\u015fti. Hafif ticari ara\u00e7 pazar\u0131nda ithalat\u0131n pay\u0131 2016\u2019n\u0131n 8 ay\u0131nda y\u00fczde 47 olarak ger\u00e7ekle\u015fti.<\/p>\n<p>Toplam hafif ticari ara\u00e7 sat\u0131\u015flar\u0131 2016 y\u0131l\u0131 ocak-a\u011fustos d\u00f6neminde ge\u00e7en y\u0131l\u0131n ayn\u0131 d\u00f6nemine g\u00f6re y\u00fczde 10 azal\u0131rken, yerli hafif ticari ara\u00e7 sat\u0131\u015flar\u0131 y\u00fczde 14, ithal hafif ticari ara\u00e7 sat\u0131\u015flar\u0131 da y\u00fczde 5 darald\u0131.<\/p>\n<p>Bu d\u00f6nemde a\u011f\u0131r ticari ara\u00e7 pazar\u0131 y\u00fczde 46\u00a0azal\u0131\u015fla 14 bin 865, kamyon pazar\u0131 y\u00fczde 47 d\u00fc\u015f\u00fc\u015fle 12 bin 828, midib\u00fcs pazar\u0131 y\u00fczde 45 daralmayla bin 164, otob\u00fcs pazar\u0131 ise y\u00fczde 28 d\u00fc\u015f\u00fc\u015fle 873 seviyesinde ger\u00e7ekle\u015fti.<\/p>\n<p>Son 10 y\u0131ll\u0131k ortalamalara g\u00f6re, 2016 y\u0131l\u0131nda toplam pazar y\u00fczde 27, otomobil pazar\u0131 y\u00fczde 45 artarken, hafif ticari ara\u00e7 pazar\u0131 y\u00fczde 1, a\u011f\u0131r ticari ara\u00e7 pazar\u0131 y\u00fczde 37 d\u00fc\u015f\u00fc\u015f g\u00f6sterdi.<\/p>\n<p><strong>Bu y\u0131l\u0131n ocak-a\u011fustos d\u00f6nemindeki \u00fcretim, pazar ve ihracat rakamlar\u0131 \u015f\u00f6yle:<\/strong><\/p>\n<table>\n<tbody>\n<tr>\n<td colspan=\"3\">A\u011fustos<\/td>\n<td colspan=\"3\">Ocak-A\u011fustos<\/td>\n<\/tr>\n<tr>\n<td align=\"right\">2015<\/td>\n<td align=\"right\">2016<\/td>\n<td>\u00a0Y\u00fczde<\/td>\n<td align=\"right\">2015<\/td>\n<td align=\"right\">2016<\/td>\n<td>Y\u00fczde<\/td>\n<\/tr>\n<tr>\n<td rowspan=\"2\">\u00dcretim<\/td>\n<td>Toplam<\/td>\n<td align=\"right\">76.977<\/td>\n<td align=\"right\">78.087<\/td>\n<td align=\"right\">1<\/td>\n<td align=\"right\">857.297<\/td>\n<td align=\"right\">914.914<\/td>\n<td align=\"right\">7<\/td>\n<\/tr>\n<tr>\n<td>otomobil<\/td>\n<td align=\"right\">45.210<\/td>\n<td align=\"right\">52.296<\/td>\n<td align=\"right\">16<\/td>\n<td align=\"right\">499.652<\/td>\n<td align=\"right\">562.692<\/td>\n<td align=\"right\">13<\/td>\n<\/tr>\n<tr>\n<td rowspan=\"2\">Pazar<\/td>\n<td>Toplam<\/td>\n<td align=\"right\">84.683<\/td>\n<td align=\"right\">73.269<\/td>\n<td align=\"right\">-13<\/td>\n<td align=\"right\">626.577<\/td>\n<td align=\"right\">583.771<\/td>\n<td align=\"right\">-7<\/td>\n<\/tr>\n<tr>\n<td>otomobil<\/td>\n<td align=\"right\">61.753<\/td>\n<td align=\"right\">53.977<\/td>\n<td align=\"right\">-13<\/td>\n<td align=\"right\">453.817<\/td>\n<td align=\"right\">483.025<\/td>\n<td align=\"right\">-3<\/td>\n<\/tr>\n<tr>\n<td rowspan=\"2\">\u0130hracat<\/td>\n<td>Toplam<\/td>\n<td align=\"right\">56.793<\/td>\n<td align=\"right\">69.999<\/td>\n<td align=\"right\">23<\/td>\n<td align=\"right\">616.925<\/td>\n<td align=\"right\">705.350<\/td>\n<td align=\"right\">14<\/td>\n<\/tr>\n<tr>\n<td>otomobil<\/td>\n<td align=\"right\">35.805<\/td>\n<td align=\"right\">51.748<\/td>\n<td align=\"right\">45<\/td>\n<td align=\"right\">376.970<\/td>\n<td align=\"right\">440.197<\/td>\n<td align=\"right\">17<\/td>\n<\/tr>\n<\/tbody>\n<\/table>\n<\/div>\n<p>&nbsp;<\/p>\n<\/div>\n","protected":false},"excerpt":{"rendered":"<p>Otomotiv Sanayii Derne\u011fi (OSD), bu y\u0131l\u0131n 8 ay\u0131nda otomobil \u00fcretiminin y\u00fczde 13 artarak 563 bin d\u00fczeyinde ger\u00e7ekle\u015fti\u011fini bildirdi. OSD\u2019den yap\u0131lan a\u00e7\u0131klamaya g\u00f6re, 2016 y\u0131l\u0131 ocak-a\u011fustos d\u00f6neminde bir \u00f6nceki y\u0131l\u0131n ayn\u0131 d\u00f6nemine k\u0131yasla T\u00fcrkiye otomotiv sanayisinin toplam \u00fcretimi y\u00fczde 7, otomobil \u00fcretimi ise y\u00fczde 13 art\u0131\u015f kaydetti. Bu d\u00f6nemde toplam \u00fcretim 915 bin, otomobil \u00fcretimi ise [&hellip;]<\/p>\n","protected":false},"author":1,"featured_media":5699,"comment_status":"open","ping_status":"open","sticky":false,"template":"","format":"standard","meta":{"ngg_post_thumbnail":0},"categories":[1,26],"tags":[3443,11376,3442,3441,3440,11391,11098,11422,316],"_links":{"self":[{"href":"https:\/\/emlaktuel.com\/index.php?rest_route=\/wp\/v2\/posts\/5698"}],"collection":[{"href":"https:\/\/emlaktuel.com\/index.php?rest_route=\/wp\/v2\/posts"}],"about":[{"href":"https:\/\/emlaktuel.com\/index.php?rest_route=\/wp\/v2\/types\/post"}],"author":[{"embeddable":true,"href":"https:\/\/emlaktuel.com\/index.php?rest_route=\/wp\/v2\/users\/1"}],"replies":[{"embeddable":true,"href":"https:\/\/emlaktuel.com\/index.php?rest_route=%2Fwp%2Fv2%2Fcomments&post=5698"}],"version-history":[{"count":1,"href":"https:\/\/emlaktuel.com\/index.php?rest_route=\/wp\/v2\/posts\/5698\/revisions"}],"predecessor-version":[{"id":5700,"href":"https:\/\/emlaktuel.com\/index.php?rest_route=\/wp\/v2\/posts\/5698\/revisions\/5700"}],"wp:featuredmedia":[{"embeddable":true,"href":"https:\/\/emlaktuel.com\/index.php?rest_route=\/wp\/v2\/media\/5699"}],"wp:attachment":[{"href":"https:\/\/emlaktuel.com\/index.php?rest_route=%2Fwp%2Fv2%2Fmedia&parent=5698"}],"wp:term":[{"taxonomy":"category","embeddable":true,"href":"https:\/\/emlaktuel.com\/index.php?rest_route=%2Fwp%2Fv2%2Fcategories&post=5698"},{"taxonomy":"post_tag","embeddable":true,"href":"https:\/\/emlaktuel.com\/index.php?rest_route=%2Fwp%2Fv2%2Ftags&post=5698"}],"curies":[{"name":"wp","href":"https:\/\/api.w.org\/{rel}","templated":true}]}}