{"id":5605,"date":"2016-09-07T10:52:15","date_gmt":"2016-09-07T07:52:15","guid":{"rendered":"http:\/\/emlaktuel.com\/?p=5605"},"modified":"2018-07-05T14:46:48","modified_gmt":"2018-07-05T11:46:48","slug":"dogu-ve-guneydoguya-yatirim-hamlesi-insaati-ucuracak","status":"publish","type":"post","link":"https:\/\/emlaktuel.com\/?p=5605","title":{"rendered":"Do\u011fu ve G\u00fcneydo\u011fu&#8217;ya yat\u0131r\u0131m hamlesi in\u015faat\u0131 u\u00e7uracak!"},"content":{"rendered":"<h1 class=\"news-detail-title selectionShareable\">Ba\u015fbakan Binali Y\u0131ld\u0131r\u0131m&#8217;\u0131n \u00f6nceki g\u00fcn Diyarbak\u0131r&#8217;da a\u00e7\u0131klad\u0131\u011f\u0131 Do\u011fu ve G\u00fcneydo\u011fu Anadolu b\u00f6lgelerine yap\u0131lacak dev\u00a0yat\u0131r\u0131m ve kalk\u0131nma hamlesi, in\u015faat sekt\u00f6r\u00fcnde b\u00fcy\u00fck heyecan yaratt\u0131.<\/h1>\n<div class=\"clear\">Tar\u0131m, sa\u011fl\u0131k ve ekonomi alan\u0131nda kalk\u0131nmay\u0131 sa\u011flayacak Do\u011fu ve G\u00fcneydo\u011fu&#8217;ya dev Yat\u0131r\u0131m Destek Hamlesinin in\u015faat sekt\u00f6r\u00fcnde hareketlilik yaratmas\u0131 bekleniyor.<\/div>\n<div>\n<p>\u0130n\u015faat M\u00fcteahhitleri Konfederasyonu (\u0130MKON) Genel Ba\u015fkan\u0131 Tahir Tellio\u011flu, AA muhabirine yapt\u0131\u011f\u0131 a\u00e7\u0131klamada, in\u015fa edilecek konutlarla sosyal alanlar\u0131n \u00e7ukur siyasetine dayal\u0131 gergin atmosferin i\u00e7ine \u00e7ekilmi\u015f vatanda\u015f\u0131 aktif ticaret hayat\u0131na geri d\u00f6nd\u00fcrece\u011fini, yap\u0131lmas\u0131 planlanan konutlar\u0131n vatanda\u015flar\u0131n moralini y\u00fckseltece\u011fini, bunun yan\u0131nda \u00a0ekonomik aktiviteyi art\u0131raca\u011f\u0131n\u0131 ifade etti.<\/p>\n<p><img class=\"lazy\" src=\"http:\/\/emlakkulisi.com\/resim\/tamboyut\/NDQ0Mzg2ND-dogu-ve-guneydogu-yatirim-hamlesi-insaat-sektorunu-hareketlendirecek.jpg\" width=\"100%\" data-original=\"\/resim\/tamboyut\/NDQ0Mzg2ND-dogu-ve-guneydogu-yatirim-hamlesi-insaat-sektorunu-hareketlendirecek.jpg\" \/><\/p>\n<p>Paketin hem ticaret hacmi olu\u015fturaca\u011f\u0131n\u0131 hem de vatanda\u015f\u0131n ter\u00f6r kar\u015f\u0131s\u0131nda yaln\u0131zla\u015fmas\u0131na engel olaca\u011f\u0131n\u0131 belirten Tellio\u011flu, in\u015faat sekt\u00f6r\u00fcn\u00fcn 256 sekt\u00f6r\u00fc do\u011frudan ilgilendiren \u00e7ok y\u00f6nl\u00fc yap\u0131s\u0131na dikkati \u00e7ekti. Tellio\u011flu, &#8220;\u0130n\u015faat \u00e7al\u0131\u015fmalar\u0131yla birlikte istihdam artacakt\u0131r, b\u00f6lgeden malzeme temini \u00f6n plana \u00e7\u0131kacakt\u0131r. Hatta in\u015faat \u00e7al\u0131\u015fmalar\u0131 bittikten sonra i\u00e7erisindeki mobilyadan beyaz e\u015fyaya kadar pek \u00e7ok sekt\u00f6r\u00fc ve b\u00f6lge ekonomisini kalk\u0131nd\u0131racakt\u0131r.&#8221; ifadesini kulland\u0131.<\/p>\n<p>Tellio\u011flu, uygulaman\u0131n takvimine ili\u015fkin bilgilerin hen\u00fcz netle\u015fmedi\u011fini belirtirken, kaz\u0131lan \u00e7ukurlar nedeniyle kullan\u0131lamaz hale gelen mahalleler i\u00e7in haz\u0131rlanan kentsel d\u00f6n\u00fc\u015f\u00fcm planlar\u0131nda sona gelindi\u011fini bildirdi.<\/p>\n<h2>&#8220;TOK\u0130 10 y\u0131lda yapt\u0131\u011f\u0131n\u0131n y\u00fczde 15\u2019ine yak\u0131n rakam\u0131 in\u015fa edecek&#8221;<\/h2>\n<p>M\u00fcstakil Sanayici ve \u0130\u015fadamlar\u0131 Derne\u011fi (M\u00dcS\u0130AD) \u0130n\u015faat, \u00c7evre ve Yap\u0131 Malzemeleri Sekt\u00f6r Kurulu Ba\u015fkan\u0131 Reha Yeltekin de M\u00dcS\u0130AD\u2019\u0131n Malatya&#8217;da d\u00fczenlenen Genel \u0130dare Kurulu toplant\u0131s\u0131na kat\u0131lan Diyarbak\u0131r, Van ve Mardinli i\u015f adamlar\u0131n\u0131n paketin \u00e7ok ihtiya\u00e7 duyulan ve hemen hayata ge\u00e7mesi gereken bir te\u015fvik paketi oldu\u011funu ifade etti\u011fini s\u00f6yledi.<\/p>\n<p><img class=\"lazy\" src=\"http:\/\/emlakkulisi.com\/resim\/tamboyut\/ODU5NTUwNz-dogu-ve-guneydogu-yatirim-hamlesi-insaat-sektorunu-hareketlendirecek.jpg\" width=\"100%\" data-original=\"\/resim\/tamboyut\/ODU5NTUwNz-dogu-ve-guneydogu-yatirim-hamlesi-insaat-sektorunu-hareketlendirecek.jpg\" \/><\/p>\n<p>Yeltekin, Ba\u015fbakan Y\u0131ld\u0131r\u0131m&#8217;\u0131n a\u00e7\u0131klad\u0131\u011f\u0131 Do\u011fu ve G\u00fcneydo\u011fu Yat\u0131r\u0131m Destek Hamlesinin ekonomik canlanmay\u0131 beraberinde getirece\u011fini belirterek, \u015funlar\u0131 kaydetti:<\/p>\n<p>&#8220;O b\u00f6lgenin in\u015faat sekt\u00f6r\u00fc payda\u015flar\u0131 ve bizlerin d\u00fc\u015f\u00fcncesi, mutlaka bu paketlerin h\u0131zl\u0131 bir \u015fekilde hayata ge\u00e7irilmesi gerekti\u011fi. Ter\u00f6r\u00fcn ana kayna\u011f\u0131 olan s\u0131k\u0131nt\u0131lar\u0131 bertaraf edecek istihdam ve di\u011fer yan fakt\u00f6rlerin olu\u015fmas\u0131 sa\u011flanacakt\u0131r. TOK\u0130, 10 y\u0131lda 500 bin konut in\u015fa etmi\u015fti. Sonra rakam 750 binlere do\u011fru \u00e7\u0131kt\u0131. TOK\u0130, 10 y\u0131lda yapt\u0131\u011f\u0131n\u0131n y\u00fczde 15\u2019ine yak\u0131n bir rakam\u0131 ter\u00f6rden zarar g\u00f6ren b\u00f6lgelerimizde in\u015fa edecek. Bunun b\u00fcy\u00fckl\u00fc\u011f\u00fc, girilen yolun ne kadar b\u00fcy\u00fck hedefler ta\u015f\u0131d\u0131\u011f\u0131n\u0131 anlatmak a\u00e7\u0131s\u0131ndan bu \u00e7ok g\u00fczel bir \u00f6rnek olacakt\u0131r. Bu y\u00fczden bu te\u015fvikleri \u00e7ok olumlu de\u011ferlendiriyoruz.&#8221;<\/p>\n<p>Paketi tatmin edici bulduklar\u0131n\u0131, beklentilerinden de detayl\u0131 konular\u0131 i\u00e7erdi\u011fini ifade eden Yeltekin, &#8220;Paketin tatmin edici olmas\u0131ndan ziyade, ne kadar h\u0131zl\u0131 ve ne kadar y\u00fcksek ba\u015far\u0131 oran\u0131yla hayata ge\u00e7ti\u011fi bizim i\u00e7in daha \u00f6nemlidir. Paket \u00e7ok iyi, ancak \u00f6nemli olan kaybolmadan hayata ge\u00e7irilmesidir.&#8221; dedi.<\/p>\n<p>Yap\u0131lacak in\u015faat projelerinde, b\u00f6lgedeki m\u00fcteahhitlerin gerek alt y\u00fcklenici gerekse malzeme sat\u0131c\u0131s\u0131 olarak yer almas\u0131n\u0131n b\u00fcy\u00fck \u00f6nem ta\u015f\u0131d\u0131\u011f\u0131n\u0131 kaydeden Yeltekin, paketin b\u00f6lgedeki istihdama pozitif katk\u0131 sa\u011flayaca\u011f\u0131n\u0131 ve m\u00fcteahhitleri kazan\u00e7l\u0131 hale getirece\u011fini vurgulad\u0131.<\/p>\n<h2>&#8220;\u0130\u00e7 piyasay\u0131 hareketlendirmek \u00fczere elimizden geleni yapaca\u011f\u0131z&#8221;<\/h2>\n<p>T\u00fcrkiye \u0130n\u015faat Malzemesi Sanayicileri Derne\u011fi (\u0130MSAD) Ba\u015fkan\u0131 Fethi Hinginar ise 23 ilde yap\u0131lacak konut projeleriyle stadyum, hastane ve di\u011fer sosyal alanlar\u0131n i\u00e7 piyasay\u0131 canland\u0131racak yeni yat\u0131r\u0131m merkezleri olu\u015fturaca\u011f\u0131n\u0131 s\u00f6yledi.<\/p>\n<p><img class=\"lazy\" src=\"http:\/\/emlakkulisi.com\/resim\/tamboyut\/MjcwOTAyMj-dogu-ve-guneydogu-yatirim-hamlesi-insaat-sektorunu-hareketlendirecek.jpg\" width=\"100%\" data-original=\"\/resim\/tamboyut\/MjcwOTAyMj-dogu-ve-guneydogu-yatirim-hamlesi-insaat-sektorunu-hareketlendirecek.jpg\" \/><\/p>\n<p>Hinginar, in\u015faat ve gayrimenkul\u00fcn piyasalar\u0131 canland\u0131ran dinamo sekt\u00f6rler oldu\u011funa i\u015faret ederek, &#8220;\u0130n\u015faat sekt\u00f6r\u00fcn\u00fcn canlanmas\u0131 in\u015faat malzemesi sanayisinin yan\u0131 s\u0131ra zincirleme olarak bir\u00e7ok sekt\u00f6re de etki etmektedir. Bu yat\u0131r\u0131m hedefi makro \u00f6l\u00e7ekte \u00fclke ekonomimize olumlu yans\u0131yacakt\u0131r. \u00d6zellikle bu projelerde yerli ve standartlara uygun malzemelerin kullan\u0131lmas\u0131, bizim gibi y\u00fcksek katma de\u011fer yaratan sekt\u00f6rlerimizin geli\u015fmesine ve yeni yat\u0131r\u0131mlar i\u00e7in cesaretlenmesine vesile olacakt\u0131r. H\u00fck\u00fcmetimizin ald\u0131\u011f\u0131 yat\u0131r\u0131m kararlar\u0131na g\u00fcveniyor ve destekliyoruz.&#8221; ifadelerini kulland\u0131.<\/p>\n<p>Hinginar, T\u00fcrkiye ekonomisi, in\u015faat ve in\u015faat malzemesi sekt\u00f6r\u00fcn\u00fcn canlanmas\u0131 hedefiyle yat\u0131r\u0131m paketi kapsam\u0131nda h\u00fck\u00fcmetin faaliyetlerine destek olmak, i\u00e7 piyasay\u0131 hareketlendirmek \u00fczere ellerinden geleni yapacaklar\u0131n\u0131 s\u00f6yledi.<\/p>\n<\/div>\n","protected":false},"excerpt":{"rendered":"<p>Ba\u015fbakan Binali Y\u0131ld\u0131r\u0131m&#8217;\u0131n \u00f6nceki g\u00fcn Diyarbak\u0131r&#8217;da a\u00e7\u0131klad\u0131\u011f\u0131 Do\u011fu ve G\u00fcneydo\u011fu Anadolu b\u00f6lgelerine yap\u0131lacak dev\u00a0yat\u0131r\u0131m ve kalk\u0131nma hamlesi, in\u015faat sekt\u00f6r\u00fcnde b\u00fcy\u00fck heyecan yaratt\u0131. Tar\u0131m, sa\u011fl\u0131k ve ekonomi alan\u0131nda kalk\u0131nmay\u0131 sa\u011flayacak Do\u011fu ve G\u00fcneydo\u011fu&#8217;ya dev Yat\u0131r\u0131m Destek Hamlesinin in\u015faat sekt\u00f6r\u00fcnde hareketlilik yaratmas\u0131 bekleniyor. \u0130n\u015faat M\u00fcteahhitleri Konfederasyonu (\u0130MKON) Genel Ba\u015fkan\u0131 Tahir Tellio\u011flu, AA muhabirine yapt\u0131\u011f\u0131 a\u00e7\u0131klamada, in\u015fa edilecek [&hellip;]<\/p>\n","protected":false},"author":1,"featured_media":4746,"comment_status":"open","ping_status":"open","sticky":false,"template":"","format":"standard","meta":{"ngg_post_thumbnail":0},"categories":[221,1,26,27],"tags":[2325,2161,11199,3412,584,11306,67,1258,88,9274,11362,96],"_links":{"self":[{"href":"https:\/\/emlaktuel.com\/index.php?rest_route=\/wp\/v2\/posts\/5605"}],"collection":[{"href":"https:\/\/emlaktuel.com\/index.php?rest_route=\/wp\/v2\/posts"}],"about":[{"href":"https:\/\/emlaktuel.com\/index.php?rest_route=\/wp\/v2\/types\/post"}],"author":[{"embeddable":true,"href":"https:\/\/emlaktuel.com\/index.php?rest_route=\/wp\/v2\/users\/1"}],"replies":[{"embeddable":true,"href":"https:\/\/emlaktuel.com\/index.php?rest_route=%2Fwp%2Fv2%2Fcomments&post=5605"}],"version-history":[{"count":1,"href":"https:\/\/emlaktuel.com\/index.php?rest_route=\/wp\/v2\/posts\/5605\/revisions"}],"predecessor-version":[{"id":5606,"href":"https:\/\/emlaktuel.com\/index.php?rest_route=\/wp\/v2\/posts\/5605\/revisions\/5606"}],"wp:featuredmedia":[{"embeddable":true,"href":"https:\/\/emlaktuel.com\/index.php?rest_route=\/wp\/v2\/media\/4746"}],"wp:attachment":[{"href":"https:\/\/emlaktuel.com\/index.php?rest_route=%2Fwp%2Fv2%2Fmedia&parent=5605"}],"wp:term":[{"taxonomy":"category","embeddable":true,"href":"https:\/\/emlaktuel.com\/index.php?rest_route=%2Fwp%2Fv2%2Fcategories&post=5605"},{"taxonomy":"post_tag","embeddable":true,"href":"https:\/\/emlaktuel.com\/index.php?rest_route=%2Fwp%2Fv2%2Ftags&post=5605"}],"curies":[{"name":"wp","href":"https:\/\/api.w.org\/{rel}","templated":true}]}}