{"id":5494,"date":"2016-09-04T11:35:32","date_gmt":"2016-09-04T08:35:32","guid":{"rendered":"http:\/\/emlaktuel.com\/?p=5494"},"modified":"2018-07-05T14:45:30","modified_gmt":"2018-07-05T11:45:30","slug":"nef-kagithane-4-bahcelievler-ve-sancaktepe-projeleri-yolda","status":"publish","type":"post","link":"https:\/\/emlaktuel.com\/?p=5494","title":{"rendered":"Nef Ka\u011f\u0131thane 4, Bah\u00e7elievler ve Sancaktepe projeleri yolda!"},"content":{"rendered":"<h1 class=\"news-detail-title selectionShareable\">Nef Bah\u00e7elievler, Nef Ka\u011f\u0131thane 4 ve Nef Sancaktepe projeleri i\u00e7in \u00f6n talep toplan\u0131yor. Nef Bah\u00e7elievler projesinde sat\u0131\u015flar bu ay i\u00e7erisinde ba\u015flayacak&#8230;<\/h1>\n<div class=\"soc2 nmobilw\">Timur Gayrimenkul, Ka\u011f\u0131thane, Bah\u00e7elievler ve Sancaktepe&#8217;deki projeleri i\u00e7in \u00f6n talep topluyor. Nef Bah\u00e7elievler projesi bu ay i\u00e7erisinde sat\u0131\u015fa sunulacak.<\/div>\n<div>\n<p>1+1, 2+1, 3+1 ve 4+1 dairelerin yer ald\u0131\u011f\u0131 Nef Bah\u00e7elievler projesinde 1000&#8217;den fazla konut planland\u0131. Kale Outlet AVM&#8217;ye yak\u0131n konumda bulunan Nef Bah\u00e7elievler projesi, Real Meydan AVM&#8217;nin yerine yap\u0131l\u0131yor.<\/p>\n<p><img loading=\"lazy\" class=\"alignnone  wp-image-5496\" src=\"http:\/\/emlaktuel.com\/wp-content\/uploads\/2016\/09\/NDMzNTY0MD-nef-kagithane-4-bahcelievler-ve-sancaktepe-projeleri-yolda-300x147.jpg\" alt=\"NDMzNTY0MD-nef-kagithane-4-bahcelievler-ve-sancaktepe-projeleri-yolda\" width=\"549\" height=\"269\" \/><\/p>\n<p>44 bin metrekare alanda hayata ge\u00e7irilen Nef Bah\u00e7elievler projesi, Merter Tekstil Merkezi metro dura\u011f\u0131n\u0131n yan\u0131nda yer al\u0131yor. Konut ve ticari birimlerin olaca\u011f\u0131 Nef Bah\u00e7elievler projesi 2018&#8217;in sonunda teslim edilecek.<\/p>\n<p>Nef Ka\u011f\u0131thane 4 projesi, Nef Ka\u011f\u0131thane 3 ve Nef Ka\u011f\u0131thane 11 projelerinin aras\u0131nda, Ofishane&#8217;nin kar\u015f\u0131s\u0131nda yer al\u0131yor. Axis \u0130stanbul&#8217;a yak\u0131n konumda olan Nef Ka\u011f\u0131thane 4 projesinde \u00e7e\u015fitli b\u00fcy\u00fckl\u00fcklerde 1+1 ve 2+1 daireler olacak.<\/p>\n<p><b>Anadolu yakas\u0131nda ilk proje: Nef Sancaktepe<\/b><\/p>\n<p><img loading=\"lazy\" class=\"alignnone  wp-image-5495\" src=\"http:\/\/emlaktuel.com\/wp-content\/uploads\/2016\/09\/MjgyMDQyNT-nef-kagithane-4-bahcelievler-ve-sancaktepe-projeleri-yolda-300x147.jpg\" alt=\"MjgyMDQyNT-nef-kagithane-4-bahcelievler-ve-sancaktepe-projeleri-yolda\" width=\"545\" height=\"267\" \/><\/p>\n<p>Nef Sancaktepe, Timur Gayrimenkul&#8217;\u00fcn \u0130stanbul Anadolu yakas\u0131ndaki ilk projesi olacak. 2,5 senedir beklenen \u00a0Nef Sancaktepe\u00a0 projesinde sat\u0131\u015flar \u00f6n\u00fcm\u00fczdeki aylarda ba\u015flayacak. Nef Sancaktepe projesinde 1+1 , 2+1 ve 3+1 daireler yer al\u0131yor.<\/p>\n<p>2019 y\u0131l\u0131nda teslim edilmesi planlanan Nef Sancaktepe projesi, \u00dcsk\u00fcdar Veysel Karani metro dura\u011f\u0131n\u0131n yan\u0131nda, Rings \u0130stanbul Evleri&#8217;nin hemen kar\u015f\u0131s\u0131nda kal\u0131yor.<\/p>\n<p>Tel: 444 9 633<\/p>\n<p>Web: http:\/\/www.nef.com.tr<\/p>\n<\/div>\n","protected":false},"excerpt":{"rendered":"<p>Nef Bah\u00e7elievler, Nef Ka\u011f\u0131thane 4 ve Nef Sancaktepe projeleri i\u00e7in \u00f6n talep toplan\u0131yor. Nef Bah\u00e7elievler projesinde sat\u0131\u015flar bu ay i\u00e7erisinde ba\u015flayacak&#8230; Timur Gayrimenkul, Ka\u011f\u0131thane, Bah\u00e7elievler ve Sancaktepe&#8217;deki projeleri i\u00e7in \u00f6n talep topluyor. Nef Bah\u00e7elievler projesi bu ay i\u00e7erisinde sat\u0131\u015fa sunulacak. 1+1, 2+1, 3+1 ve 4+1 dairelerin yer ald\u0131\u011f\u0131 Nef Bah\u00e7elievler projesinde 1000&#8217;den fazla konut planland\u0131. [&hellip;]<\/p>\n","protected":false},"author":1,"featured_media":5496,"comment_status":"open","ping_status":"open","sticky":false,"template":"","format":"standard","meta":{"ngg_post_thumbnail":0},"categories":[26,219],"tags":[183,511,100,98,99,3374,6833,106,825,2653],"_links":{"self":[{"href":"https:\/\/emlaktuel.com\/index.php?rest_route=\/wp\/v2\/posts\/5494"}],"collection":[{"href":"https:\/\/emlaktuel.com\/index.php?rest_route=\/wp\/v2\/posts"}],"about":[{"href":"https:\/\/emlaktuel.com\/index.php?rest_route=\/wp\/v2\/types\/post"}],"author":[{"embeddable":true,"href":"https:\/\/emlaktuel.com\/index.php?rest_route=\/wp\/v2\/users\/1"}],"replies":[{"embeddable":true,"href":"https:\/\/emlaktuel.com\/index.php?rest_route=%2Fwp%2Fv2%2Fcomments&post=5494"}],"version-history":[{"count":1,"href":"https:\/\/emlaktuel.com\/index.php?rest_route=\/wp\/v2\/posts\/5494\/revisions"}],"predecessor-version":[{"id":5497,"href":"https:\/\/emlaktuel.com\/index.php?rest_route=\/wp\/v2\/posts\/5494\/revisions\/5497"}],"wp:featuredmedia":[{"embeddable":true,"href":"https:\/\/emlaktuel.com\/index.php?rest_route=\/wp\/v2\/media\/5496"}],"wp:attachment":[{"href":"https:\/\/emlaktuel.com\/index.php?rest_route=%2Fwp%2Fv2%2Fmedia&parent=5494"}],"wp:term":[{"taxonomy":"category","embeddable":true,"href":"https:\/\/emlaktuel.com\/index.php?rest_route=%2Fwp%2Fv2%2Fcategories&post=5494"},{"taxonomy":"post_tag","embeddable":true,"href":"https:\/\/emlaktuel.com\/index.php?rest_route=%2Fwp%2Fv2%2Ftags&post=5494"}],"curies":[{"name":"wp","href":"https:\/\/api.w.org\/{rel}","templated":true}]}}