{"id":5482,"date":"2016-09-02T11:55:30","date_gmt":"2016-09-02T08:55:30","guid":{"rendered":"http:\/\/emlaktuel.com\/?p=5482"},"modified":"2018-07-05T14:45:21","modified_gmt":"2018-07-05T11:45:21","slug":"apple-turkiyeye-mi-geliyor","status":"publish","type":"post","link":"https:\/\/emlaktuel.com\/?p=5482","title":{"rendered":"Apple T\u00fcrkiye&#8217;ye Mi Geliyor?"},"content":{"rendered":"<div>\n<div id=\"haberdetaybaslik\">\n<h1>\u0130ngiltere ve T\u00fcrkiye, Apple&#8217;a cazip vergi avantajlar\u0131 sa\u011flayarak \u00fclkesine \u00e7ekmek istiyor. AB \u00fcyeli\u011finden ge\u00e7ti\u011fimiz aylarda \u00e7\u0131kan \u0130ngiltere ve AB \u00fcyesi olmayan T\u00fcrkiye, Apple&#8217;a AB b\u00fcrokrasisi ile u\u011fra\u015fmama ve cazip vergi indirimleri vaad ediyor.<\/h1>\n<div>\n<div><span id=\"li_ui_li_gen_1472893313300_0\"><span id=\"li_ui_li_gen_1472893313300_0-logo\"><\/span><\/span><span style=\"color: #2e2e2e;\">Teknoloji devi Apple&#8217;a, \u0130rlanda&#8217;daki vergi avantajlar\u0131n\u0131 k\u00f6t\u00fcye kullanmas\u0131ndan dolay\u0131 verilen 13 milyar euroluk cezan\u0131n ard\u0131ndan \u0130ngiltere ve T\u00fcrkiye Apple&#8217;\u0131 \u00fclkelerine davet etti. \u0130ngiltere&#8217;nin cazip vergi avantajlar\u0131 ile Apple&#8217;\u0131n \u00fcretimlerine \u0130ngiltere&#8217;de devam etmesi i\u00e7in teklif yap\u0131laca\u011f\u0131 iddia edilirken, T\u00fcrkiye&#8217;nin Ekonomiden Sorumlu Ba\u015fbakan Yard\u0131mc\u0131s\u0131 Mehmet \u015eim\u015fek, Twitter \u00fczerinden yapt\u0131\u011f\u0131 a\u00e7\u0131klamada Apple&#8217;\u0131 T\u00fcrkiye&#8217;ye davet etti.<\/p>\n<p>Yap\u0131lan referandum ile AB \u00fcyeli\u011finden \u00e7\u0131kan \u0130ngiltere, AB Komisyonu taraf\u0131ndan cezaya \u00e7arpt\u0131r\u0131lan Apple&#8217;a yapaca\u011f\u0131 \u00f6zel vergi avantajlar\u0131 ile \u00fclkesinde \u00fcretim yapmas\u0131n\u0131 sa\u011flamay\u0131 planl\u0131yor. AB \u00fcyesi olmayan \u0130ngiltere, AB&#8217;nin \u015fartlar\u0131na ba\u011fl\u0131 kalmayaca\u011f\u0131 i\u00e7in \u00e7ok \u00f6zel vergi indirimleri sa\u011flayabilece\u011fi iddia ediliyor. \u0130ddian\u0131n kayna\u011f\u0131 ise \u0130ngiltere&#8217;nin k\u00f6kl\u00fc gazeteleri. Apple i\u00e7in devrede olan di\u011fer bir \u00fclke ise \u00fclkemiz T\u00fcrkiye. T\u00fcrkiye&#8217;de AB \u00fcyesi olmaman\u0131n avantajlar\u0131n\u0131 kullanma pe\u015finde. Bir\u00e7ok ekonomik reforma imza atan T\u00fcrkiye, \u015fimdi de Apple&#8217;\u0131n T\u00fcrkiye&#8217;de yat\u0131r\u0131m yapmas\u0131n\u0131 sa\u011flayarak binlerce ki\u015fiye istihdam sa\u011flama d\u00fc\u015f\u00fcncesinde.\u00a0T\u00fcrkiye&#8217;nin Ekonomiden Sorumlu Ba\u015fbakan Yard\u0131mc\u0131s\u0131 Mehmet \u015eim\u015fek, bu d\u00fc\u015f\u00fcncesini de a\u00e7\u0131k\u00e7a ifade etti. Mehmet \u015eim\u015fek, Twitter \u00fczerinden yapt\u0131\u011f\u0131 a\u00e7\u0131klamada, Apple&#8217;\u0131n ceza yedi\u011fi haberi yay\u0131nlayarak not olarak, Apple&#8217;\u0131 T\u00fcrkiye&#8217;ye davet etti. T\u00fcrkiye&#8217;de Apple&#8217;a \u00e7ok cazip vergi avantajlar\u0131n\u0131 sa\u011flayabileceklerini ifade eden Mehmet \u015eim\u015fek, bu sayede AB&#8217;nin b\u00fcrokrasisi ile u\u011fra\u015fmak zorunda kalmayaca\u011f\u0131n\u0131 yazd\u0131.<\/p>\n<p>Apple&#8217;\u0131n Avrupa Birli\u011fi Komisyonu&#8217;nun verdi\u011fi ceza i\u00e7in itiraz edece\u011fi, itiraz\u0131n reddedilmesi durumunda ise ba\u015fka bir \u00fclkede yat\u0131r\u0131mlar\u0131na devam edilece\u011fi konu\u015fuluyor. \u0130rlanda h\u00fckumeti de AB&#8217;nin verdi\u011fi cezaya tepki g\u00f6stererek, yasa d\u0131\u015f\u0131 bir \u015fey olmad\u0131\u011f\u0131n\u0131 a\u00e7\u0131klam\u0131\u015ft\u0131.<\/span><\/div>\n<\/div>\n<\/div>\n<\/div>\n<div><\/div>\n","protected":false},"excerpt":{"rendered":"<p>\u0130ngiltere ve T\u00fcrkiye, Apple&#8217;a cazip vergi avantajlar\u0131 sa\u011flayarak \u00fclkesine \u00e7ekmek istiyor. AB \u00fcyeli\u011finden ge\u00e7ti\u011fimiz aylarda \u00e7\u0131kan \u0130ngiltere ve AB \u00fcyesi olmayan T\u00fcrkiye, Apple&#8217;a AB b\u00fcrokrasisi ile u\u011fra\u015fmama ve cazip vergi indirimleri vaad ediyor. Teknoloji devi Apple&#8217;a, \u0130rlanda&#8217;daki vergi avantajlar\u0131n\u0131 k\u00f6t\u00fcye kullanmas\u0131ndan dolay\u0131 verilen 13 milyar euroluk cezan\u0131n ard\u0131ndan \u0130ngiltere ve T\u00fcrkiye Apple&#8217;\u0131 \u00fclkelerine davet etti. [&hellip;]<\/p>\n","protected":false},"author":1,"featured_media":5483,"comment_status":"open","ping_status":"open","sticky":false,"template":"","format":"standard","meta":{"ngg_post_thumbnail":0},"categories":[26],"tags":[32,11360,3370,40,3371,7659,11322,316,217,96],"_links":{"self":[{"href":"https:\/\/emlaktuel.com\/index.php?rest_route=\/wp\/v2\/posts\/5482"}],"collection":[{"href":"https:\/\/emlaktuel.com\/index.php?rest_route=\/wp\/v2\/posts"}],"about":[{"href":"https:\/\/emlaktuel.com\/index.php?rest_route=\/wp\/v2\/types\/post"}],"author":[{"embeddable":true,"href":"https:\/\/emlaktuel.com\/index.php?rest_route=\/wp\/v2\/users\/1"}],"replies":[{"embeddable":true,"href":"https:\/\/emlaktuel.com\/index.php?rest_route=%2Fwp%2Fv2%2Fcomments&post=5482"}],"version-history":[{"count":1,"href":"https:\/\/emlaktuel.com\/index.php?rest_route=\/wp\/v2\/posts\/5482\/revisions"}],"predecessor-version":[{"id":5484,"href":"https:\/\/emlaktuel.com\/index.php?rest_route=\/wp\/v2\/posts\/5482\/revisions\/5484"}],"wp:featuredmedia":[{"embeddable":true,"href":"https:\/\/emlaktuel.com\/index.php?rest_route=\/wp\/v2\/media\/5483"}],"wp:attachment":[{"href":"https:\/\/emlaktuel.com\/index.php?rest_route=%2Fwp%2Fv2%2Fmedia&parent=5482"}],"wp:term":[{"taxonomy":"category","embeddable":true,"href":"https:\/\/emlaktuel.com\/index.php?rest_route=%2Fwp%2Fv2%2Fcategories&post=5482"},{"taxonomy":"post_tag","embeddable":true,"href":"https:\/\/emlaktuel.com\/index.php?rest_route=%2Fwp%2Fv2%2Ftags&post=5482"}],"curies":[{"name":"wp","href":"https:\/\/api.w.org\/{rel}","templated":true}]}}