{"id":5182,"date":"2016-08-29T13:04:43","date_gmt":"2016-08-29T10:04:43","guid":{"rendered":"http:\/\/emlaktuel.com\/?p=5182"},"modified":"2018-07-05T14:42:55","modified_gmt":"2018-07-05T11:42:55","slug":"metropol-istanbul-cityscape-dubai-2016ya-katiliyor","status":"publish","type":"post","link":"https:\/\/emlaktuel.com\/?p=5182","title":{"rendered":"Metropol \u0130stanbul, Cityscape Dubai 2016&#8217;ya kat\u0131l\u0131yor!"},"content":{"rendered":"<p>\u0130stanbul Finans Merkezi&#8217;nin yan\u0131nda y\u00fckselen ve daha \u00f6nce reklam y\u00fcz\u00fc Jennifer Lopez olan Metropol \u0130stanbul, Dubai Cityscape 2016\u2019ya kat\u0131lacak.<\/p>\n<p>Bir d\u00f6nem reklam y\u00fcz\u00fc Jennifer Lopez olan, Uluslararas\u0131 \u0130stanbul Finans Merkezi&#8217;ne kom\u015fu konumda yer alan ve ticareti, finans\u0131, modas\u0131yla modern ya\u015fam\u0131n t\u00fcm unsurlar\u0131n\u0131 birle\u015ftiren Metropol \u0130stanbul, bu y\u0131l 6- 8 Eyl\u00fcl 2016 tarihlerinde Dubai&#8217;de d\u00fczenlenecek Cityscape Fuar\u0131&#8217;na kat\u0131l\u0131yor. Emlak Konut GYO g\u00fcvencesiyle, T\u00fcrkiye&#8217;de in\u015faat sekt\u00f6r\u00fcn\u00fcn \u00f6nde gelen \u015firketleri Varyap- Gap \u0130n\u015faat Ortak Giri\u015fim taraf\u0131ndan ticareti, finans\u0131, moday\u0131 ve modern ya\u015fam\u0131n t\u00fcm unsurlar\u0131n\u0131 birle\u015ftiren bir karma proje olarak in\u015fa edilen Metropol \u0130stanbul; bu y\u0131l 6-8 Eyl\u00fcl 2016 tarihlerinde Dubai&#8217;de d\u00fczenlenecek in\u015faat sekt\u00f6r\u00fcn\u00fcn \u00f6nemli fuarlar\u0131ndan biri olan Cityscape&#8217;deki yerini al\u0131yor.<\/p>\n<p>Tarihi metropole de\u011fer katma hedefiyle yola \u00e7\u0131kan Metropol \u0130stanbul, \u0130stanbul&#8217;un yeni finans ve ya\u015fam merkezi Anadolu yakas\u0131n\u0131n konut ve ofis projeleriyle g\u00f6z kama\u015ft\u0131ran yerle\u015fim merkezi Ata\u015fehir&#8217;de, \u0130stanbul Uluslararas\u0131 Finans Merkezi&#8217;ne kom\u015fu bir konumda bulunuyor. Yakla\u015f\u0131k 750 bin metrekare in\u015faat alan\u0131na sahip Metropol \u0130stanbul rezidans ve ofis b\u00f6l\u00fcmlerinin yan\u0131 s\u0131ra d\u00fcnyan\u0131n \u00f6nde gelen moda markalar\u0131n\u0131 bulu\u015fturmaya haz\u0131rlanan al\u0131\u015fveri\u015f alanlar\u0131 ve sundu\u011fu sosyal imkanlar ile Cityscape&#8217;in yo\u011fun ilgi g\u00f6recek projelerinden olmaya aday.<\/p>\n<p>Gap \u0130n\u015faat Y\u00f6netim Kurulu Ba\u015fkan Yard\u0131mc\u0131s\u0131 Abi\u015f Hopiko\u011flu \u201cG\u00fcn\u00fcm\u00fcz b\u00fcy\u00fck\u015fehir insan\u0131n\u0131n \u00e7a\u011fda\u015f ya\u015fam dinamikleri ve ihtiya\u00e7lar\u0131 g\u00f6z \u00f6n\u00fcnde bulundurularak titizlikle tasarlanan Metropol \u0130stanbul projemizi bu y\u0131l 6-8 Eyl\u00fcl tarihlerinde d\u00fczenlenecek Dubai Cityscape fuar\u0131nda tan\u0131tacak olmaktan b\u00fcy\u00fck mutluluk duyuyoruz. Fuar boyunca K\u00f6rfez yat\u0131r\u0131mc\u0131s\u0131na \u0130stanbul Uluslararas\u0131 Finans Merkezi&#8217;ne kom\u015fu olman\u0131n t\u00fcm avantajlar\u0131n\u0131 sunan projemizi yak\u0131ndan tan\u0131tmay\u0131 hedefliyoruz\u201d dedi.<\/p>\n<p>Varyap Y\u00f6netim Kurulu Ba\u015fkan Yard\u0131mc\u0131s\u0131 Erdin\u00e7 Varl\u0131ba\u015f ise konu ile ilgili olarak \u015funlar\u0131 s\u00f6yledi \u201cDo\u011fu Ata\u015fehir&#8217;de y\u00fckselmekte olan Metropol \u0130stanbul, antensiz 250 metre y\u00fcksekli\u011findeki kulesi ile hem T\u00fcrkiye&#8217;nin hem de Avrupa&#8217;n\u0131n ikonik projelerinden biri olmaya aday. Yakla\u015f\u0131k 750 bin metrekare in\u015faat alan\u0131na sahip projemiz ile Dubai Cityscape&#8217;e kat\u0131larak, b\u00f6ylesine iddial\u0131 bir proje ile T\u00fcrkiye gayrimenkul sekt\u00f6r\u00fcn\u00fc temsil edecek olman\u0131n heyecan ve gururunu ta\u015f\u0131yoruz\u201d<\/p>\n<p>Hopiko\u011flu ve Varl\u0131ba\u015f, Cityscape Fuar\u0131 boyunca T\u00fcrkiye&#8217;deki gayrimenkul sekt\u00f6r\u00fcn\u00fcn g\u00fcc\u00fc ve potansiyelini uluslararas\u0131 d\u00fczeyde tan\u0131tman\u0131n yan\u0131 s\u0131ra, K\u00f6rfez yat\u0131r\u0131mc\u0131lar\u0131n\u0131n \u00fclkemizdeki konut ya da ofis projelerine duyduklar\u0131 ilgiyi daha da art\u0131rarak; ekonomiye katk\u0131da bulunmay\u0131 hedeflediklerini de vurgulad\u0131lar.<\/p>\n","protected":false},"excerpt":{"rendered":"<p>\u0130stanbul Finans Merkezi&#8217;nin yan\u0131nda y\u00fckselen ve daha \u00f6nce reklam y\u00fcz\u00fc Jennifer Lopez olan Metropol \u0130stanbul, Dubai Cityscape 2016\u2019ya kat\u0131lacak. Bir d\u00f6nem reklam y\u00fcz\u00fc Jennifer Lopez olan, Uluslararas\u0131 \u0130stanbul Finans Merkezi&#8217;ne kom\u015fu konumda yer alan ve ticareti, finans\u0131, modas\u0131yla modern ya\u015fam\u0131n t\u00fcm unsurlar\u0131n\u0131 birle\u015ftiren Metropol \u0130stanbul, bu y\u0131l 6- 8 Eyl\u00fcl 2016 tarihlerinde Dubai&#8217;de d\u00fczenlenecek Cityscape [&hellip;]<\/p>\n","protected":false},"author":1,"featured_media":5183,"comment_status":"open","ping_status":"open","sticky":false,"template":"","format":"standard","meta":{"ngg_post_thumbnail":0},"categories":[221,1,26,97],"tags":[11556,3209,459,73,894,3208,11246,11539,11557,3496],"_links":{"self":[{"href":"https:\/\/emlaktuel.com\/index.php?rest_route=\/wp\/v2\/posts\/5182"}],"collection":[{"href":"https:\/\/emlaktuel.com\/index.php?rest_route=\/wp\/v2\/posts"}],"about":[{"href":"https:\/\/emlaktuel.com\/index.php?rest_route=\/wp\/v2\/types\/post"}],"author":[{"embeddable":true,"href":"https:\/\/emlaktuel.com\/index.php?rest_route=\/wp\/v2\/users\/1"}],"replies":[{"embeddable":true,"href":"https:\/\/emlaktuel.com\/index.php?rest_route=%2Fwp%2Fv2%2Fcomments&post=5182"}],"version-history":[{"count":1,"href":"https:\/\/emlaktuel.com\/index.php?rest_route=\/wp\/v2\/posts\/5182\/revisions"}],"predecessor-version":[{"id":5184,"href":"https:\/\/emlaktuel.com\/index.php?rest_route=\/wp\/v2\/posts\/5182\/revisions\/5184"}],"wp:featuredmedia":[{"embeddable":true,"href":"https:\/\/emlaktuel.com\/index.php?rest_route=\/wp\/v2\/media\/5183"}],"wp:attachment":[{"href":"https:\/\/emlaktuel.com\/index.php?rest_route=%2Fwp%2Fv2%2Fmedia&parent=5182"}],"wp:term":[{"taxonomy":"category","embeddable":true,"href":"https:\/\/emlaktuel.com\/index.php?rest_route=%2Fwp%2Fv2%2Fcategories&post=5182"},{"taxonomy":"post_tag","embeddable":true,"href":"https:\/\/emlaktuel.com\/index.php?rest_route=%2Fwp%2Fv2%2Ftags&post=5182"}],"curies":[{"name":"wp","href":"https:\/\/api.w.org\/{rel}","templated":true}]}}