{"id":5176,"date":"2016-08-29T13:01:01","date_gmt":"2016-08-29T10:01:01","guid":{"rendered":"http:\/\/emlaktuel.com\/?p=5176"},"modified":"2018-07-05T14:42:51","modified_gmt":"2018-07-05T11:42:51","slug":"vadi-mudanya-evlerinde-teslimler-basladi","status":"publish","type":"post","link":"https:\/\/emlaktuel.com\/?p=5176","title":{"rendered":"Vadi Mudanya Evleri&#8217;nde teslimler ba\u015flad\u0131!"},"content":{"rendered":"<h1 class=\"news-detail-title selectionShareable\">Ege tarz\u0131 villa konseptli olarak in\u015fa edilen Vadi Mudanya Evleri&#8217;nde 1. Etapta teslimatlar ba\u015flad\u0131. Vadi Mudanya Evleri&#8217;nde ya\u015fam \u00e7ok yak\u0131nda ba\u015fl\u0131yor<\/h1>\n<div>\n<p>Bursa Mudanya i\u00e7indeki yo\u011fun trafi\u011fe girmeden, kolayl\u0131kla ula\u015fabilecek lokasyonu ile Mudanya&#8217;n\u0131n tam kalbinde, kent merkezine, Budo iskelesine, yeni yap\u0131lacak marina ve iskelelere 3 dk y\u00fcr\u00fcme mesafesinde tatil k\u00f6y\u00fc anlay\u0131\u015f\u0131yla tek konut projesi olan Vadi Mudanya Evleri, konuklar\u0131n\u0131 yeni bir hayata davet ediyor.<\/p>\n<h2>DO\u011eAYLA DOST<\/h2>\n<p>Mudanya Yap\u0131 in\u015faat Genel Koord\u0131 nat\u00f6\u0131 \u00fc Kenan S\u00fcl\u00fcn: U\u00e7suz bucaks\u0131z ye\u015fillikler i\u00e7inde kurulan Vadi Mudanya Evleri&#8217;ni, yatay mimari yap\u0131s\u0131yla do\u011faya h\u00fckmetmeden, do\u011fayla dost bir anlay\u0131\u015fla in\u015fa ettikler ini belirtti. Ah\u015fap ve ta\u015f i\u015f\u00e7ili\u011finin en iyi \u015fekilde uyguland\u0131\u011f\u0131 Mudanya&#8217;n\u0131n ilk ve tek az katl\u0131, bah\u00e7eli, dubleks dailerin, sadece bir ev de\u011fil i\u00e7inde hayat\u0131n oldu\u011fu bir ya\u015fam vaat etti\u011fini s\u00f6zlerine ekleyen S\u00fcl\u00fcn. &#8220;Vadi Mudanya&#8217;da ya\u015famak demek Mudanya&#8217;n\u0131n sahilinde uzun y\u00fcr\u00fcy\u00fc\u015fler yapmak, yeni yap\u0131lacak marinada hayat\u0131n farkl\u0131 lezzetlerini ke\u015ffetmek, her yere y\u00fcr\u00fcy\u00fc\u015f mesafesi kadar yak\u0131n olmak demektir&#8221; dedi.<\/p>\n<h2>FARKLI B\u0130R YA\u015eAM<\/h2>\n<p>Vadi Mudanya Evleri ile hem geleneksel hem de \u00e7a\u011fda\u015f ya\u015fam\u0131 bir arada sunduklar\u0131n\u0131 ifade eden ve \u015fehrin karga\u015fas\u0131nda, stresli ve yorucu g\u00fcndelik hayatta, gri binalar\u0131n i\u00e7inde bo\u011fuldunuz. Art\u0131k hayat\u0131n\u0131z\u0131n rotas\u0131n\u0131 de\u011fi\u015ftirmenin zaman\u0131 gelmedi mi? diye soran Mudanya Yap\u0131 \u0130n\u015faat Genel Koordinat\u00f6r\u00fc Kenan S\u00fcl\u00fcn, insanlar\u0131n farkl\u0131 bir ya\u015fam aray\u0131\u015f\u0131na cevap verdiklerini belirtti. &#8216;Vadi Mudanya Evleri sakinleri bu g\u00fczel \u015fehri terk etmeden hayalini kurduklar\u0131 sahil hayat\u0131n\u0131 4 mevsim ku\u015f sesleri aras\u0131nda ya\u015famaya \u00e7ok k\u0131sa s\u00fcrede ba\u015flayacak&#8221; diye konu\u015ftu.<\/p>\n<p>Web: <a href=\"http:\/\/www.vadimudanya.com\">www.vadimudanya.com<\/a><\/p>\n<p>H\u00fcrriyet Bursa Ek<\/p>\n<\/div>\n","protected":false},"excerpt":{"rendered":"<p>Ege tarz\u0131 villa konseptli olarak in\u015fa edilen Vadi Mudanya Evleri&#8217;nde 1. Etapta teslimatlar ba\u015flad\u0131. Vadi Mudanya Evleri&#8217;nde ya\u015fam \u00e7ok yak\u0131nda ba\u015fl\u0131yor Bursa Mudanya i\u00e7indeki yo\u011fun trafi\u011fe girmeden, kolayl\u0131kla ula\u015fabilecek lokasyonu ile Mudanya&#8217;n\u0131n tam kalbinde, kent merkezine, Budo iskelesine, yeni yap\u0131lacak marina ve iskelelere 3 dk y\u00fcr\u00fcme mesafesinde tatil k\u00f6y\u00fc anlay\u0131\u015f\u0131yla tek konut projesi olan Vadi [&hellip;]<\/p>\n","protected":false},"author":1,"featured_media":5177,"comment_status":"open","ping_status":"open","sticky":false,"template":"","format":"standard","meta":{"ngg_post_thumbnail":0},"categories":[219],"tags":[11276,11242,11183,10655,11555,11113,11117],"_links":{"self":[{"href":"https:\/\/emlaktuel.com\/index.php?rest_route=\/wp\/v2\/posts\/5176"}],"collection":[{"href":"https:\/\/emlaktuel.com\/index.php?rest_route=\/wp\/v2\/posts"}],"about":[{"href":"https:\/\/emlaktuel.com\/index.php?rest_route=\/wp\/v2\/types\/post"}],"author":[{"embeddable":true,"href":"https:\/\/emlaktuel.com\/index.php?rest_route=\/wp\/v2\/users\/1"}],"replies":[{"embeddable":true,"href":"https:\/\/emlaktuel.com\/index.php?rest_route=%2Fwp%2Fv2%2Fcomments&post=5176"}],"version-history":[{"count":1,"href":"https:\/\/emlaktuel.com\/index.php?rest_route=\/wp\/v2\/posts\/5176\/revisions"}],"predecessor-version":[{"id":5178,"href":"https:\/\/emlaktuel.com\/index.php?rest_route=\/wp\/v2\/posts\/5176\/revisions\/5178"}],"wp:featuredmedia":[{"embeddable":true,"href":"https:\/\/emlaktuel.com\/index.php?rest_route=\/wp\/v2\/media\/5177"}],"wp:attachment":[{"href":"https:\/\/emlaktuel.com\/index.php?rest_route=%2Fwp%2Fv2%2Fmedia&parent=5176"}],"wp:term":[{"taxonomy":"category","embeddable":true,"href":"https:\/\/emlaktuel.com\/index.php?rest_route=%2Fwp%2Fv2%2Fcategories&post=5176"},{"taxonomy":"post_tag","embeddable":true,"href":"https:\/\/emlaktuel.com\/index.php?rest_route=%2Fwp%2Fv2%2Ftags&post=5176"}],"curies":[{"name":"wp","href":"https:\/\/api.w.org\/{rel}","templated":true}]}}