{"id":5161,"date":"2016-08-29T12:55:51","date_gmt":"2016-08-29T09:55:51","guid":{"rendered":"http:\/\/emlaktuel.com\/?p=5161"},"modified":"2018-07-05T14:42:44","modified_gmt":"2018-07-05T11:42:44","slug":"basaksehir-merkez-carsidan-6-saatte-122-milyon-tllik-rekor-satis","status":"publish","type":"post","link":"https:\/\/emlaktuel.com\/?p=5161","title":{"rendered":"Ba\u015fak\u015fehir Merkez \u00c7ar\u015f\u0131&#8217;dan 6 saatte 122 milyon TL&#8217;lik rekor sat\u0131\u015f!"},"content":{"rendered":"<h1 class=\"news-detail-title selectionShareable\">Ba\u015fak\u015fehir Merkez \u00c7ar\u015f\u0131&#8217;da yer alan 252 d\u00fckkan i\u00e7in bug\u00fcn y\u00fczlerce ki\u015fi ihaleye girerek yar\u0131\u015ft\u0131. Fiyatlar\u0131 150 bin lirayla 9 milyon lira aras\u0131nda de\u011fi\u015fen d\u00fckkanlar\u0131n 165&#8217;i, 6 saatte toplam 122 milyon 260 bin liraya sat\u0131ld\u0131<\/h1>\n<p>&nbsp;<\/p>\n<div>\n<p>Makro-Akyap\u0131 Ortak Giri\u015fimi taraf\u0131ndan Emlak Konut Gayrimenkul Yat\u0131r\u0131m Ortakl\u0131\u011f\u0131 (GYO) Gelir Payla\u015f\u0131m\u0131 Modeli ile in\u015fa edilen Ba\u015fak\u015fehir Merkez \u00c7ar\u015f\u0131&#8217;da yer alan 252 d\u00fckkan i\u00e7in bug\u00fcn y\u00fczlerce ki\u015fi ihaleye girerek yar\u0131\u015ft\u0131. Fiyatlar\u0131 150 bin lirayla 9 milyon lira aras\u0131nda de\u011fi\u015fen d\u00fckkanlar\u0131n 165&#8217;i, 6 saatte toplam 122 milyon 260 bin liraya sat\u0131ld\u0131.<\/p>\n<p><img loading=\"lazy\" class=\"alignnone  wp-image-5162\" src=\"http:\/\/emlaktuel.com\/wp-content\/uploads\/2016\/08\/NDEzMTMxMT-basaksehir-merkez-carsidan-6-saatte-122-milyon-tllik-ciro-300x192.jpg\" alt=\"NDEzMTMxMT-basaksehir-merkez-carsidan-6-saatte-122-milyon-tllik-ciro\" width=\"647\" height=\"414\" \/><\/p>\n<p>Makro-Akyap\u0131 Ortak Giri\u015fimi \u0130cra Kurulu Ba\u015fkan\u0131 Ercan Uyan, konuya ili\u015fkin yapt\u0131\u011f\u0131 a\u00e7\u0131klamada, 15 Temmuz darbe giri\u015fimi, ter\u00f6r olaylar\u0131 ve Suriye&#8217;deki mevcut duruma ra\u011fmen rekabet i\u00e7in ihale salonunu dolduran y\u00fczlerce ki\u015finin, in\u015faat sekt\u00f6r\u00fc ve ekonomi ad\u0131na ciddi bir g\u00f6sterge oldu\u011funu belirtti.<\/p>\n<p>Uyan, beklenenin \u00fczerinde ger\u00e7ekle\u015fen kat\u0131l\u0131m ve 6 saatte elde edilen 122 milyon liran\u0131n \u00fczerindeki cironun in\u015faat sekt\u00f6r\u00fc a\u00e7\u0131s\u0131ndan moral verici oldu\u011funu ifade etti.<\/p>\n<p><img loading=\"lazy\" class=\"alignnone  wp-image-5163\" src=\"http:\/\/emlaktuel.com\/wp-content\/uploads\/2016\/08\/ODkxNDE3OD-basaksehir-merkez-carsidan-6-saatte-122-milyon-tllik-ciro-300x200.jpg\" alt=\"ODkxNDE3OD-basaksehir-merkez-carsidan-6-saatte-122-milyon-tllik-ciro\" width=\"644\" height=\"429\" \/><\/p>\n<h2>&#8220;Halk\u0131m\u0131z \u00fclkemizin gelecek 10 y\u0131l\u0131na inand\u0131&#8221;<\/h2>\n<p>A\u00e7\u0131k art\u0131rma \u00f6ncesi \u00e7evrelerinden 15 Temmuz, ter\u00f6r olaylar\u0131 ve Suriye&#8217;deki durum sonras\u0131 girilen d\u00f6nemde ilginin d\u00fc\u015f\u00fck olabilece\u011fi, a\u00e7\u0131k art\u0131rmay\u0131 yapman\u0131n do\u011fru olmad\u0131\u011f\u0131 uyar\u0131lar\u0131 ald\u0131klar\u0131n\u0131 aktaran Uyan, \u015funlar\u0131 kaydetti: &#8220;Biz de t\u0131pk\u0131 ihale salonunu dolduran vatanda\u015flar\u0131m\u0131z gibi \u00fclkemizin yar\u0131nlar\u0131na g\u00fcvendik. G\u00fcvenimizi de k\u00fc\u00e7\u00fck bir daire bile sat\u0131n al\u0131namayacak fiyatlarla d\u00fckkanlar\u0131m\u0131z\u0131 sat\u0131\u015fa koyarak g\u00f6sterdik. Halk\u0131m\u0131z da tevecc\u00fch ederek bu fiyatlar ve Emlak Konut GYO&#8217;nun tarihi kampanyas\u0131n\u0131n ko\u015fullar\u0131yla d\u00fckkanlar\u0131m\u0131z\u0131 ald\u0131. Halk\u0131m\u0131z \u00fclkemizin gelecek 10 y\u0131l\u0131na inand\u0131. Bence 15 Temmuz, ter\u00f6r olaylar\u0131 ve Suriye&#8217;deki durum sonras\u0131 ekonomimiz bu salonda g\u00fcven tazeledi. \u00dclkemize, ekonomimize ve yar\u0131nlar\u0131m\u0131za g\u00fcvenen t\u00fcm halk\u0131m\u0131z ad\u0131na hay\u0131rl\u0131, u\u011furlu olmas\u0131n\u0131 diliyorum.&#8221;<\/p>\n<p>Emlak Konut GYO&#8217;nun tarihi kampanyas\u0131n\u0131n halk\u0131n g\u00fcveni \u00fczerinde \u00f6nemli bir etkisi oldu\u011funu vcurgulayan Uyan, &#8220;Emlak Konut GYO \u00fclkemizin yar\u0131nlar\u0131na inanan, g\u00fcvenen vatanda\u015flar\u0131m\u0131z i\u00e7in \u00f6demeleri 10 y\u0131la yayd\u0131. T\u00dcFE ya da y\u00fczde 0,70 sabit vadenin yan\u0131 s\u0131ra T\u00dcFE oran\u0131n\u0131 y\u0131ll\u0131k y\u00fczde 10 ile s\u0131n\u0131rland\u0131rarak enflasyonunun y\u00fczde 10&#8217;un \u00fczerine \u00e7\u0131kmas\u0131 durumunda fark almayaca\u011f\u0131n\u0131 taahh\u00fct etti. Bu \u00fclkemiz ve ekonomi ad\u0131na \u00f6nemli bir hamledir. Emlak Konut\u2019un kampanyas\u0131na dahil olan Ba\u015fak\u015fehir Merkez \u00c7ar\u015f\u0131\u2019daki d\u00fckkanlar hem sundu\u011fu f\u0131rsatla hem de g\u00f6sterdi\u011fi g\u00fcvenle tarihi kampanyadan pay\u0131n\u0131 ald\u0131. Bu fiyatlar ve \u00f6deme ko\u015fullar\u0131yla \u00f6zellikle orta gelir grubundaki vatanda\u015flar\u0131m\u0131z\u0131n da yar\u0131nlar\u0131na yat\u0131r\u0131m yapabilmesi ad\u0131na tarihi bir \u015fans olu\u015fturdu\u011fumuzu d\u00fc\u015f\u00fcn\u00fcyoruz. Salondan da anla\u015f\u0131laca\u011f\u0131 \u00fczere \u00fclkemizin yar\u0131nlar\u0131na g\u00fcvenen vatanda\u015flar\u0131m\u0131z bu f\u0131rsat\u0131 g\u00f6rd\u00fc ve yat\u0131r\u0131m\u0131n\u0131 yapt\u0131.&#8221; ifadelerini kulland\u0131.<\/p>\n<p>Ba\u015fak\u015fehir Merkez \u00c7ar\u015f\u0131, \u00f6zel hastane, botanik \u015fehir park\u0131 ve \u0130kitelli Entegre Sa\u011fl\u0131k Kamp\u00fcs\u00fc yolu, tramvay dura\u011f\u0131, meydan ve resmi kurum alanlar\u0131n\u0131n bulundu\u011fu 7 g\u00fcn 24 saat ya\u015fayacak bir yaya ve ara\u00e7 trafi\u011fine sahip bir konumda in\u015fa ediliyor.<\/p>\n<p>Makro-Akyap\u0131 Ortak Giri\u015fimi taraf\u0131ndan Emlak Konut (GYO) Gelir Payla\u015f\u0131m\u0131 Modeli ile in\u015fa edilen projenin, Haziran 2018&#8217;de teslim edilmesi planlan\u0131yor.<\/p>\n<\/div>\n","protected":false},"excerpt":{"rendered":"<p>Ba\u015fak\u015fehir Merkez \u00c7ar\u015f\u0131&#8217;da yer alan 252 d\u00fckkan i\u00e7in bug\u00fcn y\u00fczlerce ki\u015fi ihaleye girerek yar\u0131\u015ft\u0131. Fiyatlar\u0131 150 bin lirayla 9 milyon lira aras\u0131nda de\u011fi\u015fen d\u00fckkanlar\u0131n 165&#8217;i, 6 saatte toplam 122 milyon 260 bin liraya sat\u0131ld\u0131 &nbsp; Makro-Akyap\u0131 Ortak Giri\u015fimi taraf\u0131ndan Emlak Konut Gayrimenkul Yat\u0131r\u0131m Ortakl\u0131\u011f\u0131 (GYO) Gelir Payla\u015f\u0131m\u0131 Modeli ile in\u015fa edilen Ba\u015fak\u015fehir Merkez \u00c7ar\u015f\u0131&#8217;da yer [&hellip;]<\/p>\n","protected":false},"author":1,"featured_media":4271,"comment_status":"open","ping_status":"open","sticky":false,"template":"","format":"standard","meta":{"ngg_post_thumbnail":0},"categories":[221,26,27],"tags":[2373,2987,3203,3202,459,11201,550,1258,11200,11228,11098,2248],"_links":{"self":[{"href":"https:\/\/emlaktuel.com\/index.php?rest_route=\/wp\/v2\/posts\/5161"}],"collection":[{"href":"https:\/\/emlaktuel.com\/index.php?rest_route=\/wp\/v2\/posts"}],"about":[{"href":"https:\/\/emlaktuel.com\/index.php?rest_route=\/wp\/v2\/types\/post"}],"author":[{"embeddable":true,"href":"https:\/\/emlaktuel.com\/index.php?rest_route=\/wp\/v2\/users\/1"}],"replies":[{"embeddable":true,"href":"https:\/\/emlaktuel.com\/index.php?rest_route=%2Fwp%2Fv2%2Fcomments&post=5161"}],"version-history":[{"count":1,"href":"https:\/\/emlaktuel.com\/index.php?rest_route=\/wp\/v2\/posts\/5161\/revisions"}],"predecessor-version":[{"id":5164,"href":"https:\/\/emlaktuel.com\/index.php?rest_route=\/wp\/v2\/posts\/5161\/revisions\/5164"}],"wp:featuredmedia":[{"embeddable":true,"href":"https:\/\/emlaktuel.com\/index.php?rest_route=\/wp\/v2\/media\/4271"}],"wp:attachment":[{"href":"https:\/\/emlaktuel.com\/index.php?rest_route=%2Fwp%2Fv2%2Fmedia&parent=5161"}],"wp:term":[{"taxonomy":"category","embeddable":true,"href":"https:\/\/emlaktuel.com\/index.php?rest_route=%2Fwp%2Fv2%2Fcategories&post=5161"},{"taxonomy":"post_tag","embeddable":true,"href":"https:\/\/emlaktuel.com\/index.php?rest_route=%2Fwp%2Fv2%2Ftags&post=5161"}],"curies":[{"name":"wp","href":"https:\/\/api.w.org\/{rel}","templated":true}]}}