{"id":50988,"date":"2026-09-03T21:09:32","date_gmt":"2026-09-03T18:09:32","guid":{"rendered":"https:\/\/emlaktuel.com\/?p=50988"},"modified":"2026-09-03T21:09:32","modified_gmt":"2026-09-03T18:09:32","slug":"yilmaz-grup-sakaryada-devam-eden-birbirinden-farkli-projeleriyle-buyumesini-surduruyor","status":"publish","type":"post","link":"https:\/\/emlaktuel.com\/?p=50988","title":{"rendered":"Y\u0131lmaz Grup, Sakarya\u2019da Devam Eden Birbirinden Farkl\u0131 Projeleriyle B\u00fcy\u00fcmesini S\u00fcrd\u00fcr\u00fcyor"},"content":{"rendered":"<p>Gayrimenkul sekt\u00f6r\u00fcnde 20\u2019nci y\u0131l\u0131n\u0131 dolduran Y\u0131lmaz Grup, Sakarya\u2019da estetik,<br \/>\nfonksiyonel ve g\u00fcvenli ya\u015fam alanlar\u0131 \u00fcretmeye devam ediyor.<\/p>\n<p><img loading=\"lazy\" class=\"alignnone size-full wp-image-50990\" src=\"https:\/\/emlaktuel.com\/wp-content\/uploads\/2026\/09\/Ekran-Resmi-2026-09-03-21.08.15.png\" alt=\"\" width=\"1530\" height=\"1074\"><\/p>\n<p>Sakarya\u2019n\u0131n en pop\u00fcler ve yat\u0131r\u0131m potansiyeli her ge\u00e7en g\u00fcn artan lokasyonlar\u0131nda hayata ge\u00e7irdi\u011fi ve<br \/>\nteslim etti\u011fi projelerle \u00f6ne \u00e7\u0131kan Y\u0131lmaz Grup, bug\u00fcne kadar toplam 300.000 metrekarelik in\u015faat<br \/>\nhacmine ula\u015ft\u0131.<\/p>\n<p>Konut ve yat\u0131r\u0131m a\u00e7\u0131s\u0131ndan \u015fehrin en \u00e7ok tercih edilen b\u00f6lgelerinde ger\u00e7ekle\u015ftirdi\u011fi projelerle Sakarya\u2019n\u0131n<br \/>\ngeli\u015fimine katk\u0131 sa\u011flayan Y\u0131lmaz Grup, yap\u0131 malzemeleri alan\u0131ndaki uzmanl\u0131\u011f\u0131, g\u00fc\u00e7l\u00fc in\u015faat deneyimi ve<br \/>\nolu\u015fturdu\u011fu istihdam ile b\u00fcy\u00fcmesini s\u00fcrd\u00fcr\u00fcyor.<\/p>\n<p>Kaliteli yap\u0131 anlay\u0131\u015f\u0131n\u0131 g\u00fcven odakl\u0131 hizmet yakla\u015f\u0131m\u0131yla birle\u015ftiren Y\u0131lmaz Grup, hayata ge\u00e7irdi\u011fi<br \/>\nprojelerle yaln\u0131zca bug\u00fcn\u00fcn ya\u015fam alanlar\u0131n\u0131 de\u011fil, Sakarya\u2019n\u0131n gelecekteki de\u011ferini de in\u015fa ediyor. Her<br \/>\nprojesinde lokasyon, kalite, fonksiyonellik ve yat\u0131r\u0131m de\u011ferini bir arada sunmay\u0131 hedefleyen Y\u0131lmaz Grup,<br \/>\nSakarya\u2019da g\u00fcvenin ad\u0131 olarak tercih edilen markalardan biri olma yolunda emin ad\u0131mlarla ilerliyor.<br \/>\nSakarya\u2019n\u0131n geli\u015fen ve yat\u0131r\u0131m potansiyeli y\u00fcksek b\u00f6lgelerinde projeler geli\u015ftiren Y\u0131lmaz Grup, farkl\u0131<br \/>\nya\u015fam ve yat\u0131r\u0131m ihtiya\u00e7lar\u0131na y\u00f6nelik \u00e7e\u015fitlendirdi\u011fi projeleriyle \u015fehrin yap\u0131la\u015fmas\u0131na katk\u0131 sa\u011flamaya<br \/>\ndevam ediyor.<\/p>\n<p>Y\u0131lmaz Grup\u2019un devam eden projeleri aras\u0131nda Serdivan\u2019da 18 \u00f6zel l\u00fcks villadan olu\u015fan Reserve, 54<br \/>\ndairelik Living Serdivan ve 20 ofis, 3 d\u00fckk\u00e2ndan olu\u015fan Working Serdivan bulunuyor. Adapazar\u0131\u2019nda ise<br \/>\n54 dairelik Black Eyes, Yeni Stat b\u00f6lgesinde 114 daire ve 20 d\u00fckk\u00e2ndan olu\u015fan Stat\u00fc ile Korucuk\u2019ta 90<br \/>\ndairelik Effect projeleri y\u00fckseliyor.<\/p>\n<p>\u00d6zellikle Effect projesi; yeni \u015fehir hastanesine, valili\u011fe ve okullara yak\u0131n konumuyla hem ya\u015fam hem de<br \/>\nyat\u0131r\u0131m a\u00e7\u0131s\u0131ndan dikkat \u00e7eken projeler aras\u0131nda yer al\u0131yor. Stat\u00fc projesi ise Adapazar\u0131\u2019n\u0131n Yeni Stat<br \/>\nb\u00f6lgesindeki konumuyla b\u00f6lgenin geli\u015fiminden yararlanmay\u0131 hedefleyen bir di\u011fer proje olarak \u00f6ne<br \/>\n\u00e7\u0131k\u0131yor.<\/p>\n<p>Farkl\u0131 lokasyonlarda, farkl\u0131 metrekare ve proje tiplerinde \u00e7\u00f6z\u00fcmler geli\u015ftiren Y\u0131lmaz Grup; l\u00fcks villa,<br \/>\nkonut, ofis ve ticari alan se\u00e7eneklerini bir arada sunarak her ihtiyaca y\u00f6nelik projeler \u00fcretme yakla\u015f\u0131m\u0131n\u0131<br \/>\ns\u00fcrd\u00fcr\u00fcyor. \u015eantiyeleri h\u0131zla ilerleyen projelerde teslim tarihi yakla\u015f\u0131rken, yat\u0131r\u0131mc\u0131lar da projelerinin<br \/>\ng\u00fcncel durumunu yak\u0131ndan takip ediyor.<\/p>\n<p>Y\u0131lmaz Grup\u2019tan yap\u0131lan a\u00e7\u0131klamada; \u201cHer projemizde bulundu\u011fumuz b\u00f6lgenin dokusunu, ihtiya\u00e7lar\u0131n\u0131 ve<br \/>\ngelece\u011fini dikkate alarak \u00e7a\u011fda\u015f, konforlu ve uzun \u00f6m\u00fcrl\u00fc yap\u0131lar \u00fcretmeye \u00f6zen g\u00f6steriyoruz. G\u00fcc\u00fcn\u00fc<br \/>\nge\u00e7mi\u015ften, vizyonunu gelecekten alan bir vizyonla sekt\u00f6rde kal\u0131c\u0131 ve g\u00fcvenilir bir marka olma yolunda<br \/>\nemin ad\u0131mlarla ilerliyoruz. Bug\u00fcne kadar farkl\u0131 projelerimizde y\u00fczlerce ki\u015fiyi ev sahibi yapm\u0131\u015f olmaktan<br \/>\ngurur duyuyoruz. Taahh\u00fct etti\u011fimiz tarihler \u00e7er\u00e7evesinde projelerimizi sahiplerine teslim ederek yeni<br \/>\nprojelere yelken a\u00e7aca\u011f\u0131z\u201d denildi.<\/p>\n<p>Hayata ge\u00e7irdi\u011fi prestijli konut ve yap\u0131 projeleriyle \u015fehir siluetine de\u011fer katan Y\u0131lmaz Grup, modern<br \/>\nmimari anlay\u0131\u015f\u0131, sa\u011flam altyap\u0131s\u0131 ve kullan\u0131c\u0131 odakl\u0131 \u00e7\u00f6z\u00fcmleriyle faaliyet g\u00f6sterdi\u011fi b\u00f6lgede tercih edilen<br \/>\nbir marka olmaya devam ediyor.<\/p>\n","protected":false},"excerpt":{"rendered":"<p>Gayrimenkul sekt\u00f6r\u00fcnde 20\u2019nci y\u0131l\u0131n\u0131 dolduran Y\u0131lmaz Grup, Sakarya\u2019da estetik, fonksiyonel ve g\u00fcvenli ya\u015fam alanlar\u0131 \u00fcretmeye devam ediyor. Sakarya\u2019n\u0131n en pop\u00fcler ve yat\u0131r\u0131m potansiyeli her ge\u00e7en g\u00fcn artan lokasyonlar\u0131nda hayata ge\u00e7irdi\u011fi ve teslim etti\u011fi projelerle \u00f6ne \u00e7\u0131kan Y\u0131lmaz Grup, bug\u00fcne kadar toplam 300.000 metrekarelik in\u015faat hacmine ula\u015ft\u0131. Konut ve yat\u0131r\u0131m a\u00e7\u0131s\u0131ndan \u015fehrin en \u00e7ok tercih edilen [&hellip;]<\/p>\n","protected":false},"author":1,"featured_media":50989,"comment_status":"open","ping_status":"open","sticky":false,"template":"","format":"standard","meta":{"ngg_post_thumbnail":0},"categories":[97,5388],"tags":[],"_links":{"self":[{"href":"https:\/\/emlaktuel.com\/index.php?rest_route=\/wp\/v2\/posts\/50988"}],"collection":[{"href":"https:\/\/emlaktuel.com\/index.php?rest_route=\/wp\/v2\/posts"}],"about":[{"href":"https:\/\/emlaktuel.com\/index.php?rest_route=\/wp\/v2\/types\/post"}],"author":[{"embeddable":true,"href":"https:\/\/emlaktuel.com\/index.php?rest_route=\/wp\/v2\/users\/1"}],"replies":[{"embeddable":true,"href":"https:\/\/emlaktuel.com\/index.php?rest_route=%2Fwp%2Fv2%2Fcomments&post=50988"}],"version-history":[{"count":1,"href":"https:\/\/emlaktuel.com\/index.php?rest_route=\/wp\/v2\/posts\/50988\/revisions"}],"predecessor-version":[{"id":50992,"href":"https:\/\/emlaktuel.com\/index.php?rest_route=\/wp\/v2\/posts\/50988\/revisions\/50992"}],"wp:featuredmedia":[{"embeddable":true,"href":"https:\/\/emlaktuel.com\/index.php?rest_route=\/wp\/v2\/media\/50989"}],"wp:attachment":[{"href":"https:\/\/emlaktuel.com\/index.php?rest_route=%2Fwp%2Fv2%2Fmedia&parent=50988"}],"wp:term":[{"taxonomy":"category","embeddable":true,"href":"https:\/\/emlaktuel.com\/index.php?rest_route=%2Fwp%2Fv2%2Fcategories&post=50988"},{"taxonomy":"post_tag","embeddable":true,"href":"https:\/\/emlaktuel.com\/index.php?rest_route=%2Fwp%2Fv2%2Ftags&post=50988"}],"curies":[{"name":"wp","href":"https:\/\/api.w.org\/{rel}","templated":true}]}}