{"id":50771,"date":"2026-05-01T20:32:16","date_gmt":"2026-05-01T17:32:16","guid":{"rendered":"https:\/\/emlaktuel.com\/?p=50771"},"modified":"2026-05-01T20:32:16","modified_gmt":"2026-05-01T17:32:16","slug":"gayrimenkulde-yeni-donem-basliyor-elden-odeme-bitiyor-konut-satisinda-guvenli-sistem-geliyor","status":"publish","type":"post","link":"https:\/\/emlaktuel.com\/?p=50771","title":{"rendered":"Gayrimenkulde Yeni D\u00f6nem Ba\u015fl\u0131yor, Elden \u00d6deme Bitiyor, Konut Sat\u0131\u015f\u0131nda G\u00fcvenli Sistem Geliyor"},"content":{"rendered":"<p>Konut ve arsa al\u0131m-sat\u0131m i\u015flemlerinde milyonlarca vatanda\u015f\u0131 ilgilendiren \u00f6nemli bir de\u011fi\u015fiklik y\u00fcr\u00fcrl\u00fc\u011fe giriyor. Hazine ve Maliye Bakanl\u0131\u011f\u0131 taraf\u0131ndan yay\u0131mlanan yeni d\u00fczenleme ile gayrimenkul sat\u0131\u015flar\u0131nda \u00f6deme s\u00fcre\u00e7leri daha g\u00fcvenli, \u015feffaf ve kay\u0131tl\u0131 hale getirilecek.<\/p>\n<p>&nbsp;Resmi Gazete\u2019de yay\u0131mlanan y\u00f6netmeli\u011fe g\u00f6re, ta\u015f\u0131nmaz sat\u0131\u015flar\u0131nda \u00f6deme art\u0131k \u201cg\u00fcvenli \u00f6deme sistemi\u201d \u00fczerinden ger\u00e7ekle\u015ftirilecek. B\u00f6ylece hem al\u0131c\u0131 hem de sat\u0131c\u0131 a\u00e7\u0131s\u0131ndan y\u0131llard\u0131r ya\u015fanan para transferi risklerinin azalt\u0131lmas\u0131 hedefleniyor.<\/p>\n<p>&nbsp;Konuyla ilgili de\u011ferlendirmelerde bulunan gayrimenkul sekt\u00f6r uzman\u0131&nbsp;Hasan Ceran, d\u00fczenlemenin piyasada \u00f6nemli bir d\u00f6n\u00fc\u015f\u00fcm yarataca\u011f\u0131n\u0131 belirterek, \u00f6zellikle g\u00fcven ve \u015feffafl\u0131k a\u00e7\u0131s\u0131ndan kritik bir ad\u0131m at\u0131ld\u0131\u011f\u0131n\u0131 s\u00f6yledi.<\/p>\n<p>&nbsp;Ceran,<\/p>\n<p>\u201cGayrimenkul al\u0131m-sat\u0131m\u0131 hayat\u0131n en b\u00fcy\u00fck finansal kararlar\u0131ndan biri. Bug\u00fcne kadar bir\u00e7ok i\u015flemde para transferi, tapu devri ve \u00f6deme zamanlamas\u0131 konusunda tedirginlik ya\u015fan\u0131yordu. Yeni sistem, bu kayg\u0131lar\u0131 b\u00fcy\u00fck \u00f6l\u00e7\u00fcde ortadan kald\u0131racak ve piyasaya kurumsal bir yap\u0131 kazand\u0131racak\u201d dedi.<\/p>\n<h3>&nbsp;<strong>\u201cPara havada kalmayacak, tapu g\u00fcvende olacak\u201d<\/strong><\/h3>\n<p>&nbsp;Yeni modelin ara\u00e7 sat\u0131\u015flar\u0131nda uygulanan g\u00fcvenli \u00f6deme sistemine benzer \u015fekilde i\u015fleyece\u011fini belirten Ceran, sistemin taraflar aras\u0131ndaki g\u00fcven sorununu azaltaca\u011f\u0131n\u0131 ifade etti.<\/p>\n<p>&nbsp;\u201cAl\u0131c\u0131 \u00f6demeyi sisteme yat\u0131racak, tapu devri tamamland\u0131ktan sonra para otomatik olarak sat\u0131c\u0131ya aktar\u0131lacak. B\u00f6ylece \u2018paray\u0131 g\u00f6nderdim ama tapu devredilmedi\u2019 ya da \u2018tapu devredildi ama \u00f6deme yap\u0131lmad\u0131\u2019 gibi riskli s\u00fcre\u00e7ler sona erecek.\u201d<\/p>\n<h3>&nbsp;<strong>Kredi d\u0131\u015f\u0131 \u00f6demeler de kay\u0131t alt\u0131na al\u0131nacak<\/strong><\/h3>\n<p>&nbsp;D\u00fczenlemenin en dikkat \u00e7eken ba\u015fl\u0131klar\u0131ndan birinin kredi d\u0131\u015f\u0131 \u00f6demeler oldu\u011funu vurgulayan Ceran, sat\u0131\u015f bedelinin banka kredisi d\u0131\u015f\u0131ndaki b\u00f6l\u00fcm\u00fcn\u00fcn de sistem \u00fczerinden \u00f6denece\u011fini s\u00f6yledi.<\/p>\n<p>&nbsp;\u201cBu ad\u0131m yaln\u0131zca g\u00fcvenli\u011fi de\u011fil, kay\u0131t d\u0131\u015f\u0131l\u0131\u011f\u0131n azalt\u0131lmas\u0131n\u0131 da sa\u011flayacak. Gayrimenkul piyasas\u0131nda \u015feffafl\u0131\u011f\u0131n artmas\u0131, hem sekt\u00f6r profesyonelleri hem de t\u00fcketici a\u00e7\u0131s\u0131ndan son derece \u00f6nemli.\u201d<\/p>\n<h3>&nbsp;<strong>\u201cSekt\u00f6r daha profesyonel hale gelecek\u201d<\/strong><\/h3>\n<p>&nbsp;Yeni sistemin gayrimenkul sekt\u00f6r\u00fcnde kurumsalla\u015fmay\u0131 h\u0131zland\u0131raca\u011f\u0131n\u0131 ifade eden Ceran, \u00f6n\u00fcm\u00fczdeki d\u00f6nemde dijital altyap\u0131lar\u0131n daha fazla \u00f6nem kazanaca\u011f\u0131n\u0131 belirtti.<\/p>\n<p>\u201cGayrimenkul sekt\u00f6r\u00fc art\u0131k yaln\u0131zca al\u0131m-sat\u0131m yap\u0131lan bir alan de\u011fil. Finansal g\u00fcvenlik, veri y\u00f6netimi, dijital s\u00fcre\u00e7ler ve t\u00fcketici haklar\u0131 art\u0131k i\u015fin merkezinde. Bu d\u00fczenleme, sekt\u00f6r\u00fcn profesyonelle\u015fmesi ad\u0131na g\u00fc\u00e7l\u00fc bir e\u015fik olacakt\u0131r.\u201d<\/p>\n<h3>&nbsp;<strong>Uyum s\u00fcreci ya\u015fanabilir<\/strong><\/h3>\n<p>Yeni sistemin k\u0131sa vadede al\u0131\u015fkanl\u0131klar\u0131n de\u011fi\u015fmesi nedeniyle adaptasyon s\u00fcreci yaratabilece\u011fini belirten Ceran, orta ve uzun vadede piyasaya olumlu katk\u0131 sunaca\u011f\u0131n\u0131 s\u00f6yledi.<\/p>\n<p>\u201cHer yeni d\u00fczende oldu\u011fu gibi ba\u015flang\u0131\u00e7ta soru i\u015faretleri olabilir. Ancak vatanda\u015f g\u00fcvenli i\u015flem yapt\u0131\u011f\u0131n\u0131 g\u00f6rd\u00fck\u00e7e sistem h\u0131zl\u0131 \u015fekilde benimsenecektir.\u201d<\/p>\n<h3><strong>Kritik tarih: 1 Temmuz 2026<\/strong><\/h3>\n<p>Yeni uygulaman\u0131n 1 Temmuz 2026 itibar\u0131yla zorunlu hale gelmesi beklenirken, uzmanlara g\u00f6re bu tarihe kadar sekt\u00f6r payda\u015flar\u0131n\u0131n s\u00fcrece haz\u0131rlanmas\u0131 b\u00fcy\u00fck \u00f6nem ta\u015f\u0131yor.<\/p>\n<p>Ceran son olarak, \u201cT\u00fcrkiye\u2019de gayrimenkul piyasas\u0131 art\u0131k daha \u015feffaf, daha g\u00fcvenli ve daha modern bir yap\u0131ya ge\u00e7iyor. Bu d\u00f6n\u00fc\u015f\u00fcm hem yat\u0131r\u0131mc\u0131 hem vatanda\u015f hem de sekt\u00f6r a\u00e7\u0131s\u0131ndan olumlu sonu\u00e7lar do\u011furacakt\u0131r\u201d de\u011ferlendirmesinde bulundu.<\/p>\n","protected":false},"excerpt":{"rendered":"<p>Konut ve arsa al\u0131m-sat\u0131m i\u015flemlerinde milyonlarca vatanda\u015f\u0131 ilgilendiren \u00f6nemli bir de\u011fi\u015fiklik y\u00fcr\u00fcrl\u00fc\u011fe giriyor. Hazine ve Maliye Bakanl\u0131\u011f\u0131 taraf\u0131ndan yay\u0131mlanan yeni d\u00fczenleme ile gayrimenkul sat\u0131\u015flar\u0131nda \u00f6deme s\u00fcre\u00e7leri daha g\u00fcvenli, \u015feffaf ve kay\u0131tl\u0131 hale getirilecek. &nbsp;Resmi Gazete\u2019de yay\u0131mlanan y\u00f6netmeli\u011fe g\u00f6re, ta\u015f\u0131nmaz sat\u0131\u015flar\u0131nda \u00f6deme art\u0131k \u201cg\u00fcvenli \u00f6deme sistemi\u201d \u00fczerinden ger\u00e7ekle\u015ftirilecek. B\u00f6ylece hem al\u0131c\u0131 hem de sat\u0131c\u0131 a\u00e7\u0131s\u0131ndan y\u0131llard\u0131r [&hellip;]<\/p>\n","protected":false},"author":1,"featured_media":50772,"comment_status":"open","ping_status":"open","sticky":false,"template":"","format":"standard","meta":{"ngg_post_thumbnail":0},"categories":[5388],"tags":[],"_links":{"self":[{"href":"https:\/\/emlaktuel.com\/index.php?rest_route=\/wp\/v2\/posts\/50771"}],"collection":[{"href":"https:\/\/emlaktuel.com\/index.php?rest_route=\/wp\/v2\/posts"}],"about":[{"href":"https:\/\/emlaktuel.com\/index.php?rest_route=\/wp\/v2\/types\/post"}],"author":[{"embeddable":true,"href":"https:\/\/emlaktuel.com\/index.php?rest_route=\/wp\/v2\/users\/1"}],"replies":[{"embeddable":true,"href":"https:\/\/emlaktuel.com\/index.php?rest_route=%2Fwp%2Fv2%2Fcomments&post=50771"}],"version-history":[{"count":1,"href":"https:\/\/emlaktuel.com\/index.php?rest_route=\/wp\/v2\/posts\/50771\/revisions"}],"predecessor-version":[{"id":50773,"href":"https:\/\/emlaktuel.com\/index.php?rest_route=\/wp\/v2\/posts\/50771\/revisions\/50773"}],"wp:featuredmedia":[{"embeddable":true,"href":"https:\/\/emlaktuel.com\/index.php?rest_route=\/wp\/v2\/media\/50772"}],"wp:attachment":[{"href":"https:\/\/emlaktuel.com\/index.php?rest_route=%2Fwp%2Fv2%2Fmedia&parent=50771"}],"wp:term":[{"taxonomy":"category","embeddable":true,"href":"https:\/\/emlaktuel.com\/index.php?rest_route=%2Fwp%2Fv2%2Fcategories&post=50771"},{"taxonomy":"post_tag","embeddable":true,"href":"https:\/\/emlaktuel.com\/index.php?rest_route=%2Fwp%2Fv2%2Ftags&post=50771"}],"curies":[{"name":"wp","href":"https:\/\/api.w.org\/{rel}","templated":true}]}}