{"id":50638,"date":"2026-03-14T19:33:33","date_gmt":"2026-03-14T16:33:33","guid":{"rendered":"https:\/\/emlaktuel.com\/?p=50638"},"modified":"2026-03-14T19:33:33","modified_gmt":"2026-03-14T16:33:33","slug":"babacan-yapidan-bayrama-ozel-kampanya-pesinatsiz-24-ay-taksitle-konut-firsati","status":"publish","type":"post","link":"https:\/\/emlaktuel.com\/?p=50638","title":{"rendered":"Babacan Yap\u0131\u2019dan Bayrama \u00d6zel Kampanya: Pe\u015finats\u0131z 24 Ay Taksitle Konut F\u0131rsat\u0131"},"content":{"rendered":"<p style=\"text-align: left;\">Gayrimenkul sekt\u00f6r\u00fcnde 22 y\u0131l\u0131 geride b\u0131rakan Babacan Yap\u0131, bayrama \u00f6zel ba\u015flatt\u0131\u011f\u0131 yeni kampanya ile konut sahibi olmak isteyenlere \u00f6nemli bir f\u0131rsat sunuyor. \u015eirket, t\u00fcm Babacan projelerinde ge\u00e7erli olacak \u015fekilde pe\u015finats\u0131z ve faizsiz 24 ay taksit imk\u00e2n\u0131 sa\u011flayarak konuta eri\u015fimi kolayla\u015ft\u0131rmay\u0131 hedefliyor.<\/p>\n<p>Bayrama \u00f6zel haz\u0131rlanan kampanya kapsam\u0131nda yat\u0131r\u0131mc\u0131lar ve ev sahibi olmak isteyenler, pe\u015finat \u00f6demeden ve pe\u015fin fiyat\u0131na 24 ay taksitle Babacan projelerinden konut sahibi olabiliyor. \u015eirketin g\u00fc\u00e7l\u00fc \u00f6zkaynak yap\u0131s\u0131yla sunulan bu finansman modeli, banka kredisine ihtiya\u00e7 duymadan konuta ula\u015fmay\u0131 m\u00fcmk\u00fcn hale getiriyor.<\/p>\n<ol>\n<li>Mehmet Babacan: \u201cUla\u015f\u0131labilir Konut Modelini G\u00fc\u00e7lendirmeye Devam Ediyoruz\u201d<\/li>\n<\/ol>\n<p>Mehmet Babacan, kampanyaya ili\u015fkin yapt\u0131\u011f\u0131 de\u011ferlendirmede konut finansman\u0131nda yenilik\u00e7i modeller geli\u015ftirmeye devam ettiklerini belirtti.<\/p>\n<p>Babacan a\u00e7\u0131klamas\u0131nda \u015fu ifadeleri kulland\u0131:<\/p>\n<p>\u201cGayrimenkul sekt\u00f6r\u00fc uzun vadeli g\u00fcven ve s\u00fcrd\u00fcr\u00fclebilir de\u011fer \u00fcretimi \u00fczerine kurulu bir alan. Biz de Babacan Holding olarak 22 y\u0131l\u0131 a\u015fk\u0131n s\u00fcredir geli\u015ftirdi\u011fimiz projelerde hem yat\u0131r\u0131mc\u0131lara hem de konut sahibi olmak isteyen vatanda\u015flara g\u00fc\u00e7l\u00fc bir de\u011fer sunmaya odaklan\u0131yoruz. Bayrama \u00f6zel ba\u015flatt\u0131\u011f\u0131m\u0131z kampanya ile pe\u015finats\u0131z ve pe\u015fin fiyat\u0131na 24 ay taksit imk\u00e2n\u0131 sunarak konuta eri\u015fimi kolayla\u015ft\u0131rmay\u0131 ama\u00e7lad\u0131k.\u201d<\/p>\n<p>Babacan ayr\u0131ca \u0130stanbul\u2019un geli\u015fen b\u00f6lgelerinde hayata ge\u00e7irilen projelerin yat\u0131r\u0131m a\u00e7\u0131s\u0131ndan \u00f6nemli f\u0131rsatlar sundu\u011funu vurgulayarak \u015fu de\u011ferlendirmede bulundu:<\/p>\n<p>\u201cBabacan Central, Port Royal ve Babacan Lagoon projelerimiz; konumlar\u0131, mimari kaliteleri ve g\u00fc\u00e7l\u00fc sosyal donat\u0131lar\u0131yla hem ya\u015fam hem de yat\u0131r\u0131m a\u00e7\u0131s\u0131ndan y\u00fcksek potansiyel ta\u015f\u0131yor. \u00d6zellikle merkezi lokasyonlarda geli\u015ftirdi\u011fimiz projelerimizde yat\u0131r\u0131mc\u0131lar\u0131m\u0131z\u0131n orta ve uzun vadede g\u00fc\u00e7l\u00fc bir de\u011fer art\u0131\u015f\u0131 elde edece\u011fine inan\u0131yoruz.\u201d<\/p>\n<p>Babacan Yap\u0131\u2019dan Ula\u015f\u0131labilir Konut Modeli<\/p>\n<p>Yenilik\u00e7i finansman \u00e7\u00f6z\u00fcmleriyle dikkat \u00e7eken Babacan Yap\u0131, g\u00fc\u00e7l\u00fc \u00f6zsermayesi sayesinde farkl\u0131 \u00f6deme modelleri geli\u015ftirmeyi s\u00fcrd\u00fcr\u00fcyor. \u015eirketin bayram kampanyas\u0131 kapsam\u0131nda \u0130stanbul\u2019daki \u00f6ne \u00e7\u0131kan projeleri Babacan Central, Port Royal ve Babacan Lagoon, avantajl\u0131 \u00f6deme ko\u015fullar\u0131yla yat\u0131r\u0131mc\u0131lar\u0131n ve konut sahibi olmak isteyenlerin ilgisine sunuluyor.<\/p>\n<p>Babacan Central: Beylikd\u00fcz\u00fc\u2019nde Ya\u015fam ve Yat\u0131r\u0131m Merkezi<\/p>\n<p>Babacan Central, \u0130stanbul\u2019un h\u0131zla de\u011fer kazanan b\u00f6lgelerinden Beylikd\u00fcz\u00fc\u2019nde konumlan\u0131yor.<\/p>\n<p>Toplam 130 bin metrekare in\u015faat alan\u0131na sahip olan proje; konut, ticaret ve sosyal ya\u015fam alanlar\u0131n\u0131 bir arada sunan kapsaml\u0131 bir ya\u015fam merkezi olarak planland\u0131.<\/p>\n<p>Projede:<\/p>\n<ul>\n<li>Beylikd\u00fcz\u00fc\u2019n\u00fcn ilk A Plus ofis konsepti<\/li>\n<li>Meydan AVM alan\u0131<\/li>\n<li>T\u0131p merkezi<\/li>\n<li>Sosyal ya\u015fam alanlar\u0131<\/li>\n<\/ul>\n<p>yer al\u0131yor. Projede teslimlerin Aral\u0131k 2026\u2019da ba\u015flamas\u0131 planlan\u0131yor.<\/p>\n<p>Ula\u015f\u0131m Avantaj\u0131<\/p>\n<p>E-5 karayolu \u00fczerinde bulunan proje, metrob\u00fcs ve metro duraklar\u0131na y\u00fcr\u00fcme mesafesinde yer al\u0131yor. Bu merkezi konum sayesinde \u0130stanbul\u2019un bir\u00e7ok noktas\u0131na kolay ula\u015f\u0131m imk\u00e2n\u0131 sunuyor.<\/p>\n<p>Port Royal: \u015eehrin Merkezinde Modern Ya\u015fam<\/p>\n<p>Port Royal, toplam 5 blokta 814 daire ve 51 ticari \u00fcniteden olu\u015fuyor.<\/p>\n<p>Projede:<\/p>\n<ul>\n<li>1+0\u2019dan 3,5+1\u2019e kadar farkl\u0131 daire tipleri<\/li>\n<li>ticari alanlar<\/li>\n<li>sosyal ya\u015fam alanlar\u0131<\/li>\n<\/ul>\n<p>bulunuyor.<\/p>\n<p>E-5 ve Bas\u0131n Ekspres yoluna paralel konumda yer alan proje, metrob\u00fcse yakla\u015f\u0131k 300 metre mesafede bulunarak ula\u015f\u0131m a\u00e7\u0131s\u0131ndan \u00f6nemli avantaj sa\u011fl\u0131yor.<\/p>\n<p>Babacan Lagoon: \u0130stanbul\u2019un Yeni Yat\u0131r\u0131m Noktas\u0131<\/p>\n<p>Babacan Lagoon, \u0130stanbul\u2019un y\u00fckselen b\u00f6lgelerinden 5. Levent\u2019te konumlan\u0131yor.<\/p>\n<p>Toplam 36 bin metrekare in\u015faat alan\u0131na sahip olan proje:<\/p>\n<ul>\n<li>251 daire<\/li>\n<li>1+1\u2019den 4+1\u2019e kadar farkl\u0131 konut se\u00e7enekleri<\/li>\n<\/ul>\n<p>sunuyor. Projenin teslimlerinin Aral\u0131k 2027\u2019de ger\u00e7ekle\u015ftirilmesi planlan\u0131yor.<\/p>\n<p>Merkeze Yak\u0131n Konum<\/p>\n<p>TEM otoyolunun hemen yan\u0131nda yer alan proje;<\/p>\n<ul>\n<li>Tarihi Yar\u0131mada\u2019ya yakla\u015f\u0131k 9 km<\/li>\n<li>Maslak ve Levent\u2019e 9 km<\/li>\n<li>Fatih Sultan Mehmet K\u00f6pr\u00fcs\u00fc\u2019ne 11 km<\/li>\n<li>Taksim\u2019e 13 km<\/li>\n<li>\u0130stanbul Havaliman\u0131\u2019na 35 km<\/li>\n<\/ul>\n<p>mesafede yer al\u0131yor.<\/p>\n<p>Bu stratejik konum, projeyi yaln\u0131zca bir ya\u015fam alan\u0131 de\u011fil ayn\u0131 zamanda uzun vadede y\u00fcksek prim potansiyeline sahip g\u00fc\u00e7l\u00fc bir yat\u0131r\u0131m f\u0131rsat\u0131 haline getiriyor.<\/p>\n","protected":false},"excerpt":{"rendered":"<p>Gayrimenkul sekt\u00f6r\u00fcnde 22 y\u0131l\u0131 geride b\u0131rakan Babacan Yap\u0131, bayrama \u00f6zel ba\u015flatt\u0131\u011f\u0131 yeni kampanya ile konut sahibi olmak isteyenlere \u00f6nemli bir f\u0131rsat sunuyor. \u015eirket, t\u00fcm Babacan projelerinde ge\u00e7erli olacak \u015fekilde pe\u015finats\u0131z ve faizsiz 24 ay taksit imk\u00e2n\u0131 sa\u011flayarak konuta eri\u015fimi kolayla\u015ft\u0131rmay\u0131 hedefliyor. Bayrama \u00f6zel haz\u0131rlanan kampanya kapsam\u0131nda yat\u0131r\u0131mc\u0131lar ve ev sahibi olmak isteyenler, pe\u015finat \u00f6demeden ve [&hellip;]<\/p>\n","protected":false},"author":1,"featured_media":50640,"comment_status":"open","ping_status":"open","sticky":false,"template":"","format":"standard","meta":{"ngg_post_thumbnail":0},"categories":[1,97,5388],"tags":[836,1261],"_links":{"self":[{"href":"https:\/\/emlaktuel.com\/index.php?rest_route=\/wp\/v2\/posts\/50638"}],"collection":[{"href":"https:\/\/emlaktuel.com\/index.php?rest_route=\/wp\/v2\/posts"}],"about":[{"href":"https:\/\/emlaktuel.com\/index.php?rest_route=\/wp\/v2\/types\/post"}],"author":[{"embeddable":true,"href":"https:\/\/emlaktuel.com\/index.php?rest_route=\/wp\/v2\/users\/1"}],"replies":[{"embeddable":true,"href":"https:\/\/emlaktuel.com\/index.php?rest_route=%2Fwp%2Fv2%2Fcomments&post=50638"}],"version-history":[{"count":1,"href":"https:\/\/emlaktuel.com\/index.php?rest_route=\/wp\/v2\/posts\/50638\/revisions"}],"predecessor-version":[{"id":50641,"href":"https:\/\/emlaktuel.com\/index.php?rest_route=\/wp\/v2\/posts\/50638\/revisions\/50641"}],"wp:featuredmedia":[{"embeddable":true,"href":"https:\/\/emlaktuel.com\/index.php?rest_route=\/wp\/v2\/media\/50640"}],"wp:attachment":[{"href":"https:\/\/emlaktuel.com\/index.php?rest_route=%2Fwp%2Fv2%2Fmedia&parent=50638"}],"wp:term":[{"taxonomy":"category","embeddable":true,"href":"https:\/\/emlaktuel.com\/index.php?rest_route=%2Fwp%2Fv2%2Fcategories&post=50638"},{"taxonomy":"post_tag","embeddable":true,"href":"https:\/\/emlaktuel.com\/index.php?rest_route=%2Fwp%2Fv2%2Ftags&post=50638"}],"curies":[{"name":"wp","href":"https:\/\/api.w.org\/{rel}","templated":true}]}}