{"id":50626,"date":"2026-03-09T11:40:10","date_gmt":"2026-03-09T08:40:10","guid":{"rendered":"https:\/\/emlaktuel.com\/?p=50626"},"modified":"2026-03-09T11:40:10","modified_gmt":"2026-03-09T08:40:10","slug":"ege-yapidan-konuta-erisimde-ezber-bozan-finansman-modeli-60-ay-0-faiz","status":"publish","type":"post","link":"https:\/\/emlaktuel.com\/?p=50626","title":{"rendered":"Ege Yap\u0131\u2019dan Konuta Eri\u015fimde Ezber Bozan Finansman Modeli: 60 Ay 0 Faiz"},"content":{"rendered":"<div class=\"gs\">\n<div class=\"\">\n<div id=\":v8\" class=\"ii gt\">\n<div id=\":s2\" class=\"a3s aiL\">\n<div id=\"avWBGd-219\">\n<div>\n<div>\n<p>Ege Yap\u0131\u2019n\u0131n 20. y\u0131l\u0131na \u00f6zel ba\u015flatt\u0131\u011f\u0131 &#8220;60 Ay 0 Faiz&#8221; kampanyas\u0131, gayrimenkul sekt\u00f6r\u00fcnde finansman odakl\u0131 sat\u0131\u015f\u0131n g\u00fcc\u00fcn\u00fc kan\u0131tlad\u0131. Y\u00fcksek faiz oranlar\u0131 ve krediye eri\u015fimin k\u0131s\u0131tl\u0131 oldu\u011fu bir d\u00f6nemde hayata ge\u00e7irilen bu model, sadece 60 g\u00fcnde 60 konut sat\u0131\u015f\u0131 rakam\u0131na ula\u015farak sekt\u00f6rde yeni bir d\u00f6nem ba\u015flatt\u0131.<\/p>\n<h2>Finansman Engeli Do\u011fru Modelle A\u015f\u0131l\u0131yor<\/h2>\n<p>Ege Yap\u0131\u2019n\u0131n verilerine g\u00f6re, konut talebini belirleyen temel unsur fiyat seviyelerinden ziyade finansman ko\u015fullar\u0131. \u015eirketin sundu\u011fu 60 ay vadeli ve faizsiz \u00f6deme plan\u0131, beklemeye al\u0131nan talebi h\u0131zla harekete ge\u00e7irdi.<\/p>\n<p>Modelin sundu\u011fu temel avantajlar, \u00f6ng\u00f6r\u00fclebilir Maliyet: Faiz y\u00fck\u00fcn\u00fcn kalkmas\u0131yla al\u0131c\u0131lar toplam maliyeti net olarak planlayabiliyor, s\u00fcrd\u00fcr\u00fclebilir \u00d6deme: Orta ve \u00fcst-orta gelir grubu i\u00e7in nakit ak\u0131\u015f\u0131n\u0131 koruyan taksit se\u00e7enekleri, g\u00fc\u00e7l\u00fc Bilan\u00e7o G\u00fcvencesi: Banka kredisinden ba\u011f\u0131ms\u0131z, Ege Yap\u0131 \u00f6z kaynaklar\u0131yla sunulan vade imk\u00e2n\u0131.<\/p>\n<p>Ege Yap\u0131 Y\u00f6netim Kurulu Ba\u015fkan\u0131 \u0130nan\u00e7 Kabaday\u0131: &#8220;Eri\u015filebilirlik Do\u011fru Finansmanla M\u00fcmk\u00fcn&#8221;<\/p>\n<p>Gayrimenkul sekt\u00f6r\u00fcndeki stratejik d\u00f6n\u00fc\u015f\u00fcme dikkat \u00e7eken \u0130nan\u00e7 Kabaday\u0131, konuta eri\u015fimin anahtar\u0131n\u0131n finansal modeller oldu\u011funu vurgulad\u0131:<\/p>\n<p>&#8220;Bug\u00fcn konut talebini belirleyen en kritik unsur finansmana eri\u015fim ko\u015fullar\u0131d\u0131r. Ege Yap\u0131 olarak g\u00fc\u00e7l\u00fc finansal yap\u0131m\u0131zla belirsizli\u011fi ortadan kald\u0131ran, dengeli bir model geli\u015ftirdik. Ger\u00e7ek eri\u015filebilirlik; d\u00fc\u015f\u00fck kalite de\u011fil; do\u011fru planlama, \u00f6l\u00e7ek ekonomisi ve s\u00fcrd\u00fcr\u00fclebilir finansmanla sa\u011flan\u0131r.&#8221;<\/p>\n<div>\n<div>\n<h2>Konut Al\u0131c\u0131s\u0131 \u0130\u00e7in \u00d6ng\u00f6r\u00fclebilir Maliyet ve Dengeli Talep<\/h2>\n<p>Ege Yap\u0131\u2019n\u0131n 60 ay 0 faiz kampanyas\u0131, piyasan\u0131n daha sa\u011fl\u0131kl\u0131 i\u015flemesine katk\u0131 sunan bir yakla\u015f\u0131m olarak \u00f6ne \u00e7\u0131k\u0131yor. Nitelikli \u00fcretim ve do\u011fru lokasyon se\u00e7imini, &#8220;ki\u015fiye \u00f6zel finansman&#8221; \u00e7\u00f6z\u00fcmleriyle birle\u015ftiren marka; konutun sadece bir bar\u0131nma alan\u0131 de\u011fil, ekonomik dayan\u0131kl\u0131l\u0131k i\u00e7in stratejik bir yat\u0131r\u0131m oldu\u011funu bir kez daha g\u00f6sterdi.<\/p>\n<p>Kampanya \u00d6zeti ve \u00d6ne \u00c7\u0131kanlar<\/p>\n<div class=\"yj6qo\">&nbsp;<\/div>\n<div class=\"adL\">&nbsp;<\/div>\n<\/div>\n<div class=\"adL\">&nbsp;<\/div>\n<\/div>\n<div class=\"adL\">\n&nbsp;<\/p>\n<\/div>\n<\/div>\n<div class=\"adL\">&nbsp;<\/div>\n<\/div>\n<div class=\"adL\">&nbsp;<\/div>\n<\/div>\n<\/div>\n<\/div>\n<div id=\"avWBGd-220\" class=\"WhmR8e\" data-hash=\"0\">&nbsp;<\/div>\n<\/div>\n<\/div>\n","protected":false},"excerpt":{"rendered":"<p>Ege Yap\u0131\u2019n\u0131n 20. y\u0131l\u0131na \u00f6zel ba\u015flatt\u0131\u011f\u0131 &#8220;60 Ay 0 Faiz&#8221; kampanyas\u0131, gayrimenkul sekt\u00f6r\u00fcnde finansman odakl\u0131 sat\u0131\u015f\u0131n g\u00fcc\u00fcn\u00fc kan\u0131tlad\u0131. Y\u00fcksek faiz oranlar\u0131 ve krediye eri\u015fimin k\u0131s\u0131tl\u0131 oldu\u011fu bir d\u00f6nemde hayata ge\u00e7irilen bu model, sadece 60 g\u00fcnde 60 konut sat\u0131\u015f\u0131 rakam\u0131na ula\u015farak sekt\u00f6rde yeni bir d\u00f6nem ba\u015flatt\u0131. Finansman Engeli Do\u011fru Modelle A\u015f\u0131l\u0131yor Ege Yap\u0131\u2019n\u0131n verilerine g\u00f6re, konut [&hellip;]<\/p>\n","protected":false},"author":1,"featured_media":50285,"comment_status":"open","ping_status":"open","sticky":false,"template":"","format":"standard","meta":{"ngg_post_thumbnail":0},"categories":[5388],"tags":[303],"_links":{"self":[{"href":"https:\/\/emlaktuel.com\/index.php?rest_route=\/wp\/v2\/posts\/50626"}],"collection":[{"href":"https:\/\/emlaktuel.com\/index.php?rest_route=\/wp\/v2\/posts"}],"about":[{"href":"https:\/\/emlaktuel.com\/index.php?rest_route=\/wp\/v2\/types\/post"}],"author":[{"embeddable":true,"href":"https:\/\/emlaktuel.com\/index.php?rest_route=\/wp\/v2\/users\/1"}],"replies":[{"embeddable":true,"href":"https:\/\/emlaktuel.com\/index.php?rest_route=%2Fwp%2Fv2%2Fcomments&post=50626"}],"version-history":[{"count":1,"href":"https:\/\/emlaktuel.com\/index.php?rest_route=\/wp\/v2\/posts\/50626\/revisions"}],"predecessor-version":[{"id":50627,"href":"https:\/\/emlaktuel.com\/index.php?rest_route=\/wp\/v2\/posts\/50626\/revisions\/50627"}],"wp:featuredmedia":[{"embeddable":true,"href":"https:\/\/emlaktuel.com\/index.php?rest_route=\/wp\/v2\/media\/50285"}],"wp:attachment":[{"href":"https:\/\/emlaktuel.com\/index.php?rest_route=%2Fwp%2Fv2%2Fmedia&parent=50626"}],"wp:term":[{"taxonomy":"category","embeddable":true,"href":"https:\/\/emlaktuel.com\/index.php?rest_route=%2Fwp%2Fv2%2Fcategories&post=50626"},{"taxonomy":"post_tag","embeddable":true,"href":"https:\/\/emlaktuel.com\/index.php?rest_route=%2Fwp%2Fv2%2Ftags&post=50626"}],"curies":[{"name":"wp","href":"https:\/\/api.w.org\/{rel}","templated":true}]}}