{"id":50605,"date":"2026-03-03T09:24:19","date_gmt":"2026-03-03T06:24:19","guid":{"rendered":"https:\/\/emlaktuel.com\/?p=50605"},"modified":"2026-03-03T09:24:19","modified_gmt":"2026-03-03T06:24:19","slug":"iklim-krizi-insaat-sektorunu-donusume-zorluyor","status":"publish","type":"post","link":"https:\/\/emlaktuel.com\/?p=50605","title":{"rendered":"\u0130klim Krizi \u0130n\u015faat Sekt\u00f6r\u00fcn\u00fc D\u00f6n\u00fc\u015f\u00fcme Zorluyor"},"content":{"rendered":"<p>Y\u00fczde 37\u2019lik Karbon Y\u00fck\u00fc: \u0130klim Krizi \u0130n\u015faat Sekt\u00f6r\u00fcn\u00fc D\u00f6n\u00fc\u015f\u00fcme Zorluyor<\/p>\n<p>Karbon Ayak \u0130zini Azaltmak \u0130n\u015faat Sekt\u00f6r\u00fcn\u00fcn Ortak Sorumlulu\u011fu<\/p>\n<p>K\u00fcresel karbon emisyonlar\u0131n\u0131n y\u00fczde 37\u2019sinden sorumlu olan in\u015faat sekt\u00f6r\u00fc, iklim krizinin en b\u00fcy\u00fck akt\u00f6rlerinden biri oldu\u011fu kadar \u00e7\u00f6z\u00fcm\u00fcn de merkezinde yer al\u0131yor. 2050 net s\u0131f\u0131r emisyon hedefi do\u011frultusunda sekt\u00f6r\u00fcn d\u00f6n\u00fc\u015f\u00fcm\u00fc ka\u00e7\u0131n\u0131lmaz hale gelirken, SPOINT \u0130n\u015faat A.\u015e. yenilenebilir enerji entegrasyonu, su ve malzeme verimlili\u011fi odakl\u0131 projeleriyle karbonsuzla\u015fma s\u00fcrecini h\u0131zland\u0131r\u0131yor. Marka, s\u00fcrd\u00fcr\u00fclebilir tasar\u0131m yakla\u015f\u0131m\u0131yla \u00e7evresel etkiyi azalt\u0131rken finansal s\u00fcrd\u00fcr\u00fclebilirli\u011fi de birlikte in\u015fa ediyor.<\/p>\n<h2>\u0130n\u015faat Sekt\u00f6r\u00fcnde 2050 Net S\u0131f\u0131r Emisyon Hedefi<\/h2>\n<p>\u0130n\u015faat end\u00fcstrisinin k\u00fcresel karbon emisyonlar\u0131ndaki pay\u0131 y\u00fczde 37\u2019ye ula\u015fm\u0131\u015f durumda. SPOINT \u0130n\u015faat A.\u015e. Y\u00f6netim Kurulu Ba\u015fkan\u0131 \u00dcnal Memi\u00e7, s\u00fcrd\u00fcr\u00fclebilir bina tasar\u0131m\u0131, yenilenebilir enerji kullan\u0131m\u0131 ve kaynak verimlili\u011fi odakl\u0131 uygulamalarla 2050 net s\u0131f\u0131r emisyon hedefine ula\u015fman\u0131n m\u00fcmk\u00fcn oldu\u011funu belirtiyor.<\/p>\n<p>Memi\u00e7\u2019e g\u00f6re, in\u015faat sekt\u00f6r\u00fcn\u00fcn karbon ayak izini azaltmas\u0131, gelecek nesillere ya\u015fanabilir bir d\u00fcnya b\u0131rakman\u0131n \u00f6n ko\u015fulu. At\u0131k ve kaynak t\u00fcketimini minimize eden, \u00e7evresel etkiyi g\u00f6zeten bir d\u00f6n\u00fc\u015f\u00fcm\u00fcn art\u0131k tercih de\u011fil zorunluluk oldu\u011funu vurgulayan Memi\u00e7, enerji verimlili\u011fi teknolojileri ile in\u015faat ve tesis y\u00f6netimi yaz\u0131l\u0131mlar\u0131n\u0131n etkin kullan\u0131m\u0131n\u0131n hem karbon sal\u0131m\u0131n\u0131 d\u00fc\u015f\u00fcrd\u00fc\u011f\u00fcn\u00fc hem de maliyet avantaj\u0131 sa\u011flad\u0131\u011f\u0131n\u0131 ifade ediyor.<\/p>\n<p>Yap\u0131m a\u015famas\u0131nda su, enerji ve hammadde t\u00fcketiminin azalt\u0131lmas\u0131; tasar\u0131m a\u015famas\u0131nda ise konforlu, g\u00fcvenli, fonksiyonel ve verimli ya\u015fam alanlar\u0131n\u0131n planlanmas\u0131, binalar\u0131n hem in\u015fa s\u00fcrecinde hem de i\u015fletme d\u00f6neminde karbon emisyonlar\u0131n\u0131 \u00f6nemli \u00f6l\u00e7\u00fcde azalt\u0131yor.<\/p>\n<h2>1,5\u00b0C Hedefi \u0130\u00e7in \u0130n\u015faatta Radikal D\u00f6n\u00fc\u015f\u00fcm \u015eart<\/h2>\n<p>K\u00fcresel \u0131s\u0131nmay\u0131 1,5\u00b0C ile s\u0131n\u0131rlama hedefi do\u011frultusunda in\u015faat sekt\u00f6r\u00fcnde b\u00fct\u00fcnc\u00fcl bir d\u00f6n\u00fc\u015f\u00fcm gerekti\u011fine dikkat \u00e7eken \u00dcnal Memi\u00e7, artan k\u00fcresel enerji talebinin yenilenebilir enerji kaynaklar\u0131n\u0131 sekt\u00f6r i\u00e7in zorunlu hale getirdi\u011fini belirtiyor.<\/p>\n<p>S\u00fcrd\u00fcr\u00fclebilir bina tasar\u0131m\u0131n\u0131n;<\/p>\n<ul>\n<li>Do\u011fru konumland\u0131rma ve y\u00f6nlendirme,<\/li>\n<li>Peyzaj ve alan optimizasyonu,<\/li>\n<li>Yenilenebilir enerji entegrasyonu,<\/li>\n<li>Uzun vadeli enerji verimlili\u011fi planlamas\u0131<\/li>\n<\/ul>\n<p>ile b\u00fct\u00fcnc\u00fcl bir yap\u0131ya kavu\u015fturulmas\u0131 gerekti\u011fini ifade ediyor. Entegre ve ak\u0131ll\u0131 malzeme kullan\u0131m\u0131n\u0131n yaln\u0131zca \u00e7evresel de\u011fil, ayn\u0131 zamanda finansal s\u00fcrd\u00fcr\u00fclebilirli\u011fi de g\u00fc\u00e7lendirdi\u011finin alt\u0131n\u0131 \u00e7iziyor.<\/p>\n<p>S\u00fcrd\u00fcr\u00fclebilir Yap\u0131lar \u0130\u00e7in At\u0131k Ak\u0131\u015flar\u0131 Azalt\u0131lmal\u0131<\/p>\n<p>SPOINT \u0130n\u015faat A.\u015e., \u00e7evreye duyarl\u0131 ve yenilik\u00e7i yap\u0131la\u015fma anlay\u0131\u015f\u0131yla in\u015faat at\u0131klar\u0131n\u0131n azalt\u0131lmas\u0131n\u0131 ve etkin y\u00f6netimini karbon ayak izini d\u00fc\u015f\u00fcrme stratejisinin temel unsurlar\u0131ndan biri olarak g\u00f6r\u00fcyor. Geri d\u00f6n\u00fc\u015ft\u00fcr\u00fclebilir, yenilenebilir ve d\u00fc\u015f\u00fck karbon ayak izine sahip malzemelerin tercih edilmesiyle projelerin \u00e7evresel etkisi minimize ediliyor.<\/p>\n<p>Su verimlili\u011finin s\u00fcrd\u00fcr\u00fclebilir yap\u0131la\u015fmada kritik bir rol oynad\u0131\u011f\u0131n\u0131 belirten Memi\u00e7, binalar\u0131n arazinin \u00e7evresel ve hidrolojik yap\u0131s\u0131n\u0131 bozmayacak \u015fekilde planlanmas\u0131 gerekti\u011fini vurguluyor. Tasar\u0131m a\u015famas\u0131ndan \u015fantiye uygulamalar\u0131na kadar su tasarrufunun \u00f6nceliklendirilmesi, artan tatl\u0131 su k\u0131tl\u0131\u011f\u0131 riski kar\u015f\u0131s\u0131nda b\u00fcy\u00fck \u00f6nem ta\u015f\u0131yor.<\/p>\n<p>SPOINT \u0130n\u015faat Hakk\u0131nda<\/p>\n<p>2015 y\u0131l\u0131nda kurulan SPOINT \u0130n\u015faat A.\u015e.; in\u015faat, taahh\u00fct ve gayrimenkul geli\u015ftirme alanlar\u0131nda hayata ge\u00e7irdi\u011fi projelerle sekt\u00f6r\u00fcn yenilik\u00e7i ve g\u00fcvenilir temsilcilerinden biri olarak konumlan\u0131yor. Bug\u00fcne kadar 217\u2019nin \u00fczerinde mimari plan, 28\u2019den fazla tamamlanm\u0131\u015f proje ve 641 ekip \u00fcyesiyle faaliyet g\u00f6steren \u015firket, modern m\u00fchendislik, fonksiyonel tasar\u0131m ve s\u00fcrd\u00fcr\u00fclebilir yap\u0131 anlay\u0131\u015f\u0131n\u0131 bir araya getiriyor.<\/p>\n<p>\u201cD\u00f6n\u00fc\u015ft\u00fcr\u00fcc\u00fc Tasar\u0131mlar\u201d yakla\u015f\u0131m\u0131 do\u011frultusunda her projede m\u00fc\u015fteri hedeflerini analiz eden, yenilik\u00e7i ve i\u015flevsel \u00e7\u00f6z\u00fcmler geli\u015ftiren SPOINT \u0130n\u015faat; kalite, g\u00fcvenilirlik ve s\u00fcrd\u00fcr\u00fclebilirli\u011fi temel ilke haline getirerek estetik, sa\u011flam ve uzun \u00f6m\u00fcrl\u00fc ya\u015fam alanlar\u0131 \u00fcretmeye devam ediyor.<\/p>\n","protected":false},"excerpt":{"rendered":"<p>Y\u00fczde 37\u2019lik Karbon Y\u00fck\u00fc: \u0130klim Krizi \u0130n\u015faat Sekt\u00f6r\u00fcn\u00fc D\u00f6n\u00fc\u015f\u00fcme Zorluyor Karbon Ayak \u0130zini Azaltmak \u0130n\u015faat Sekt\u00f6r\u00fcn\u00fcn Ortak Sorumlulu\u011fu K\u00fcresel karbon emisyonlar\u0131n\u0131n y\u00fczde 37\u2019sinden sorumlu olan in\u015faat sekt\u00f6r\u00fc, iklim krizinin en b\u00fcy\u00fck akt\u00f6rlerinden biri oldu\u011fu kadar \u00e7\u00f6z\u00fcm\u00fcn de merkezinde yer al\u0131yor. 2050 net s\u0131f\u0131r emisyon hedefi do\u011frultusunda sekt\u00f6r\u00fcn d\u00f6n\u00fc\u015f\u00fcm\u00fc ka\u00e7\u0131n\u0131lmaz hale gelirken, SPOINT \u0130n\u015faat A.\u015e. yenilenebilir [&hellip;]<\/p>\n","protected":false},"author":1,"featured_media":50606,"comment_status":"open","ping_status":"open","sticky":false,"template":"","format":"standard","meta":{"ngg_post_thumbnail":0},"categories":[5388],"tags":[17615,17970],"_links":{"self":[{"href":"https:\/\/emlaktuel.com\/index.php?rest_route=\/wp\/v2\/posts\/50605"}],"collection":[{"href":"https:\/\/emlaktuel.com\/index.php?rest_route=\/wp\/v2\/posts"}],"about":[{"href":"https:\/\/emlaktuel.com\/index.php?rest_route=\/wp\/v2\/types\/post"}],"author":[{"embeddable":true,"href":"https:\/\/emlaktuel.com\/index.php?rest_route=\/wp\/v2\/users\/1"}],"replies":[{"embeddable":true,"href":"https:\/\/emlaktuel.com\/index.php?rest_route=%2Fwp%2Fv2%2Fcomments&post=50605"}],"version-history":[{"count":1,"href":"https:\/\/emlaktuel.com\/index.php?rest_route=\/wp\/v2\/posts\/50605\/revisions"}],"predecessor-version":[{"id":50607,"href":"https:\/\/emlaktuel.com\/index.php?rest_route=\/wp\/v2\/posts\/50605\/revisions\/50607"}],"wp:featuredmedia":[{"embeddable":true,"href":"https:\/\/emlaktuel.com\/index.php?rest_route=\/wp\/v2\/media\/50606"}],"wp:attachment":[{"href":"https:\/\/emlaktuel.com\/index.php?rest_route=%2Fwp%2Fv2%2Fmedia&parent=50605"}],"wp:term":[{"taxonomy":"category","embeddable":true,"href":"https:\/\/emlaktuel.com\/index.php?rest_route=%2Fwp%2Fv2%2Fcategories&post=50605"},{"taxonomy":"post_tag","embeddable":true,"href":"https:\/\/emlaktuel.com\/index.php?rest_route=%2Fwp%2Fv2%2Ftags&post=50605"}],"curies":[{"name":"wp","href":"https:\/\/api.w.org\/{rel}","templated":true}]}}