{"id":50592,"date":"2026-02-27T16:31:19","date_gmt":"2026-02-27T13:31:19","guid":{"rendered":"https:\/\/emlaktuel.com\/?p=50592"},"modified":"2026-02-27T16:31:19","modified_gmt":"2026-02-27T13:31:19","slug":"luxera-gyo-2-3-4-mart-tarihlerinde-halka-arz-oluyor","status":"publish","type":"post","link":"https:\/\/emlaktuel.com\/?p=50592","title":{"rendered":"Luxera GYO 2-3-4 Mart tarihlerinde halka arz oluyor"},"content":{"rendered":"<p style=\"font-weight: 400;\"><em><span data-originalfontsize=\"12pt\" data-originalcomputedfontsize=\"16\">K\u00f6kl\u00fc ge\u00e7mi\u015finden gelen tecr\u00fcbesini \u0130stanbul\u2019un g\u00f6zde lokasyonlar\u0131nda geli\u015ftirdi\u011fi gayrimenkul projelerine ta\u015f\u0131yan Luxera GYO, halka a\u00e7\u0131l\u0131yor. <\/span><\/em><em><span data-originalfontsize=\"12pt\" data-originalcomputedfontsize=\"16\">Tera Yat\u0131r\u0131m liderli\u011finde ger\u00e7ekle\u015ftirilecek ve 1 milyar 446 milyon TL b\u00fcy\u00fckl\u00fc\u011fe sahip olan halka arz\u0131n talep toplama tarihleri 2-3-4 Mart 2026 olarak belirlendi.<\/span><\/em><em>&nbsp;<\/em><\/p>\n<p style=\"font-weight: 400;\"><strong><em><span data-originalfontsize=\"12pt\" data-originalcomputedfontsize=\"16\">Luxera GYO Y\u00f6netim Kurulu Ba\u015fkan\u0131 Ramazan Ta\u015f <\/span><\/em><\/strong><em><span data-originalfontsize=\"12pt\" data-originalcomputedfontsize=\"16\">halka arz detaylar\u0131n\u0131 ve gelecek d\u00f6nem planlar\u0131n\u0131 2 Mart ta d\u00fczenlemecek nas\u0131n toplant\u0131s\u0131 ile halka duyurulacak.<\/span><\/em><\/p>\n","protected":false},"excerpt":{"rendered":"<p>K\u00f6kl\u00fc ge\u00e7mi\u015finden gelen tecr\u00fcbesini \u0130stanbul\u2019un g\u00f6zde lokasyonlar\u0131nda geli\u015ftirdi\u011fi gayrimenkul projelerine ta\u015f\u0131yan Luxera GYO, halka a\u00e7\u0131l\u0131yor. Tera Yat\u0131r\u0131m liderli\u011finde ger\u00e7ekle\u015ftirilecek ve 1 milyar 446 milyon TL b\u00fcy\u00fckl\u00fc\u011fe sahip olan halka arz\u0131n talep toplama tarihleri 2-3-4 Mart 2026 olarak belirlendi.&nbsp; Luxera GYO Y\u00f6netim Kurulu Ba\u015fkan\u0131 Ramazan Ta\u015f halka arz detaylar\u0131n\u0131 ve gelecek d\u00f6nem planlar\u0131n\u0131 2 Mart ta [&hellip;]<\/p>\n","protected":false},"author":1,"featured_media":50385,"comment_status":"open","ping_status":"open","sticky":false,"template":"","format":"standard","meta":{"ngg_post_thumbnail":0},"categories":[5388],"tags":[17967],"_links":{"self":[{"href":"https:\/\/emlaktuel.com\/index.php?rest_route=\/wp\/v2\/posts\/50592"}],"collection":[{"href":"https:\/\/emlaktuel.com\/index.php?rest_route=\/wp\/v2\/posts"}],"about":[{"href":"https:\/\/emlaktuel.com\/index.php?rest_route=\/wp\/v2\/types\/post"}],"author":[{"embeddable":true,"href":"https:\/\/emlaktuel.com\/index.php?rest_route=\/wp\/v2\/users\/1"}],"replies":[{"embeddable":true,"href":"https:\/\/emlaktuel.com\/index.php?rest_route=%2Fwp%2Fv2%2Fcomments&post=50592"}],"version-history":[{"count":1,"href":"https:\/\/emlaktuel.com\/index.php?rest_route=\/wp\/v2\/posts\/50592\/revisions"}],"predecessor-version":[{"id":50593,"href":"https:\/\/emlaktuel.com\/index.php?rest_route=\/wp\/v2\/posts\/50592\/revisions\/50593"}],"wp:featuredmedia":[{"embeddable":true,"href":"https:\/\/emlaktuel.com\/index.php?rest_route=\/wp\/v2\/media\/50385"}],"wp:attachment":[{"href":"https:\/\/emlaktuel.com\/index.php?rest_route=%2Fwp%2Fv2%2Fmedia&parent=50592"}],"wp:term":[{"taxonomy":"category","embeddable":true,"href":"https:\/\/emlaktuel.com\/index.php?rest_route=%2Fwp%2Fv2%2Fcategories&post=50592"},{"taxonomy":"post_tag","embeddable":true,"href":"https:\/\/emlaktuel.com\/index.php?rest_route=%2Fwp%2Fv2%2Ftags&post=50592"}],"curies":[{"name":"wp","href":"https:\/\/api.w.org\/{rel}","templated":true}]}}