{"id":50584,"date":"2026-02-25T16:28:12","date_gmt":"2026-02-25T13:28:12","guid":{"rendered":"https:\/\/emlaktuel.com\/?p=50584"},"modified":"2026-02-25T16:29:17","modified_gmt":"2026-02-25T13:29:17","slug":"baki-gyonin-aktif-buyuklugu-321-milyar-tlye-ulasti","status":"publish","type":"post","link":"https:\/\/emlaktuel.com\/?p=50584","title":{"rendered":"Vak\u0131f GYO\u2019n\u0131n aktif b\u00fcy\u00fckl\u00fc\u011f\u00fc 32,1 milyar TL\u2019ye ula\u015ft\u0131"},"content":{"rendered":"<p><strong><span data-removefontsize=\"true\" data-originalcomputedfontsize=\"15\">Sa\u011flam portf\u00f6y yap\u0131s\u0131 ve istikrarl\u0131 yat\u0131r\u0131m stratejileriyle k\u00e2rl\u0131l\u0131k oda\u011f\u0131ndaki s\u00fcrd\u00fcr\u00fclebilir b\u00fcy\u00fcmesini kararl\u0131l\u0131kla s\u00fcrd\u00fcren Vak\u0131f GYO, 2025 y\u0131l\u0131 finansal sonu\u00e7lar\u0131n\u0131 a\u00e7\u0131klad\u0131. 2025 y\u0131l\u0131nda aktif b\u00fcy\u00fckl\u00fc\u011f\u00fcn\u00fc 31,1 milyar TL\u2019ye, \u00f6zkaynaklar\u0131n\u0131 da 24,5 milyar TL\u2019ye y\u00fckselten Vak\u0131f GYO\u2019nun net d\u00f6nem k\u00e2r\u0131 ise 780 milyon TL olarak ger\u00e7ekle\u015fti.<\/span><\/strong><\/p>\n<p><span data-removefontsize=\"true\" data-originalcomputedfontsize=\"15\">Kurulu\u015fundan bug\u00fcne bir milyon metrekarenin \u00fczerinde ya\u015fam alan\u0131na imzas\u0131n\u0131 atan Vak\u0131f Gayrimenkul Yat\u0131r\u0131m Ortakl\u0131\u011f\u0131 A\u015e, 2025 y\u0131l\u0131 finansal sonu\u00e7lar\u0131n\u0131 a\u00e7\u0131klad\u0131. De\u011fi\u015fken piyasa ko\u015fullar\u0131na ra\u011fmen g\u00fc\u00e7l\u00fc bilan\u00e7o yap\u0131s\u0131, portf\u00f6y \u00e7e\u015fitlili\u011fi ve disiplinli nakit ak\u0131\u015f\u0131 y\u00f6netimi, ihtiyatl\u0131 risk y\u00f6netimi ve payda\u015flar\u0131yla kurdu\u011fu g\u00fcvene dayal\u0131 ileti\u015fim sayesinde 2025 y\u0131l\u0131nda istikrarl\u0131 b\u00fcy\u00fcme trendini korumay\u0131 ba\u015faran Vak\u0131f GYO\u2019nun aktif b\u00fcy\u00fckl\u00fc\u011f\u00fc 31,1 milyar TL\u2019ye ula\u015ft\u0131. \u00d6zkaynaklar\u0131n\u0131 24,5 milyar TL\u2019ye y\u00fckselten Vak\u0131f GYO\u2019nun net d\u00f6nem k\u00e2r\u0131 ise 780 milyon TL olarak ger\u00e7ekle\u015fti. M\u00fc\u015fteri beklentilerini merkeze alan esnek \u00f6deme planlar\u0131 ve yenilik\u00e7i kampanyalar\u0131yla geni\u015f kitlelere ula\u015fan Vak\u0131f GYO, 2025 y\u0131l\u0131 sat\u0131\u015f ve kiralama faaliyetlerinden de 1,7 milyar TL has\u0131lat elde etti.<\/span><\/p>\n<p><span data-removefontsize=\"true\" data-originalcomputedfontsize=\"15\">Vak\u0131f GYO\u2019nun faiz geliri hari\u00e7 operasyonel verimlili\u011finin g\u00f6stergelerinden biri olan FAV\u00d6K 422 milyon TL, FAV\u00d6K Marj\u0131 ise %25 seviyesine ula\u015ft\u0131. Kaydedilen sonu\u00e7lar \u015firketin g\u00fc\u00e7l\u00fc k\u00e2rl\u0131l\u0131k yap\u0131s\u0131n\u0131 peki\u015ftirdi.&nbsp;<\/span><span data-removefontsize=\"true\" data-originalcomputedfontsize=\"15\">Kira gelirlerini, kiral\u0131k portf\u00f6y\u00fcn\u00fcn b\u00fcy\u00fcmesi etkisiyle %24 art\u0131ran Vak\u0131f GYO\u2019nun k<\/span><span data-removefontsize=\"true\" data-originalcomputedfontsize=\"15\">ira geliri 665 milyon TL, kira gelirinin toplam gelir i\u00e7indeki pay\u0131 ise %25 olarak ger\u00e7ekle\u015fti.<\/span><\/p>\n<p><strong><span data-removefontsize=\"true\" data-originalcomputedfontsize=\"15\">Onur \u0130ncehasan: \u201cKira gelirimizin ge\u00e7ti\u011fimiz y\u0131la k\u0131yasla, %24 art\u0131\u015f kaydetmesi, kira getirisi odakl\u0131 gelir modelimizin g\u00fc\u00e7lendi\u011fini ortaya koyuyor\u201d&nbsp;<\/span><\/strong><\/p>\n<p><span data-removefontsize=\"true\" data-originalcomputedfontsize=\"15\">3,2 milyar TL\u2019lik nakit varl\u0131\u011f\u0131, d\u00fc\u015f\u00fck bor\u00e7luluk rasyosuna sahip g\u00fc\u00e7l\u00fc bilan\u00e7o yap\u0131s\u0131 ve sa\u011flam \u00f6zkaynak taban\u0131n\u0131n da yard\u0131m\u0131yla mevcut portf\u00f6ylerinin de\u011ferini art\u0131ran ad\u0131mlar att\u0131klar\u0131na i\u015faret eden Vak\u0131f GYO Genel M\u00fcd\u00fcr\u00fc <strong data-removefontsize=\"true\" data-originalcomputedfontsize=\"15\">Onur \u0130ncehasan, \u201c<\/strong>Stratejik hedeflerimiz ve b\u00fcy\u00fcme modelimiz do\u011frultusunda \u0130stanbul Finans Merkezi ve Cubes Ankara projelerimizin devreye girmesiyle portf\u00f6y\u00fcm\u00fcz\u00fcn de\u011feri ve gelir yaratma kapasitesi artt\u0131. Kira gelirimizin ge\u00e7ti\u011fimiz y\u0131la k\u0131yasla %24 oran\u0131nda art\u0131\u015f kaydetmesi, kira getirisi odakl\u0131 gelir modelimizin g\u00fc\u00e7lendi\u011fini ortaya koyuyor. \u00d6n\u00fcm\u00fczdeki d\u00f6nemlerde VSancaktepe Merkez projemizin, K\u00fctahya\u2019da kentsel d\u00f6n\u00fc\u015f\u00fcm kapsam\u0131nda geli\u015ftirece\u011fimiz yeni binam\u0131z\u0131n, mevcut kiral\u0131k gayrimenkullerimizin ve planlanan yeni yat\u0131r\u0131mlar\u0131m\u0131z\u0131n, kira gelirlerimiz \u00fczerinde \u00e7arpan etkisi yarataca\u011f\u0131na inan\u0131yoruz\u201d dedi.&nbsp;<\/span><\/p>\n<p><span data-removefontsize=\"true\" data-originalcomputedfontsize=\"15\">Riskleri dengelemek ve gelir s\u00fcrd\u00fcr\u00fclebilirli\u011fini g\u00fc\u00e7lendirmek amac\u0131yla portf\u00f6ylerini farkl\u0131 gelir dinamiklerine sahip varl\u0131klarla \u00e7e\u015fitlendirmeye devam edeceklerinin de alt\u0131n\u0131 \u00e7izen \u0130ncehasan, bu kapsamda Gebze\u2019de bir veri merkezi projesini hayata ge\u00e7irmeyi planlad\u0131klar\u0131n\u0131 kaydetti. \u0130zmir\u2019in merkezi lokasyonlar\u0131ndan Konak Mersinli\u2019de hayata ge\u00e7irecekleri karma ya\u015fam projesi VYeniKonak i\u00e7in in\u015faat s\u00fcrecini ba\u015flatacak s\u00f6zle\u015fmeyi imzalad\u0131klar\u0131n\u0131 da dile getiren \u0130ncehasan, s\u00f6zlerini \u015f\u00f6yle s\u00fcrd\u00fcrd\u00fc: \u201cYap\u0131m\u0131 devam eden projelerimiz aras\u0131nda yer alan ve ticari \u00fcniteler dahil toplam 332 adet ba\u011f\u0131ms\u0131z b\u00f6l\u00fcmden olu\u015fan VSancaktepe Merkez projemizde in\u015faat ilerleme oran\u0131 %65 seviyesine ula\u015ft\u0131. Proje kapsam\u0131nda 119 adet sat\u0131\u015f vaadi s\u00f6zle\u015fmesi imzalad\u0131k. Yat\u0131r\u0131m ama\u00e7l\u0131 gayrimenkullerimiz aras\u0131nda yer alan Nidapark K\u00fc\u00e7\u00fckyal\u0131 projesindeki kalan ba\u011f\u0131ms\u0131z b\u00f6l\u00fcmlerin de sat\u0131\u015flar\u0131n\u0131 tamamlad\u0131k. Medyan Kad\u0131k\u00f6y projesinde ise 30 adet ba\u011f\u0131ms\u0131z b\u00f6l\u00fcm\u00fcn 28\u2019i i\u00e7in sat\u0131\u015f vaadi s\u00f6zle\u015fmesi imzalayarak \u00f6nemli bir sat\u0131\u015f ba\u015far\u0131s\u0131 elde ettik.\u201d<\/span><\/p>\n<p><strong><span data-removefontsize=\"true\" data-originalcomputedfontsize=\"15\">\u201c\u00dclkemizin ihtiya\u00e7lar\u0131n\u0131 do\u011fru okuyarak, yenilik\u00e7i bak\u0131\u015f a\u00e7\u0131s\u0131yla geli\u015ftirdi\u011fimiz projelerimizle sadece bug\u00fcne de\u011fil, gelece\u011fe de yat\u0131r\u0131m yap\u0131yoruz\u201d<\/span><\/strong><\/p>\n<p><span data-removefontsize=\"true\" data-originalcomputedfontsize=\"15\">Vak\u0131f GYO olarak imza att\u0131klar\u0131 her projeyi i\u00e7inde hayat\u0131n ye\u015ferece\u011fi, ailelerin huzurla ya\u015fayaca\u011f\u0131, \u00e7ocuklar\u0131n g\u00fcvenle b\u00fcy\u00fcyece\u011fi ve ticari hayat\u0131n de\u011fer \u00fcretece\u011fi nitelikli ya\u015fam alanlar\u0131 olarak ele ald\u0131klar\u0131n\u0131 ifade eden \u0130ncehasan, \u201c\u00dclkemizin ihtiya\u00e7lar\u0131n\u0131 do\u011fru okuyarak, yenilik\u00e7i ve modern bak\u0131\u015f a\u00e7\u0131s\u0131yla geli\u015ftirdi\u011fimiz konut ve ticari projelerimizle sadece bug\u00fcne de\u011fil, gelece\u011fe de yat\u0131r\u0131m yap\u0131yoruz. \u00dclkemize de\u011fer katan, aile ya\u015fam\u0131n\u0131 g\u00fc\u00e7lendiren ve ekonomik hayata s\u00fcrd\u00fcr\u00fclebilir katk\u0131 sa\u011flayan projeler \u00fcretme sorumlulu\u011fuyla faaliyetlerimize kararl\u0131l\u0131kla devam edece\u011fiz\u201d dedi.&nbsp;<\/span><\/p>\n<p><strong><span data-removefontsize=\"true\" data-originalcomputedfontsize=\"15\">\u201c\u015eirketimizi kalk\u0131nma hedefleriyle uyumlu be\u015f y\u0131ll\u0131k stratejik plan \u00e7er\u00e7evesinde y\u00f6netiyoruz\u201d&nbsp;<\/span><\/strong><\/p>\n<p><span data-removefontsize=\"true\" data-originalcomputedfontsize=\"15\">Vak\u0131f GYO\u2019nun kurumsal y\u00f6netim ilkelerine ba\u011fl\u0131, \u015feffaf, hesap verebilir ve payda\u015f memnuniyetini \u00f6nceliklendiren \u00e7al\u0131\u015fma anlay\u0131\u015f\u0131yla faaliyetlerini s\u00fcrd\u00fcrd\u00fc\u011f\u00fcn\u00fcn alt\u0131n\u0131 \u00f6nemle \u00e7izen&nbsp;<\/span><span data-removefontsize=\"true\" data-originalcomputedfontsize=\"15\">Onur \u0130ncehasan, \u201cS\u00fcrd\u00fcr\u00fclebilirlik alan\u0131ndaki sorumluluk bilincimizle; \u00e7evreye duyarl\u0131 uygulamalar\u0131 hayata ge\u00e7iriyor, t\u00fcm faaliyetlerimizde kaynak verimlili\u011fini esas alan bir yakla\u015f\u0131m\u0131 benimsiyoruz. \u015eirketimizi kalk\u0131nma hedefleriyle uyumlu be\u015f y\u0131ll\u0131k stratejik plan \u00e7er\u00e7evesinde y\u00f6neterek katma de\u011ferli toplumsal projelerimizle, hayat buldu\u011fumuz bu topraklara vefa borcumuzu \u00f6d\u00fcyoruz. Bu anlay\u0131\u015f do\u011frultusunda, 2025 y\u0131l\u0131 A\u011fustos ay\u0131nda yay\u0131mlad\u0131\u011f\u0131m\u0131z TSRS Uyumlu S\u00fcrd\u00fcr\u00fclebilirlik Raporu ile sekt\u00f6rde ilk \u00fc\u00e7 GYO aras\u0131nda yer alm\u0131\u015f bulunuyoruz. Ayr\u0131ca, Borsa \u0130stanbul S\u00fcrd\u00fcr\u00fclebilirlik Endeksi\u2019ne dahil olan, Kurumsal Y\u00f6netim Derecelendirme Notunu 9,42\u2019ye y\u00fckseltmi\u015f bir \u015firket olarak, kurumsal y\u00f6netim ilkelerini ba\u015far\u0131yla ta\u00e7land\u0131rd\u0131\u011f\u0131m\u0131z bir y\u0131l\u0131 daha geride b\u0131rakm\u0131\u015f bulunuyoruz\u201ddedi.<\/span><\/p>\n<p><strong><span data-removefontsize=\"true\" data-originalcomputedfontsize=\"15\">\u201cSekt\u00f6rde referans kurulu\u015f olma hedefimiz do\u011frultusunda \u00e7al\u0131\u015fmalar\u0131m\u0131z\u0131 kararl\u0131l\u0131kla s\u00fcrd\u00fcrece\u011fiz\u201d&nbsp;<\/span><\/strong><\/p>\n<p><span data-removefontsize=\"true\" data-originalcomputedfontsize=\"15\">2020 y\u0131l\u0131nda ba\u015flatt\u0131klar\u0131 kurumsal geli\u015fim yolculu\u011funda EFQM modelini ba\u015far\u0131yla uygulayarak s\u0131ras\u0131yla T\u00fcrkiye M\u00fckemmellik \u00d6d\u00fcl\u00fc, T\u00fcrkiye M\u00fckemmellik B\u00fcy\u00fck \u00d6d\u00fcl\u00fc, akabinde d\u00fcnyan\u0131n \u00e7e\u015fitli \u00fclkelerinden bir\u00e7ok kurulu\u015fun yer ald\u0131\u011f\u0131 EFQM k\u00fcresel \u00f6d\u00fcl s\u00fcrecinde en y\u00fcksek puan\u0131 alarak 7 elmas ile \u00f6d\u00fcl alan ilk kurulu\u015f olman\u0131n gururunu ya\u015fad\u0131klar\u0131n\u0131 ve 2025 y\u0131l\u0131nda \u00e7al\u0131\u015fan memnuniyetini ve geli\u015fimini merkeze alan g\u00fc\u00e7l\u00fc ve s\u00fcrd\u00fcr\u00fclebilir bir \u00e7al\u0131\u015fma ortam\u0131 yaratma anlay\u0131\u015f\u0131 do\u011frultusunda %91 Trust Index skoru ile Great Place to Work\u00ae\ufe0f Sertifikas\u0131 almaya hak kazand\u0131klar\u0131n\u0131 da hat\u0131rlatan \u0130ncehasan, \u201cT\u00fcrkiye\u2019nin en k\u00f6kl\u00fc bankalar\u0131ndan biri olan Vak\u0131fBank\u2019\u0131n g\u00fcc\u00fc ve deste\u011fiyle, vizyonumuzu bu b\u00fcy\u00fck deneyimle harmanlayarak; yenili\u011fe \u00f6nc\u00fcl\u00fck eden, g\u00fcvenilir ve s\u00fcrd\u00fcr\u00fclebilir projelerle, sekt\u00f6rde referans kurulu\u015f olma hedefimiz do\u011frultusunda \u00e7al\u0131\u015fmalar\u0131m\u0131z\u0131 kararl\u0131l\u0131kla s\u00fcrd\u00fcrece\u011fiz\u201d \u015feklinde konu\u015ftu.<\/span><\/p>\n<p><strong>&nbsp;<\/strong><\/p>\n<p><strong><span data-removefontsize=\"true\" data-originalcomputedfontsize=\"15\">VAKIF GYO\u2019NUN 31 ARALIK 2025 TAR\u0130HL\u0130 B\u0130LAN\u00c7OSUNUN \u00d6NEML\u0130 F\u0130NANSAL G\u00d6STERGELER\u0130:<\/span><\/strong><\/p>\n<table class=\"munged\" border=\"1\" width=\"452\" cellspacing=\"0\" cellpadding=\"0\">\n<tbody>\n<tr>\n<td valign=\"top\" width=\"52.21238938053097%\"><strong><span data-removefontsize=\"true\" data-originalcomputedfontsize=\"15\">AKT\u0130F B\u00dcY\u00dcKL\u00dcK<\/span><\/strong><\/td>\n<td valign=\"top\" width=\"47.78761061946903%\"><strong><span data-removefontsize=\"true\" data-originalcomputedfontsize=\"15\">31,1 milyar TL<\/span><\/strong><\/td>\n<\/tr>\n<tr>\n<td valign=\"top\" width=\"52.21238938053097%\"><strong><span data-removefontsize=\"true\" data-originalcomputedfontsize=\"15\">\u00d6Z KAYNAKLAR<\/span><\/strong><\/td>\n<td valign=\"top\" width=\"47.78761061946903%\"><span data-removefontsize=\"true\" data-originalcomputedfontsize=\"15\">24,5 milyar TL<\/span><\/td>\n<\/tr>\n<tr>\n<td valign=\"top\" width=\"52.21238938053097%\"><strong><span data-removefontsize=\"true\" data-originalcomputedfontsize=\"15\">P\u0130YASA DE\u011eER\u0130<\/span><\/strong><\/td>\n<td valign=\"top\" width=\"47.78761061946903%\"><span data-removefontsize=\"true\" data-originalcomputedfontsize=\"15\">8,5 milyar TL<\/span><\/td>\n<\/tr>\n<tr>\n<td valign=\"top\" width=\"52.21238938053097%\"><strong><span data-removefontsize=\"true\" data-originalcomputedfontsize=\"15\">NET D\u00d6NEM KARI<\/span><\/strong><\/td>\n<td valign=\"top\" width=\"47.78761061946903%\"><span data-removefontsize=\"true\" data-originalcomputedfontsize=\"15\">780 milyon TL<\/span><\/td>\n<\/tr>\n<tr>\n<td valign=\"top\" width=\"52.21238938053097%\"><strong><span data-removefontsize=\"true\" data-originalcomputedfontsize=\"15\">SATI\u015e&amp;K\u0130RA GEL\u0130R\u0130<\/span><\/strong><\/td>\n<td valign=\"top\" width=\"47.78761061946903%\"><span data-removefontsize=\"true\" data-originalcomputedfontsize=\"15\">1,7 milyar TL<\/span><\/td>\n<\/tr>\n<tr>\n<td valign=\"top\" width=\"52.21238938053097%\"><strong><span data-removefontsize=\"true\" data-originalcomputedfontsize=\"15\">FAV\u00d6K<\/span><\/strong><\/td>\n<td valign=\"top\" width=\"47.78761061946903%\"><span data-removefontsize=\"true\" data-originalcomputedfontsize=\"15\">422 milyon TL<\/span><\/td>\n<\/tr>\n<tr>\n<td valign=\"top\" width=\"52.21238938053097%\"><strong><span data-removefontsize=\"true\" data-originalcomputedfontsize=\"15\">NAK\u0130T VARLI\u011eI<\/span><\/strong><\/td>\n<td valign=\"top\" width=\"47.78761061946903%\"><span data-removefontsize=\"true\" data-originalcomputedfontsize=\"15\">3,2 milyar TL<\/span><\/td>\n<\/tr>\n<\/tbody>\n<\/table>\n","protected":false},"excerpt":{"rendered":"<p>Sa\u011flam portf\u00f6y yap\u0131s\u0131 ve istikrarl\u0131 yat\u0131r\u0131m stratejileriyle k\u00e2rl\u0131l\u0131k oda\u011f\u0131ndaki s\u00fcrd\u00fcr\u00fclebilir b\u00fcy\u00fcmesini kararl\u0131l\u0131kla s\u00fcrd\u00fcren Vak\u0131f GYO, 2025 y\u0131l\u0131 finansal sonu\u00e7lar\u0131n\u0131 a\u00e7\u0131klad\u0131. 2025 y\u0131l\u0131nda aktif b\u00fcy\u00fckl\u00fc\u011f\u00fcn\u00fc 31,1 milyar TL\u2019ye, \u00f6zkaynaklar\u0131n\u0131 da 24,5 milyar TL\u2019ye y\u00fckselten Vak\u0131f GYO\u2019nun net d\u00f6nem k\u00e2r\u0131 ise 780 milyon TL olarak ger\u00e7ekle\u015fti. Kurulu\u015fundan bug\u00fcne bir milyon metrekarenin \u00fczerinde ya\u015fam alan\u0131na imzas\u0131n\u0131 atan Vak\u0131f [&hellip;]<\/p>\n","protected":false},"author":1,"featured_media":50585,"comment_status":"open","ping_status":"open","sticky":false,"template":"","format":"standard","meta":{"ngg_post_thumbnail":0},"categories":[5388],"tags":[],"_links":{"self":[{"href":"https:\/\/emlaktuel.com\/index.php?rest_route=\/wp\/v2\/posts\/50584"}],"collection":[{"href":"https:\/\/emlaktuel.com\/index.php?rest_route=\/wp\/v2\/posts"}],"about":[{"href":"https:\/\/emlaktuel.com\/index.php?rest_route=\/wp\/v2\/types\/post"}],"author":[{"embeddable":true,"href":"https:\/\/emlaktuel.com\/index.php?rest_route=\/wp\/v2\/users\/1"}],"replies":[{"embeddable":true,"href":"https:\/\/emlaktuel.com\/index.php?rest_route=%2Fwp%2Fv2%2Fcomments&post=50584"}],"version-history":[{"count":2,"href":"https:\/\/emlaktuel.com\/index.php?rest_route=\/wp\/v2\/posts\/50584\/revisions"}],"predecessor-version":[{"id":50589,"href":"https:\/\/emlaktuel.com\/index.php?rest_route=\/wp\/v2\/posts\/50584\/revisions\/50589"}],"wp:featuredmedia":[{"embeddable":true,"href":"https:\/\/emlaktuel.com\/index.php?rest_route=\/wp\/v2\/media\/50585"}],"wp:attachment":[{"href":"https:\/\/emlaktuel.com\/index.php?rest_route=%2Fwp%2Fv2%2Fmedia&parent=50584"}],"wp:term":[{"taxonomy":"category","embeddable":true,"href":"https:\/\/emlaktuel.com\/index.php?rest_route=%2Fwp%2Fv2%2Fcategories&post=50584"},{"taxonomy":"post_tag","embeddable":true,"href":"https:\/\/emlaktuel.com\/index.php?rest_route=%2Fwp%2Fv2%2Ftags&post=50584"}],"curies":[{"name":"wp","href":"https:\/\/api.w.org\/{rel}","templated":true}]}}