{"id":50503,"date":"2026-02-12T11:32:43","date_gmt":"2026-02-12T08:32:43","guid":{"rendered":"https:\/\/emlaktuel.com\/?p=50503"},"modified":"2026-02-12T11:32:43","modified_gmt":"2026-02-12T08:32:43","slug":"algun-atasehir-projesinde-hafriyat-basladi-finans-merkezine-komsu-yeni-karma-yasam-alani","status":"publish","type":"post","link":"https:\/\/emlaktuel.com\/?p=50503","title":{"rendered":"Alg\u00fcn Ata\u015fehir Projesinde Hafriyat Ba\u015flad\u0131: Finans Merkezi\u2019ne Kom\u015fu Yeni Karma Ya\u015fam Alan\u0131"},"content":{"rendered":"<p>Alg\u00fcn \u0130n\u015faat, \u0130stanbul Ata\u015fehir\u2019de ger\u00e7ekle\u015ftirdi\u011fi 48\u2019inci kentsel d\u00f6n\u00fc\u015f\u00fcm projesi olan Alg\u00fcn Ata\u015fehir projesi i\u00e7in d\u00fc\u011fmeye bast\u0131. Hafriyat \u00e7al\u0131\u015fmalar\u0131na ba\u015flanan proje, Ata\u015fehir Finans Merkezi\u2019ne 1,5 kilometre mesafede yer al\u0131yor b\u00f6ylece yat\u0131r\u0131mc\u0131lar\u0131n ve b\u00f6lge sakinlerinin dikkatini \u00e7ekmekte. \u00d6n talep s\u00fcrecinin devam etti\u011f bu projede, \u201cAta\u015fehir\u2019de Yeni Zirve\u201d slogan\u0131yla konut sahibi olmak isteyen herkese lanse edildi.<\/p>\n<h2>Ata\u015fehir\u2019de Yeni bir Kentsel D\u00f6n\u00fc\u015f\u00fcm Projesi<\/h2>\n<p>Gayrimenkul sekt\u00f6r\u00fcnde 25 y\u0131ll\u0131k bir deneyime sahip olan Alg\u00fcn, \u0130stanbul\u2019daki b\u00fcy\u00fcme stratejisi kapsam\u0131nda imza projelerinden biri olan Alg\u00fcn Ata\u015fehir projesini de hayata ge\u00e7iriyor. Bat\u0131 Ata\u015fehir\u2019de yer alan bu proje, 6 bin metrekare arsada ve yakla\u015f\u0131k 40 bin metrekare in\u015faat alan\u0131 \u00fczerinde y\u00fckselmekte.<\/p>\n<h2>Toplam d\u00f6rt bloktan olu\u015fan projede:<\/h2>\n<p>&#8211; 15\u2019er katl\u0131 iki blok<\/p>\n<p>&#8211; 9 katl\u0131 bir blok<\/p>\n<p>&#8211; 5 katl\u0131 bir blok<\/p>\n<p>Bulunuyor.<\/p>\n<p>Rezidans, ofis ve ticari alanlardan olu\u015fan karma proje, toplam 267 ba\u011f\u0131ms\u0131z b\u00f6l\u00fcmden meydana geliyor. Ata\u015fehir konut projeleri aras\u0131nda \u00f6ne \u00e7\u0131kan Alg\u00fcn Ata\u015fehir, b\u00f6lgenin d\u00f6n\u00fc\u015f\u00fcm\u00fcne katk\u0131 sunmay\u0131 hedefliyor.<\/p>\n<h2>Adalar Manzaral\u0131 Havuz ve Y\u00fcksek \u00c7at\u0131 Konsepti<\/h2>\n<p>Alg\u00fcn Ata\u015fehir, y\u00fcksek \u00e7at\u0131 konsepti ve teras alanlar\u0131 ile modern bir mimariyi farkl\u0131 bir noktaya ta\u015f\u0131may\u0131 hedefiliyor. Projede yer alan:<\/p>\n<p>&#8211; Adalar manzaral\u0131 y\u00fczme havuzu<\/p>\n<p>&#8211; G\u00fcne\u015flenme teras\u0131<\/p>\n<p>&#8211; \u00c7at\u0131 kat\u0131nda mini golf sahas\u0131<\/p>\n<p>&#8211; Bah\u00e7e konsepti<\/p>\n<p>projeye ayr\u0131cal\u0131kl\u0131 bir kimlik kazand\u0131r\u0131yor.<\/p>\n<p>Sosyal donat\u0131lar aras\u0131nda ise fitness salonu, hamam, sauna, cep sinemas\u0131, oyun ve m\u00fczik odalar\u0131, \u00e7ocuk oyun alanlar\u0131 ve dinlenme alanlar\u0131 bulunuyor. Bu \u00f6zellikleriyle proje, Ata\u015fehir rezidans projeleri aras\u0131nda \u00fcst segmentte konumlan\u0131yor.<\/p>\n<h2>Merkezi Bir Konum ve G\u00fc\u00e7l\u00fc Bir Ula\u015f\u0131m A\u011f\u0131<\/h2>\n<p>Alg\u00fcn Ata\u015fehir ula\u015f\u0131m avantaj\u0131 ile de dikkat \u00e7ekiyor. Proje;<\/p>\n<p>&#8211; \u0130stanbul Finans Merkezi\u2019ne 1,5 km<\/p>\n<p>&#8211; E-5 Karayolu\u2019na 500 metre<\/p>\n<p>&#8211; TEM Otoyolu\u2019na 3 km<\/p>\n<p>&#8211; 15 Temmuz \u015eehitler K\u00f6pr\u00fcs\u00fc\u2019ne 9 km<\/p>\n<p>&#8211; Fatih Sultan Mehmet K\u00f6pr\u00fcs\u00fc\u2019ne 12 km<\/p>\n<p>&#8211; Avrasya T\u00fcneli\u2019ne 8 km<\/p>\n<p>&#8211; Sabiha G\u00f6k\u00e7en Havaliman\u0131\u2019na 19 km<\/p>\n<p>mesafede yer al\u0131yor.<\/p>\n<p>Ayr\u0131ca al\u0131\u015fveri\u015f merkezleri, hastaneler ve e\u011fitim kurumlar\u0131na yak\u0131n konumuyla Ata\u015fehir\u2019de yat\u0131r\u0131m f\u0131rsat\u0131 arayanlar i\u00e7in g\u00fc\u00e7l\u00fc bir alternatif sunuyor.<\/p>\n<p><img loading=\"lazy\" class=\"alignnone size-full wp-image-50506\" src=\"https:\/\/emlaktuel.com\/wp-content\/uploads\/2026\/02\/IMG_1475-scaled.jpeg\" alt=\"\" width=\"2560\" height=\"1706\" srcset=\"https:\/\/emlaktuel.com\/wp-content\/uploads\/2026\/02\/IMG_1475-scaled.jpeg 2560w, https:\/\/emlaktuel.com\/wp-content\/uploads\/2026\/02\/IMG_1475-750x500.jpeg 750w, https:\/\/emlaktuel.com\/wp-content\/uploads\/2026\/02\/IMG_1475-1536x1024.jpeg 1536w, https:\/\/emlaktuel.com\/wp-content\/uploads\/2026\/02\/IMG_1475-2048x1365.jpeg 2048w\" sizes=\"(max-width: 2560px) 100vw, 2560px\" \/><\/p>\n<h2>Cihat Alg\u00fcn: \u201cAta\u015fehir\u2019e S\u0131ra D\u0131\u015f\u0131 Bir Ayr\u0131cal\u0131k Getiriyoruz\u201d<\/h2>\n<p>Alg\u00fcn Y\u00f6netim Kurulu Ba\u015fkan\u0131 Cihat Alg\u00fcn, projeye ili\u015fkin yapt\u0131\u011f\u0131 a\u00e7\u0131klamada \u015funlar\u0131 s\u00f6yledi:<\/p>\n<p>\u201cBug\u00fcne kadar hayata ge\u00e7irdi\u011fimiz 48\u2019inci kentsel d\u00f6n\u00fc\u015f\u00fcm projemiz olan Alg\u00fcn Ata\u015fehir\u2019e start vermi\u015f olmaktan b\u00fcy\u00fck heyecan duyuyoruz. Karma ve konsept yap\u0131s\u0131yla modern ya\u015fam standartlar\u0131n\u0131 ve ula\u015f\u0131m kolayl\u0131\u011f\u0131n\u0131 bir arada sunuyoruz. Sosyal donat\u0131lar\u0131, y\u00fcksek \u00e7at\u0131 konsepti ve Adalar manzaral\u0131 havuzlar\u0131yla Ata\u015fehir\u2019e farkl\u0131 bir de\u011fer kat\u0131yoruz. Hedefimiz hem yurt i\u00e7inde hem de yurt d\u0131\u015f\u0131nda sekt\u00f6r\u00fcn global oyuncular\u0131 aras\u0131nda yer almak.\u201d<\/p>\n<p>Alg\u00fcn Hakk\u0131nda<\/p>\n<p>D\u00fczce merkezli Alg\u00fcn \u0130n\u015faat, 25 y\u0131ll\u0131k sekt\u00f6r deneyimiyle bug\u00fcne kadar 5 binin \u00fczerinde aileyi ev sahibi yapt\u0131. 500 bin metrekareyi a\u015fan in\u015faat alan\u0131nda 47 projeyi tamamlayan \u015firket, 2025 y\u0131l\u0131nda be\u015f projeyi teslim etti ve 150 ba\u011f\u0131ms\u0131z b\u00f6l\u00fcm sat\u0131\u015f\u0131 ger\u00e7ekle\u015ftirdi.<\/p>\n<p>\u0130stanbul\u2019daki b\u00fcy\u00fcmesini Alg\u00fcn Ata\u015fehir ve Alg\u00fcn Beylerbeyi projeleriyle s\u00fcrd\u00fcren firma, depreme dayan\u0131kl\u0131 ve nitelikli yap\u0131lar \u00fcreterek kentsel d\u00f6n\u00fc\u015f\u00fcme katk\u0131 sa\u011flamay\u0131 hedefliyor.<\/p>\n","protected":false},"excerpt":{"rendered":"<p>Alg\u00fcn \u0130n\u015faat, \u0130stanbul Ata\u015fehir\u2019de ger\u00e7ekle\u015ftirdi\u011fi 48\u2019inci kentsel d\u00f6n\u00fc\u015f\u00fcm projesi olan Alg\u00fcn Ata\u015fehir projesi i\u00e7in d\u00fc\u011fmeye bast\u0131. Hafriyat \u00e7al\u0131\u015fmalar\u0131na ba\u015flanan proje, Ata\u015fehir Finans Merkezi\u2019ne 1,5 kilometre mesafede yer al\u0131yor b\u00f6ylece yat\u0131r\u0131mc\u0131lar\u0131n ve b\u00f6lge sakinlerinin dikkatini \u00e7ekmekte. \u00d6n talep s\u00fcrecinin devam etti\u011f bu projede, \u201cAta\u015fehir\u2019de Yeni Zirve\u201d slogan\u0131yla konut sahibi olmak isteyen herkese lanse edildi. Ata\u015fehir\u2019de Yeni [&hellip;]<\/p>\n","protected":false},"author":1,"featured_media":50504,"comment_status":"open","ping_status":"open","sticky":false,"template":"","format":"standard","meta":{"ngg_post_thumbnail":0},"categories":[5219,219,5388],"tags":[17874,17875,17880,17881,17876,17878,17877,17879],"_links":{"self":[{"href":"https:\/\/emlaktuel.com\/index.php?rest_route=\/wp\/v2\/posts\/50503"}],"collection":[{"href":"https:\/\/emlaktuel.com\/index.php?rest_route=\/wp\/v2\/posts"}],"about":[{"href":"https:\/\/emlaktuel.com\/index.php?rest_route=\/wp\/v2\/types\/post"}],"author":[{"embeddable":true,"href":"https:\/\/emlaktuel.com\/index.php?rest_route=\/wp\/v2\/users\/1"}],"replies":[{"embeddable":true,"href":"https:\/\/emlaktuel.com\/index.php?rest_route=%2Fwp%2Fv2%2Fcomments&post=50503"}],"version-history":[{"count":1,"href":"https:\/\/emlaktuel.com\/index.php?rest_route=\/wp\/v2\/posts\/50503\/revisions"}],"predecessor-version":[{"id":50507,"href":"https:\/\/emlaktuel.com\/index.php?rest_route=\/wp\/v2\/posts\/50503\/revisions\/50507"}],"wp:featuredmedia":[{"embeddable":true,"href":"https:\/\/emlaktuel.com\/index.php?rest_route=\/wp\/v2\/media\/50504"}],"wp:attachment":[{"href":"https:\/\/emlaktuel.com\/index.php?rest_route=%2Fwp%2Fv2%2Fmedia&parent=50503"}],"wp:term":[{"taxonomy":"category","embeddable":true,"href":"https:\/\/emlaktuel.com\/index.php?rest_route=%2Fwp%2Fv2%2Fcategories&post=50503"},{"taxonomy":"post_tag","embeddable":true,"href":"https:\/\/emlaktuel.com\/index.php?rest_route=%2Fwp%2Fv2%2Ftags&post=50503"}],"curies":[{"name":"wp","href":"https:\/\/api.w.org\/{rel}","templated":true}]}}